{"id":77734,"date":"2025-11-01T00:37:09","date_gmt":"2025-11-01T00:37:09","guid":{"rendered":"https:\/\/www.europesays.com\/fi\/77734\/"},"modified":"2025-11-01T00:37:09","modified_gmt":"2025-11-01T00:37:09","slug":"nama-samsung-laitteet-vastaanottavat-talla-hetkella-one-ui-8","status":"publish","type":"post","link":"https:\/\/www.europesays.com\/fi\/77734\/","title":{"rendered":"N\u00e4m\u00e4 Samsung-laitteet vastaanottavat t\u00e4ll\u00e4 hetkell\u00e4 One UI 8"},"content":{"rendered":"<p class=\"gt-block\">Lokakuu on p\u00e4\u00e4ttym\u00e4ss\u00e4 ja Samsung viimeistelee hitaasti julkaisua. One UI 8 tuettuihin laitteisiin. Marraskuun alussa p\u00e4ivitys julkaistaan \u200b\u200buusimpiin malleihin eli halvimpiin ja vanhimpiin, mutta sit\u00e4 ennen p\u00e4ivityksen saavat sarjan tabletit. Galaxy Tab S8 ja halpoja puhelimia.\u00a0<\/p>\n<p class=\"gt-block\">Samsung julkaisi t\u00e4ll\u00e4 viikolla One UI 8 per <b>Galaxy F15 5G<\/b>, kun p\u00e4ivityksen koko on 2 312,55 Mt ja se sis\u00e4lt\u00e4\u00e4 laiteohjelmistoversion E156BXXU7CYJ5. Se sis\u00e4lt\u00e4\u00e4 my\u00f6s lokakuun tietoturvakorjauksen. Malli sai my\u00f6s toisen merkitt\u00e4v\u00e4n j\u00e4rjestelm\u00e4p\u00e4ivityksens\u00e4 <b>Galaxy F55<\/b>Sen p\u00e4ivitys sis\u00e4lt\u00e4\u00e4 laiteohjelmistoversion E556BXXU4CYJ4 ja on kooltaan yli 2,5 Gt. Se sis\u00e4lt\u00e4\u00e4 my\u00f6s lokakuun 2025 tietoturvakorjauksen. Molemmat p\u00e4ivitykset ovat jo saatavilla Intian markkinoilla.\u00a0<\/p>\n<p class=\"gt-block\">Galaxy F55 lanseerattiin vuoden 2024 puoliv\u00e4liss\u00e4 Android 14:ll\u00e4 ja p\u00e4\u00e4llirakenteella One UI 6.0. Aiemmin t\u00e4n\u00e4 vuonna puhelin sai p\u00e4ivityksen Android 15:een, jossa on One UI 7.0 ja nyt se saa uusimman p\u00e4ivityksen (Android 16 ja One UI 8.0). Koska Samsung lupasi sille nelj\u00e4 j\u00e4rjestelm\u00e4p\u00e4ivityst\u00e4, Galaxy F55 saa kaksi p\u00e4ivityst\u00e4 lis\u00e4\u00e4 (Android 17:\u00e4\u00e4n ja sitten Android 18:aan). P\u00e4ivitys on kuitenkin julkaistu my\u00f6s seuraaville laitteille: Galaxy A07.FLaiteohjelmisto on versio <strong>A075FXXU1BYJA<\/strong>\u00a0ja sen latauskoko on noin 2,3 Gt. Se sis\u00e4lt\u00e4\u00e4\u00a0Lokakuun 2025 tietoturvakorjausKoska kyseess\u00e4 on suhteellisen uusi puhelin, t\u00e4m\u00e4 on sen ensimm\u00e4inen merkitt\u00e4v\u00e4 p\u00e4ivitys.<\/p>\n<p>                                <a href=\"https:\/\/samsungmagazine.eu\/fi\/2025\/10\/29\/one-ui-8-zpusobuje-problemy-s-baterii\/\" class=\"thumbnail\" title=\"One UI 8 aiheuttaa akkuongelmiaa ja k\u00e4ytt\u00e4j\u00e4t ovat \u00f6p\u00e4toivoisia. Mutta Samsung keksii tekosyit\u00e4\" rel=\"nofollow noopener\" target=\"_blank\"><\/p>\n<p>    <img decoding=\"async\" class=\"lazyload landscape \"  data- src=\"https:\/\/www.europesays.com\/fi\/wp-content\/uploads\/2025\/11\/Baterie-cover.jpg\" title=\"Akun kansi\" alt=\"Akun kansi\" data-caption=\"\" data-orig-width=\"1900\" data-orig-height=\"1425\"\/><br \/>\n                    <\/a><\/p>\n<p><b>One UI 8 my\u00f6s tableteille<\/b>\u00a0<\/p>\n<p class=\"gt-block\">One UI 8 saa tukea my\u00f6s useilla alueilla (erityisesti Euroopassa, Turkissa, Indonesiassa ja Malesiassa) <b>Galaxy Tab Active 5 kohti<\/b>. Koontinumero on X356BXXU3BYJ4, lokakuun tietoturvakorjaus. Mielenkiintoisempaa on, ett\u00e4 koko valikoima on vihdoin saapunut. <b>Galaxy Tab S8<\/b>, erityisesti mallit Galaxy Tab S8, Tab S8+ ja Tab S8 UltraNiiden omistajat One UI 8 kappaletta julkaistiin Etel\u00e4-Korean, Intian, Euroopan, Turkin, Malesian ja Filippiinien markkinoilla.\u00a0<\/p>\n<p class=\"gt-block\">Pro-malli Galaxy Tab S8+ P\u00e4ivitys on kooltaan 3,6 Gt, sen koontinumero on X806BXXU9EYJ4 ja se sis\u00e4lt\u00e4\u00e4 lokakuun tietoturvakorjauksen. Laadustaan \u200b\u200bhuolimatta monet Galaxy Tab S8 ei saa sit\u00e4 kiinni One UI 9 ja p\u00e4\u00e4tyy luultavasti tulevaan One UI 8.5. \u00a0<\/p>\n","protected":false},"excerpt":{"rendered":"Lokakuu on p\u00e4\u00e4ttym\u00e4ss\u00e4 ja Samsung viimeistelee hitaasti julkaisua. One UI 8 tuettuihin laitteisiin. Marraskuun alussa p\u00e4ivitys julkaistaan \u200b\u200buusimpiin&hellip;\n","protected":false},"author":2,"featured_media":77735,"comment_status":"","ping_status":"","sticky":false,"template":"","format":"standard","meta":{"footnotes":""},"categories":[86],"tags":[420,33,31,30,421,32,91,92],"class_list":{"0":"post-77734","1":"post","2":"type-post","3":"status-publish","4":"format-standard","5":"has-post-thumbnail","7":"category-laitteet","8":"tag-equipment","9":"tag-fi","10":"tag-finland","11":"tag-finnish","12":"tag-laitteet","13":"tag-suomi","14":"tag-technology","15":"tag-teknologia"},"share_on_mastodon":{"url":"https:\/\/pubeurope.com\/@fi\/115471649641812027","error":""},"_links":{"self":[{"href":"https:\/\/www.europesays.com\/fi\/wp-json\/wp\/v2\/posts\/77734","targetHints":{"allow":["GET"]}}],"collection":[{"href":"https:\/\/www.europesays.com\/fi\/wp-json\/wp\/v2\/posts"}],"about":[{"href":"https:\/\/www.europesays.com\/fi\/wp-json\/wp\/v2\/types\/post"}],"author":[{"embeddable":true,"href":"https:\/\/www.europesays.com\/fi\/wp-json\/wp\/v2\/users\/2"}],"replies":[{"embeddable":true,"href":"https:\/\/www.europesays.com\/fi\/wp-json\/wp\/v2\/comments?post=77734"}],"version-history":[{"count":0,"href":"https:\/\/www.europesays.com\/fi\/wp-json\/wp\/v2\/posts\/77734\/revisions"}],"wp:featuredmedia":[{"embeddable":true,"href":"https:\/\/www.europesays.com\/fi\/wp-json\/wp\/v2\/media\/77735"}],"wp:attachment":[{"href":"https:\/\/www.europesays.com\/fi\/wp-json\/wp\/v2\/media?parent=77734"}],"wp:term":[{"taxonomy":"category","embeddable":true,"href":"https:\/\/www.europesays.com\/fi\/wp-json\/wp\/v2\/categories?post=77734"},{"taxonomy":"post_tag","embeddable":true,"href":"https:\/\/www.europesays.com\/fi\/wp-json\/wp\/v2\/tags?post=77734"}],"curies":[{"name":"wp","href":"https:\/\/api.w.org\/{rel}","templated":true}]}}