{"id":77744,"date":"2025-11-01T00:52:08","date_gmt":"2025-11-01T00:52:08","guid":{"rendered":"https:\/\/www.europesays.com\/fi\/77744\/"},"modified":"2025-11-01T00:52:08","modified_gmt":"2025-11-01T00:52:08","slug":"sanoma-sulkee-painolaitoksensa-tampereen-sarankulmassa-kaikkiaan-65-tyosuhdetta-paattyy-kotimaa","status":"publish","type":"post","link":"https:\/\/www.europesays.com\/fi\/77744\/","title":{"rendered":"Sanoma sulkee paino\u00adlaitoksensa Tampereen Sarankulmassa \u2013 kaikkiaan 65 ty\u00f6suhdetta p\u00e4\u00e4ttyy | Kotimaa"},"content":{"rendered":"<p class=\"aw-1gybjub aw-5vja16 ghpEtB kjanFo yle__article__paragraph\">Sanoma Manun painolaitos tullaan sulkemaan vuoden\u00advaihteeseen menness\u00e4. P\u00e4\u00e4t\u00f6s on osa Sanoma Media Finlandin muutos\u00adneuvotteluita.<\/p>\n<p><img decoding=\"async\" alt=\"L\u00e4hikuva Sanoma Manun painotalon logosta.\" src=\"https:\/\/www.europesays.com\/fi\/wp-content\/uploads\/2025\/11\/39-152102368c2b80b3c316.jpeg\" class=\"aw-1l9m598 hKVVvP\"\/><\/p>\n<p>Avaa kuvien katselu<\/p>\n<p>Sanoma Manun painolaitos sijaitsee Tampereen Sarankulmassa. Kuva: Jani Aarnio \/ Yle<\/p>\n<p>31.10. 14:49\u2022P\u00e4ivitetty 31.10. 14:49<\/p>\n<p class=\"aw-1gybjub aw-1p7kakr ghpEtB jtovHP yle__article__paragraph\">Sanoma Media Finland sulkee Sanoma Manun painolaitoksen, joka sijaitsee Tampereen Sarankulmassa. P\u00e4\u00e4t\u00f6ksen tuloksena 65 ty\u00f6suhdetta p\u00e4\u00e4ttyy.<\/p>\n<p class=\"aw-1gybjub aw-1p7kakr ghpEtB jtovHP yle__article__paragraph\">Painolaitoksen sulkeminen on osa Sanoma Media Finlandin muutosneuvotteluita.<\/p>\n<p class=\"aw-1gybjub aw-1p7kakr ghpEtB jtovHP yle__article__paragraph\"><a class=\"aw-iao6s4 iHOxEa yle__article__link\" href=\"https:\/\/yle.fi\/a\/74-20182389\" role=\"link\" rel=\"nofollow noopener\" target=\"_blank\">Yhti\u00f6 kertoi jo syyskuussa<\/a> harkitsevansa painotoimintansa keskitt\u00e4mist\u00e4 p\u00e4\u00e4kaupunkiseudulle Sanomalaan, Suomen suurimpaan lehtipainoon, ja Tampereen painolaitoksen sulkemista.<\/p>\n<p class=\"aw-1gybjub aw-1p7kakr ghpEtB jtovHP yle__article__paragraph\">Neuvottelujen piiriss\u00e4 olleille on tarjolla nelj\u00e4 vakituista ty\u00f6suhdetta ja 7\u201312 m\u00e4\u00e4r\u00e4aikaista ty\u00f6suhdetta yhti\u00f6n sis\u00e4ll\u00e4.<\/p>\n<p class=\"aw-1gybjub aw-1p7kakr ghpEtB jtovHP yle__article__paragraph\">Sanoman tiedotteen mukaan painopaikan muutoksella ei ole vaikutuksia Aamulehden tai Satakunnan Kansan jakeluaikatauluun. Lehdet tullaan jakamaan tilaajille samassa aikataulussa kuin ennenkin.<\/p>\n<p class=\"aw-1gybjub aw-1p7kakr ghpEtB jtovHP yle__article__paragraph\">My\u00f6s toimitukset Pirkanmaalla ja Satakunnassa jatkavat nykyisill\u00e4 paikkakunnillaan.<\/p>\n<p class=\"aw-1gybjub aw-1p7kakr ghpEtB jtovHP yle__article__paragraph\">Aamulehden p\u00e4\u00e4toimittaja <strong class=\"aw-ak79eh KyCXm yle__article__strong\">Sanna Keskinen<\/strong> kuitenkin kertoo tiedotteessa muutoksen vaikuttavan Aamulehden ja Satakunnan Kansan painoaikatauluun. Aikataulun aikaistumisen my\u00f6t\u00e4 joitain my\u00f6h\u00e4isillan uutisia j\u00e4\u00e4 pois painetusta lehdest\u00e4.<\/p>\n<p class=\"aw-1gybjub aw-1p7kakr ghpEtB jtovHP yle__article__paragraph\">\u2013 My\u00f6h\u00e4isillan uutiset ja urheilun l\u00f6yt\u00e4\u00e4 jatkossa n\u00e4k\u00f6islehden p\u00e4ivittyv\u00e4st\u00e4 versiosta ja verkon uutissy\u00f6tteest\u00e4, Keskinen toteaa tiedotteessa.<\/p>\n","protected":false},"excerpt":{"rendered":"Sanoma Manun painolaitos tullaan sulkemaan vuoden\u00advaihteeseen menness\u00e4. P\u00e4\u00e4t\u00f6s on osa Sanoma Media Finlandin muutos\u00adneuvotteluita. Avaa kuvien katselu Sanoma&hellip;\n","protected":false},"author":2,"featured_media":77745,"comment_status":"","ping_status":"","sticky":false,"template":"","format":"standard","meta":{"footnotes":""},"categories":[12],"tags":[22,23,26,27,33,31,30,17,71,11163,24,25,28,29,1077,9298,3514,15,18,21,553,16270,8869,32,78,551,19,20,16,1356],"class_list":{"0":"post-77744","1":"post","2":"type-post","3":"status-publish","4":"format-standard","5":"has-post-thumbnail","7":"category-suomi","8":"tag-breaking-news","9":"tag-breakingnews","10":"tag-featured-news","11":"tag-featurednews","12":"tag-fi","13":"tag-finland","14":"tag-finnish","15":"tag-headlines","16":"tag-kotimaa","17":"tag-kustantajat","18":"tag-latest-news","19":"tag-latestnews","20":"tag-main-news","21":"tag-mainnews","22":"tag-media","23":"tag-media-ala","24":"tag-muutosneuvottelut","25":"tag-news","26":"tag-otsikot","27":"tag-paauutiset","28":"tag-pirkanmaa","29":"tag-sanoma","30":"tag-sanoma-media-finland","31":"tag-suomi","32":"tag-talous","33":"tag-tampere","34":"tag-top-stories","35":"tag-topstories","36":"tag-uutiset","37":"tag-yritykset"},"share_on_mastodon":{"url":"https:\/\/pubeurope.com\/@fi\/115471708713950310","error":""},"_links":{"self":[{"href":"https:\/\/www.europesays.com\/fi\/wp-json\/wp\/v2\/posts\/77744","targetHints":{"allow":["GET"]}}],"collection":[{"href":"https:\/\/www.europesays.com\/fi\/wp-json\/wp\/v2\/posts"}],"about":[{"href":"https:\/\/www.europesays.com\/fi\/wp-json\/wp\/v2\/types\/post"}],"author":[{"embeddable":true,"href":"https:\/\/www.europesays.com\/fi\/wp-json\/wp\/v2\/users\/2"}],"replies":[{"embeddable":true,"href":"https:\/\/www.europesays.com\/fi\/wp-json\/wp\/v2\/comments?post=77744"}],"version-history":[{"count":0,"href":"https:\/\/www.europesays.com\/fi\/wp-json\/wp\/v2\/posts\/77744\/revisions"}],"wp:featuredmedia":[{"embeddable":true,"href":"https:\/\/www.europesays.com\/fi\/wp-json\/wp\/v2\/media\/77745"}],"wp:attachment":[{"href":"https:\/\/www.europesays.com\/fi\/wp-json\/wp\/v2\/media?parent=77744"}],"wp:term":[{"taxonomy":"category","embeddable":true,"href":"https:\/\/www.europesays.com\/fi\/wp-json\/wp\/v2\/categories?post=77744"},{"taxonomy":"post_tag","embeddable":true,"href":"https:\/\/www.europesays.com\/fi\/wp-json\/wp\/v2\/tags?post=77744"}],"curies":[{"name":"wp","href":"https:\/\/api.w.org\/{rel}","templated":true}]}}