{"id":77767,"date":"2025-11-01T01:44:08","date_gmt":"2025-11-01T01:44:08","guid":{"rendered":"https:\/\/www.europesays.com\/fi\/77767\/"},"modified":"2025-11-01T01:44:08","modified_gmt":"2025-11-01T01:44:08","slug":"bara-bada-bastu-on-yksi-taman-vuoden-nimista-uutisia-lyhyesti","status":"publish","type":"post","link":"https:\/\/www.europesays.com\/fi\/77767\/","title":{"rendered":"Bara bada bastu on yksi t\u00e4m\u00e4n vuoden nimist\u00e4 | Uutisia lyhyesti"},"content":{"rendered":"<p class=\"aw-1gybjub aw-5vja16 ghpEtB kjanFo yle__article__paragraph\">Vuoden nimen \u00e4\u00e4nestykseen osallistui 39 nimist\u00f6ntutkimuksen, -huollon ja -suunnittelun asiantuntijaa.<\/p>\n<p><img decoding=\"async\" alt=\"KAJ esiintyy punaisissa valoissa.\" src=\"https:\/\/www.europesays.com\/fi\/wp-content\/uploads\/2025\/11\/39-146730468290251622fd.jpeg\" class=\"aw-1l9m598 hKVVvP\"\/><\/p>\n<p>Avaa kuvien katselu<\/p>\n<p>V\u00f6yril\u00e4inen KAJ edusti Ruotsia t\u00e4m\u00e4n vuoden euroviisuissa. Kuva: Sarah Louise Bennett \/ EBU <\/p>\n<p class=\"aw-1gybjub aw-1p7kakr ghpEtB jtovHP yle__article__paragraph\">Vuoden nimeksi on t\u00e4n\u00e4 vuonna valittu per\u00e4ti kolme nime\u00e4: Nimist\u00f6tutkimuksen p\u00e4ivill\u00e4 t\u00e4n\u00e4\u00e4n perjantaina j\u00e4rjestetyss\u00e4 \u00e4\u00e4nestyksess\u00e4 Telepaatti, Juristiliitto ja Bara Bada Bastu p\u00e4\u00e4tyiv\u00e4t tasatulokseen, joten ne kaikki ovat vuoden nimi\u00e4, Helsingin yliopisto tiedottaa.<\/p>\n<p class=\"aw-1gybjub aw-1p7kakr ghpEtB jtovHP yle__article__paragraph\">N\u00e4in nimist\u00e4 \u00e4\u00e4nest\u00e4neet asiantuntijat perustelevat n\u00e4kemyksi\u00e4\u00e4n:<\/p>\n<ul class=\"aw-1jjocuh iJTSwP yle__article__list yle__article__list--ul\">\n<li class=\"aw-1j7gwms eEeLbO\">Ruotsia Euroviisuissa 2025 edustanut v\u00f6yril\u00e4inen KAJ-yhtye sijoittui kappaleellaan Bara Bada Bastu nelj\u00e4nneksi. Edustuskappaleen nimi on taideteos jo itsess\u00e4\u00e4n, sen kaksitavuiset ba-alkuiset sanat sopivat hienosti yhteen alku- ja loppusointujen ansiosta. Kieliasiantuntijoita ilahduttaa my\u00f6s nimen ja kappaleen ruotsinkielisyys \u2013 kyseess\u00e4 oli Ruotsin ensimm\u00e4inen ruotsinkielinen euroviisukappale 2000-luvulla.<\/li>\n<li class=\"aw-1j7gwms eEeLbO\">Lakimiesliitto tiedotti toukokuussa 2025 vaihtavansa nimekseen Juristiliitto. Nimenmuutos on positiivinen esimerkki tasa-arvoa edist\u00e4v\u00e4st\u00e4 sukupuolineutraalista kielenk\u00e4yt\u00f6st\u00e4. Sana juristi on yleisesti tunnettu, joten nimi lienee my\u00f6s helposti ymm\u00e4rrett\u00e4v\u00e4 my\u00f6s tavallisille kansalaisille. Lis\u00e4ksi uusi nimi vastaa paremmin j\u00e4rjest\u00f6n ruotsinkielist\u00e4 nime\u00e4, joka oli jo entuudestaan Juristf\u00f6rbundet.<\/li>\n<li class=\"aw-1j7gwms eEeLbO\">Telepaatti on kaapelinlaskualus, joka nousi uutisiin joulup\u00e4iv\u00e4n\u00e4 2024 Suomenlahdella tapahtuneen kaapelivaurion my\u00f6t\u00e4. Nimi kuvaa kohdettaan mainiosti: alkuosa tele- viittaa aluksen toimialaan sek\u00e4 aiempaan omistajaan (Posti- ja telelaitos), loppuosa -paatti taas kertoo, ett\u00e4 kohde on laiva. Lis\u00e4ksi nimen voi n\u00e4hd\u00e4 humoristisena viittauksena telepatiaan.<\/li>\n<\/ul>\n<p class=\"aw-1gybjub aw-1p7kakr ghpEtB jtovHP yle__article__paragraph\">Vuoden nimen \u00e4\u00e4nestykseen osallistui 39 nimist\u00f6ntutkimuksen, -huollon ja -suunnittelun asiantuntijaa.<\/p>\n","protected":false},"excerpt":{"rendered":"Vuoden nimen \u00e4\u00e4nestykseen osallistui 39 nimist\u00f6ntutkimuksen, -huollon ja -suunnittelun asiantuntijaa. Avaa kuvien katselu V\u00f6yril\u00e4inen KAJ edusti Ruotsia t\u00e4m\u00e4n&hellip;\n","protected":false},"author":2,"featured_media":77768,"comment_status":"","ping_status":"","sticky":false,"template":"","format":"standard","meta":{"footnotes":""},"categories":[12],"tags":[22,23,26,27,33,31,30,17,466,16461,10559,1344,71,24,25,28,29,15,16459,16460,18,21,32,19,20,16],"class_list":{"0":"post-77767","1":"post","2":"type-post","3":"status-publish","4":"format-standard","5":"has-post-thumbnail","7":"category-suomi","8":"tag-breaking-news","9":"tag-breakingnews","10":"tag-featured-news","11":"tag-featurednews","12":"tag-fi","13":"tag-finland","14":"tag-finnish","15":"tag-headlines","16":"tag-helsingin-yliopisto","17":"tag-juristiliitto","18":"tag-kaj-yhtye","19":"tag-kielet","20":"tag-kotimaa","21":"tag-latest-news","22":"tag-latestnews","23":"tag-main-news","24":"tag-mainnews","25":"tag-news","26":"tag-nimet","27":"tag-nimistotutkimus","28":"tag-otsikot","29":"tag-paauutiset","30":"tag-suomi","31":"tag-top-stories","32":"tag-topstories","33":"tag-uutiset"},"share_on_mastodon":{"url":"https:\/\/pubeurope.com\/@fi\/115471913151211475","error":""},"_links":{"self":[{"href":"https:\/\/www.europesays.com\/fi\/wp-json\/wp\/v2\/posts\/77767","targetHints":{"allow":["GET"]}}],"collection":[{"href":"https:\/\/www.europesays.com\/fi\/wp-json\/wp\/v2\/posts"}],"about":[{"href":"https:\/\/www.europesays.com\/fi\/wp-json\/wp\/v2\/types\/post"}],"author":[{"embeddable":true,"href":"https:\/\/www.europesays.com\/fi\/wp-json\/wp\/v2\/users\/2"}],"replies":[{"embeddable":true,"href":"https:\/\/www.europesays.com\/fi\/wp-json\/wp\/v2\/comments?post=77767"}],"version-history":[{"count":0,"href":"https:\/\/www.europesays.com\/fi\/wp-json\/wp\/v2\/posts\/77767\/revisions"}],"wp:featuredmedia":[{"embeddable":true,"href":"https:\/\/www.europesays.com\/fi\/wp-json\/wp\/v2\/media\/77768"}],"wp:attachment":[{"href":"https:\/\/www.europesays.com\/fi\/wp-json\/wp\/v2\/media?parent=77767"}],"wp:term":[{"taxonomy":"category","embeddable":true,"href":"https:\/\/www.europesays.com\/fi\/wp-json\/wp\/v2\/categories?post=77767"},{"taxonomy":"post_tag","embeddable":true,"href":"https:\/\/www.europesays.com\/fi\/wp-json\/wp\/v2\/tags?post=77767"}],"curies":[{"name":"wp","href":"https:\/\/api.w.org\/{rel}","templated":true}]}}