{"id":77788,"date":"2025-11-01T02:36:11","date_gmt":"2025-11-01T02:36:11","guid":{"rendered":"https:\/\/www.europesays.com\/fi\/77788\/"},"modified":"2025-11-01T02:36:11","modified_gmt":"2025-11-01T02:36:11","slug":"ethan-hakenut-tanne-toihin-poliisilta-uutta-tietoa-iltalehti","status":"publish","type":"post","link":"https:\/\/www.europesays.com\/fi\/77788\/","title":{"rendered":"Eth\u00e4n hakenut t\u00e4nne t\u00f6ihin? Poliisilta uutta tietoa &#8211; Iltalehti"},"content":{"rendered":"<ol>\n<li><a href=\"https:\/\/news.google.com\/rss\/articles\/CBMigAFBVV95cUxOd3hmdEJwdlcxMXZLQmJ6WUxzbE1fcFJTSUtDQTJWN01uUk1Pc2FZOHhfdGlhMVFhY0ZpZzdtZnByZElLMjBjMnpvajNUczlLUFBUdloyWDhuUk9BOThfR1d0RjRNWkdqZjVnTlAzUmFrZ0txY2VOSDJ2b2VHcTMyNA?oc=5\" target=\"_blank\" rel=\"nofollow noopener\">Eth\u00e4n hakenut t\u00e4nne t\u00f6ihin? Poliisilta uutta tietoa<\/a>&nbsp;&nbsp;Iltalehti<\/li>\n<li><a href=\"https:\/\/news.google.com\/rss\/articles\/CBMiQkFVX3lxTFB1cmYxcDJIaGJ0cDZ2a3VRUDZ4eEtYakUwMkNPMFJYbXg3TlhTamU2UVEwWHdnUS1fMVRqa2NEb1JVZw?oc=5\" target=\"_blank\" rel=\"nofollow noopener\">Poliisi on edistynyt valeravintolaan liittyv\u00e4ss\u00e4 tutkinnassa \u2013 henkil\u00f6tietojen kalastelu ei onnistunut<\/a>&nbsp;&nbsp;Yle<\/li>\n<li><a href=\"https:\/\/news.google.com\/rss\/articles\/CBMiY0FVX3lxTFB2QzR4TUxJRTBkYjdzZkdVeWkxU19hdmswa0Ric3JWNVVFU2l3TGdpT1QzRlZQOE9XWUdoa2Y5dzM2aXZjcWh3M3lCLUtKRnllT0ZlRk9saW4tTC1NQXdkTEtfUQ?oc=5\" target=\"_blank\" rel=\"nofollow noopener\">Uutta tietoa \u201dtamperelaisesta\u201d valeravintolasta \u2013 j\u00e4ljet viev\u00e4t kauas Tampereelta<\/a>&nbsp;&nbsp;Aamulehti<\/li>\n<li><a href=\"https:\/\/news.google.com\/rss\/articles\/CBMiV0FVX3lxTE9tSHZxQUhNalBWRGlOakJocTB6cjBNZW5nQTJ4aDZPSFMxRXc0NDBoc0x6RHR0ckp5c0x0bTNKM0tydlhjelZHYWpIaWxyZ1lTRVBQN3kwRQ?oc=5\" target=\"_blank\" rel=\"nofollow noopener\">Valeravintola-tutkinta | Poliisi paljasti rikosnimikkeen Tamperelaisen viime viikolla uutisoimalle valeravintolalle \u2013 Nyt syyniss\u00e4 my\u00f6s valelakiasiantuntija<\/a>&nbsp;&nbsp;Keskisuomalainen<\/li>\n<li><a href=\"https:\/\/news.google.com\/rss\/articles\/CBMiYkFVX3lxTFBsUTE2cEhIcElQZ0ZoV1Y3ZVNkVjhvbUJucncwY3Z4ZHdlNkstZkRvRWh3cU5sTzUwUVJEM0tVdXZrM3BDUUN5SXFnbHo2WWxmRzFpVmhiemxxdG5fcFlNYkxn?oc=5\" target=\"_blank\" rel=\"nofollow noopener\">Tapaus Tampereen valeravintola: Poliisi aloitti tutkinnan<\/a>&nbsp;&nbsp;Savon Sanomat<\/li>\n<\/ol>\n","protected":false},"excerpt":{"rendered":"Eth\u00e4n hakenut t\u00e4nne t\u00f6ihin? Poliisilta uutta tietoa&nbsp;&nbsp;Iltalehti Poliisi on edistynyt valeravintolaan liittyv\u00e4ss\u00e4 tutkinnassa \u2013 henkil\u00f6tietojen kalastelu ei onnistunut&nbsp;&nbsp;Yle&hellip;\n","protected":false},"author":2,"featured_media":77789,"comment_status":"","ping_status":"","sticky":false,"template":"","format":"standard","meta":{"footnotes":""},"categories":[12],"tags":[35,22,23,26,27,33,31,30,17,55,53,24,25,28,29,15,18,21,54,103,32,19,20,546,16],"class_list":{"0":"post-77788","1":"post","2":"type-post","3":"status-publish","4":"format-standard","5":"has-post-thumbnail","7":"category-suomi","8":"tag-24h","9":"tag-breaking-news","10":"tag-breakingnews","11":"tag-featured-news","12":"tag-featurednews","13":"tag-fi","14":"tag-finland","15":"tag-finnish","16":"tag-headlines","17":"tag-lainvalvonta","18":"tag-laki-oikeus-ja-rikos","19":"tag-latest-news","20":"tag-latestnews","21":"tag-main-news","22":"tag-mainnews","23":"tag-news","24":"tag-otsikot","25":"tag-paauutiset","26":"tag-pelastuspalvelut","27":"tag-sosiaalikysymykset","28":"tag-suomi","29":"tag-top-stories","30":"tag-topstories","31":"tag-turvallisuus","32":"tag-uutiset"},"share_on_mastodon":{"url":"https:\/\/pubeurope.com\/@fi\/115472117496622823","error":""},"_links":{"self":[{"href":"https:\/\/www.europesays.com\/fi\/wp-json\/wp\/v2\/posts\/77788","targetHints":{"allow":["GET"]}}],"collection":[{"href":"https:\/\/www.europesays.com\/fi\/wp-json\/wp\/v2\/posts"}],"about":[{"href":"https:\/\/www.europesays.com\/fi\/wp-json\/wp\/v2\/types\/post"}],"author":[{"embeddable":true,"href":"https:\/\/www.europesays.com\/fi\/wp-json\/wp\/v2\/users\/2"}],"replies":[{"embeddable":true,"href":"https:\/\/www.europesays.com\/fi\/wp-json\/wp\/v2\/comments?post=77788"}],"version-history":[{"count":0,"href":"https:\/\/www.europesays.com\/fi\/wp-json\/wp\/v2\/posts\/77788\/revisions"}],"wp:featuredmedia":[{"embeddable":true,"href":"https:\/\/www.europesays.com\/fi\/wp-json\/wp\/v2\/media\/77789"}],"wp:attachment":[{"href":"https:\/\/www.europesays.com\/fi\/wp-json\/wp\/v2\/media?parent=77788"}],"wp:term":[{"taxonomy":"category","embeddable":true,"href":"https:\/\/www.europesays.com\/fi\/wp-json\/wp\/v2\/categories?post=77788"},{"taxonomy":"post_tag","embeddable":true,"href":"https:\/\/www.europesays.com\/fi\/wp-json\/wp\/v2\/tags?post=77788"}],"curies":[{"name":"wp","href":"https:\/\/api.w.org\/{rel}","templated":true}]}}