{"id":77886,"date":"2025-11-01T06:18:07","date_gmt":"2025-11-01T06:18:07","guid":{"rendered":"https:\/\/www.europesays.com\/fi\/77886\/"},"modified":"2025-11-01T06:18:07","modified_gmt":"2025-11-01T06:18:07","slug":"varit-valaistus-ja-tunnelma-tekevat-oululaisperheen-kodista-kodin","status":"publish","type":"post","link":"https:\/\/www.europesays.com\/fi\/77886\/","title":{"rendered":"V\u00e4rit, valaistus ja tunnelma tekev\u00e4t oululaisperheen kodista kodin"},"content":{"rendered":"<p class=\"gallery__paragraph\">\n      Talon osto tuli ajankohtaiseksi oululaisten Mia Koskelan ja Petri Lainion perheess\u00e4 muutama vuosi sitten. Koskelan kaksi lasta alkoivat l\u00e4hesty\u00e4 teini-ik\u00e4\u00e4, ja 70-neli\u00f6inen asunto paritalossa alkoi tuntua ahtaalta.\n    <\/p>\n<p class=\"gallery__paragraph\">\n      Pian l\u00f6ytyi mieluisa asuinalue, johon oli rakenteilla erillistaloja. Joku oli perunut varauksensa, ja Koskela ja Lainio nappasivat heti kiinni.\n    <\/p>\n<p class=\"gallery__paragraph\">\n      Erillistalossa Koskelaa miellytt\u00e4\u00e4 esimerkiksi se, ett\u00e4 asukkaan ei tarvitse huolehtia itse j\u00e4tehuollosta.\n    <\/p>\n<p class=\"gallery__paragraph\">\n      Pintamateriaalien ja kalusteiden valinnassa otettiin avuksi tuttu sisustussuunnittelija. Ilman suunnittelijaa kodin pinnat olisivat todenn\u00e4k\u00f6isesti j\u00e4\u00e4neet valkoisiksi, Koskela arvioi.\n    <\/p>\n<p class=\"gallery__paragraph\">\n      H\u00e4nen mielest\u00e4\u00e4n kodista tekev\u00e4t kodin sisustuksen v\u00e4rimaailma, valaistus ja tunnelma.\n    <\/p>\n<p class=\"gallery__paragraph\">\n      <a href=\"https:\/\/www.kaleva.fi\/linkki\/12368630\" rel=\"nofollow noopener\" target=\"_blank\"><strong>Mia Koskela s\u00e4ik\u00e4hti, kun sisustussuunnittelija ehdotti mustia kaapistoja \u2013 Nyt oululaisperhe ihastelee kotinsa v\u00e4rimaailmaa<\/strong><\/a>\n    <\/p>\n","protected":false},"excerpt":{"rendered":"Talon osto tuli ajankohtaiseksi oululaisten Mia Koskelan ja Petri Lainion perheess\u00e4 muutama vuosi sitten. Koskelan kaksi lasta alkoivat&hellip;\n","protected":false},"author":2,"featured_media":77887,"comment_status":"","ping_status":"","sticky":false,"template":"","format":"standard","meta":{"footnotes":""},"categories":[135],"tags":[389,387,388,390,137,33,31,30,32,394,393,391,392,109],"class_list":{"0":"post-77886","1":"post","2":"type-post","3":"status-publish","4":"format-standard","5":"has-post-thumbnail","7":"category-taiteet-ja-suunnittelu","8":"tag-arts","9":"tag-arts-and-design","10":"tag-artsanddesign","11":"tag-design","12":"tag-entertainment","13":"tag-fi","14":"tag-finland","15":"tag-finnish","16":"tag-suomi","17":"tag-suunnittelu","18":"tag-taiteet","19":"tag-taiteet-ja-suunnittelu","20":"tag-taiteetsuunnittelu","21":"tag-viihde"},"share_on_mastodon":{"url":"https:\/\/pubeurope.com\/@fi\/115472990392347831","error":""},"_links":{"self":[{"href":"https:\/\/www.europesays.com\/fi\/wp-json\/wp\/v2\/posts\/77886","targetHints":{"allow":["GET"]}}],"collection":[{"href":"https:\/\/www.europesays.com\/fi\/wp-json\/wp\/v2\/posts"}],"about":[{"href":"https:\/\/www.europesays.com\/fi\/wp-json\/wp\/v2\/types\/post"}],"author":[{"embeddable":true,"href":"https:\/\/www.europesays.com\/fi\/wp-json\/wp\/v2\/users\/2"}],"replies":[{"embeddable":true,"href":"https:\/\/www.europesays.com\/fi\/wp-json\/wp\/v2\/comments?post=77886"}],"version-history":[{"count":0,"href":"https:\/\/www.europesays.com\/fi\/wp-json\/wp\/v2\/posts\/77886\/revisions"}],"wp:featuredmedia":[{"embeddable":true,"href":"https:\/\/www.europesays.com\/fi\/wp-json\/wp\/v2\/media\/77887"}],"wp:attachment":[{"href":"https:\/\/www.europesays.com\/fi\/wp-json\/wp\/v2\/media?parent=77886"}],"wp:term":[{"taxonomy":"category","embeddable":true,"href":"https:\/\/www.europesays.com\/fi\/wp-json\/wp\/v2\/categories?post=77886"},{"taxonomy":"post_tag","embeddable":true,"href":"https:\/\/www.europesays.com\/fi\/wp-json\/wp\/v2\/tags?post=77886"}],"curies":[{"name":"wp","href":"https:\/\/api.w.org\/{rel}","templated":true}]}}