{"id":77999,"date":"2025-11-01T08:57:07","date_gmt":"2025-11-01T08:57:07","guid":{"rendered":"https:\/\/www.europesays.com\/fi\/77999\/"},"modified":"2025-11-01T08:57:07","modified_gmt":"2025-11-01T08:57:07","slug":"yrjo-palkinto-jaettiin-tampereella-aili-ikoselle","status":"publish","type":"post","link":"https:\/\/www.europesays.com\/fi\/77999\/","title":{"rendered":"Yrj\u00f6-palkinto jaettiin Tampereella Aili Ikoselle"},"content":{"rendered":"<p>Tampere Jazz Happeningissa palkittiin my\u00f6s muita ansioituneita tekij\u00f6it\u00e4.<\/p>\n<p>31.10. 19:30<\/p>\n<p class=\"article-body mb-nof-24 px-nof-16\">Laulaja <a class=\"article-personlink\" href=\"https:\/\/www.aamulehti.fi\/haku\/?query=Aili%20Ikonen\" rel=\"nofollow noopener\" target=\"_blank\">Aili Ikonen<\/a> on saanut Jazzliiton Yrj\u00f6-palkinnon. Palkinto jaettiin Tampere Jazz Happeningissa perjantaina 31. lokakuuta.<\/p>\n<p class=\"article-body mb-nof-24 px-nof-16\">Ikonen on julkaissut viisi soololevy\u00e4, joista tuorein on Valo vuodelta 2024. Lis\u00e4ksi h\u00e4n oin tehnyt yhteisty\u00f6t\u00e4 muiden jazzartistien kanssa ja h\u00e4net tunnetaan esimerkiksi <a class=\"article-personlink\" href=\"https:\/\/www.aamulehti.fi\/haku\/?query=Ella%20Fitzgerald\" rel=\"nofollow noopener\" target=\"_blank\">Ella Fitzgerald<\/a> -tulkinnoistaan. Oman soolotuotantonsa lis\u00e4ksi Ikonen s\u00e4velt\u00e4\u00e4 ja sanoittaa s\u00e4\u00e4nn\u00f6llisesti muun muassa Rajaton-lauluyhtyeelle, jonka j\u00e4sen h\u00e4n on ollut vuodesta 2018.<\/p>\n<p class=\"article-body mb-nof-24 px-nof-16\">Yrj\u00f6-palkinto on vuosittain vaihtuvan taiteilijan teos. T\u00e4n\u00e4 vuonna taideteos on kuvataiteilija <a class=\"article-personlink\" href=\"https:\/\/www.aamulehti.fi\/haku\/?query=Inka%20Bellin\" rel=\"nofollow noopener\" target=\"_blank\">Inka Bellin<\/a> Origo 11.<\/p>\n<p class=\"article-body mb-nof-24 px-nof-16\">Yrj\u00f6-palkintoa on jaettu vuodesta 1967. Edellisvuosina palkinto on my\u00f6nnetty basisti <a class=\"article-personlink\" href=\"https:\/\/www.aamulehti.fi\/haku\/?query=Antti%20L%C3%B6tj%C3%B6selle\" rel=\"nofollow noopener\" target=\"_blank\">Antti L\u00f6tj\u00f6selle<\/a> (2024), saksofonisti <a class=\"article-personlink\" href=\"https:\/\/www.aamulehti.fi\/haku\/?query=Linda%20Fredrikssonille\" rel=\"nofollow noopener\" target=\"_blank\">Linda Fredrikssonille<\/a> (2023) ja trumpetisti <a class=\"article-personlink\" href=\"https:\/\/www.aamulehti.fi\/haku\/?query=Jukka%20Eskolalle\" rel=\"nofollow noopener\" target=\"_blank\">Jukka Eskolalle<\/a> (2022).<\/p>\n<p class=\"article-body mb-nof-24 px-nof-16\">Jazzliitto on my\u00f6nt\u00e4nyt vuodesta 1988 l\u00e4htien harkinnanvaraista Andania-palkintoa pitk\u00e4aikaisesta ja ansiokkaasta ty\u00f6st\u00e4 suomalaisen jazzin hyv\u00e4ksi. T\u00e4n\u00e4 vuonna tunnustuksen sai Korppoo Jazz ry:n pitk\u00e4aikainen puheenjohtaja <a class=\"article-personlink\" href=\"https:\/\/www.aamulehti.fi\/haku\/?query=Bosse%20Mellberg\" rel=\"nofollow noopener\" target=\"_blank\">Bosse Mellberg<\/a>.<\/p>\n<p class=\"article-body mb-nof-24 px-nof-16\">Lahjakkaalle nuorelle muusikolle my\u00f6nnett\u00e4v\u00e4n Taimi-palkinnon sai rumpali <a class=\"article-personlink\" href=\"https:\/\/www.aamulehti.fi\/haku\/?query=Veikka%20Kajamies\" rel=\"nofollow noopener\" target=\"_blank\">Veikka Kajamies<\/a> ja Ylen jakaman Varjo-Yrj\u00f6-tunnustuksen jazzkulttuurin edist\u00e4misest\u00e4 Tampere Jazz Happeningin el\u00e4k\u00f6ityv\u00e4 taiteellinen johtaja ja tuottaja <a class=\"article-personlink\" href=\"https:\/\/www.aamulehti.fi\/haku\/?query=Juhamatti%20Kauppinen\" rel=\"nofollow noopener\" target=\"_blank\">Juhamatti Kauppinen<\/a>.<\/p>\n","protected":false},"excerpt":{"rendered":"Tampere Jazz Happeningissa palkittiin my\u00f6s muita ansioituneita tekij\u00f6it\u00e4. 31.10. 19:30 Laulaja Aili Ikonen on saanut Jazzliiton Yrj\u00f6-palkinnon. Palkinto&hellip;\n","protected":false},"author":2,"featured_media":78000,"comment_status":"","ping_status":"","sticky":false,"template":"","format":"standard","meta":{"footnotes":""},"categories":[132],"tags":[157,137,33,31,30,195,47,32,109],"class_list":{"0":"post-77999","1":"post","2":"type-post","3":"status-publish","4":"format-standard","5":"has-post-thumbnail","7":"category-musiikki","8":"tag-aamulehti","9":"tag-entertainment","10":"tag-fi","11":"tag-finland","12":"tag-finnish","13":"tag-music","14":"tag-musiikki","15":"tag-suomi","16":"tag-viihde"},"share_on_mastodon":{"url":"https:\/\/pubeurope.com\/@fi\/115473615777544198","error":""},"_links":{"self":[{"href":"https:\/\/www.europesays.com\/fi\/wp-json\/wp\/v2\/posts\/77999","targetHints":{"allow":["GET"]}}],"collection":[{"href":"https:\/\/www.europesays.com\/fi\/wp-json\/wp\/v2\/posts"}],"about":[{"href":"https:\/\/www.europesays.com\/fi\/wp-json\/wp\/v2\/types\/post"}],"author":[{"embeddable":true,"href":"https:\/\/www.europesays.com\/fi\/wp-json\/wp\/v2\/users\/2"}],"replies":[{"embeddable":true,"href":"https:\/\/www.europesays.com\/fi\/wp-json\/wp\/v2\/comments?post=77999"}],"version-history":[{"count":0,"href":"https:\/\/www.europesays.com\/fi\/wp-json\/wp\/v2\/posts\/77999\/revisions"}],"wp:featuredmedia":[{"embeddable":true,"href":"https:\/\/www.europesays.com\/fi\/wp-json\/wp\/v2\/media\/78000"}],"wp:attachment":[{"href":"https:\/\/www.europesays.com\/fi\/wp-json\/wp\/v2\/media?parent=77999"}],"wp:term":[{"taxonomy":"category","embeddable":true,"href":"https:\/\/www.europesays.com\/fi\/wp-json\/wp\/v2\/categories?post=77999"},{"taxonomy":"post_tag","embeddable":true,"href":"https:\/\/www.europesays.com\/fi\/wp-json\/wp\/v2\/tags?post=77999"}],"curies":[{"name":"wp","href":"https:\/\/api.w.org\/{rel}","templated":true}]}}