{"id":78001,"date":"2025-11-01T08:58:09","date_gmt":"2025-11-01T08:58:09","guid":{"rendered":"https:\/\/www.europesays.com\/fi\/78001\/"},"modified":"2025-11-01T08:58:09","modified_gmt":"2025-11-01T08:58:09","slug":"valehteleeko-ryhma-x-veteraani-roolistaan-avengersissa-onko-tama-joku-tuomiopaiva","status":"publish","type":"post","link":"https:\/\/www.europesays.com\/fi\/78001\/","title":{"rendered":"Valehteleeko Ryhm\u00e4-X-veteraani roolistaan Avengersissa? \u2013 \u201dOnko t\u00e4m\u00e4 joku Tuomiop\u00e4iv\u00e4?\u201d"},"content":{"rendered":"<p>Marvel on ilmoittanut jo, ett\u00e4 ainakin<strong> Patrick Stewart, Ian McKellen, James Marsden, Alan Cumming, Rebecca Romijn<\/strong> ja <strong>Kelsey Grammer <\/strong>n\u00e4hd\u00e4\u00e4n tulevassa Avengers: Doomsdayssa.<\/p>\n<p>Aika monta Ryhm\u00e4-X-veteraania puuttuu t\u00e4st\u00e4 listasta.<\/p>\n<p>Lue my\u00f6s: <a href=\"https:\/\/www.episodi.fi\/uutiset\/nahdaanko-gwyneth-paltrow-viela-marvelin-elokuvissa-nain-nayttelijatar-vastaa\/\" title=\"N\u00e4hd\u00e4\u00e4nk\u00f6 Gwyneth Paltrow viel\u00e4 Marvelin elokuvissa? \u2013 N\u00e4in n\u00e4yttelij\u00e4t\u00e4r vastaa\" class=\"underline-custom !font-montserrat !font-bold !underline-offset-4 !decoration-4 !decoration-episodi-blue !text-md\" rel=\"nofollow noopener\" target=\"_blank\">N\u00e4hd\u00e4\u00e4nk\u00f6 Gwyneth Paltrow viel\u00e4 Marvelin elokuvissa? \u2013 N\u00e4in n\u00e4yttelij\u00e4t\u00e4r vastaa<\/a><\/p>\n<p>Lue my\u00f6s: <a href=\"https:\/\/www.episodi.fi\/uutiset\/marvel-julkaisi-virallisen-doctor-doomin-teemabiisin-biisin-takana-tuttu-saveltajanero\/\" title=\"Marvel julkaisi virallisen Doctor Doomin teemabiisin \u2013 Taustalla tuttu s\u00e4velt\u00e4j\u00e4nero\" class=\"underline-custom !font-montserrat !font-bold !underline-offset-4 !decoration-4 !decoration-episodi-blue !text-md\" rel=\"nofollow noopener\" target=\"_blank\">Marvel julkaisi virallisen Doctor Doomin teemabiisin \u2013 Taustalla tuttu s\u00e4velt\u00e4j\u00e4nero<\/a><\/p>\n<p><strong>Famke Janssen<\/strong> esitti Jeania viidess\u00e4 Foxin Ryhm\u00e4-X-elokuvassa, joten h\u00e4n oli melko t\u00e4rke\u00e4 palanen kokonaisuutta.<\/p>\n<p>Miksei h\u00e4n siis ole elokuvassa? Vai onko, koska Marvel on kertonut, ettei kaikkia n\u00e4yttelij\u00f6it\u00e4 ole viel\u00e4 paljastettu?<\/p>\n<p>\u2013 Joka kerta kun teen haastattelun, t\u00e4m\u00e4 mainitaan. Se on mielenkiintoista. En tajunnut, ett\u00e4 se on niin iso asia. T\u00e4m\u00e4 nousee esiin jokaisessa haastattelussa, ja kaikesta mit\u00e4 sanon, juuri se on ainoa asia, joka printataan lehteen, Janssen kertoo.<\/p>\n<p>Onko Marvel ottanut yhteytt\u00e4 Jansseniin?<\/p>\n<p>\u2013 Ei. Ei koskaan.<\/p>\n<p>\u2013 Ehk\u00e4 minun pit\u00e4isi olla imarreltu siit\u00e4, ett\u00e4 t\u00e4m\u00e4 hahmo on koskettanut ihmisi\u00e4. Siit\u00e4 on kuitenkin jo niin kauan. On kuitenkin mukavaa, ett\u00e4 ihmiset yh\u00e4 puhuvat h\u00e4nest\u00e4. Olen varma, ett\u00e4 joka kerta, kun he tekev\u00e4t uuden elokuvan, se nousee taas esiin. Onko t\u00e4m\u00e4 nyt sitten joku Doomsday, Janssen kysyy.<\/p>\n<p>Tietenkin Marvel on kysynyt Janssenia mukaan. Kyse on joko markkinoinnista tai sopimusneuvotteluista, mutta tietenkin itse Jean Greyt\u00e4, Phoenixia on pyydetty mukaan.<\/p>\n<p>L\u00e4hde: <a href=\"https:\/\/comicbookmovie.com\/avengers\/avengers-doomsday\/x-men-star-famke-janssen-says-marvel-studios-didnt-ask-her-to-return-as-jean-grey-in-avengers-doomsday-a224582\" target=\"_blank\" rel=\"noreferrer noopener nofollow\">Comic Book Movie<\/a><\/p>\n<p>Lue my\u00f6s: <a href=\"https:\/\/www.episodi.fi\/uutiskirje\/?uutiskirjemainos=tekstilinkkimainos\" title=\"Tilaa Episodin uutiskirje ja voit voittaa leffalippuja! Nappaa tv-vinkit suoraan s\u00e4hk\u00f6postiin t\u00e4st\u00e4.\" class=\"underline-custom !font-montserrat !font-bold !underline-offset-4 !decoration-4 !decoration-episodi-blue !text-md\" rel=\"nofollow noopener\" target=\"_blank\">Tilaa Episodin uutiskirje ja voit voittaa leffalippuja! Nappaa katseluvinkit suoraan s\u00e4hk\u00f6postiin t\u00e4st\u00e4.<\/a><\/p>\n","protected":false},"excerpt":{"rendered":"Marvel on ilmoittanut jo, ett\u00e4 ainakin Patrick Stewart, Ian McKellen, James Marsden, Alan Cumming, Rebecca Romijn ja Kelsey&hellip;\n","protected":false},"author":2,"featured_media":78002,"comment_status":"","ping_status":"","sticky":false,"template":"","format":"standard","meta":{"footnotes":""},"categories":[131],"tags":[809,155,137,12104,33,173,31,30,3282,172,7191,32,109],"class_list":{"0":"post-78001","1":"post","2":"type-post","3":"status-publish","4":"format-standard","5":"has-post-thumbnail","7":"category-elokuvat","8":"tag-avengers-doomsday","9":"tag-elokuvat","10":"tag-entertainment","11":"tag-famke-janssen","12":"tag-fi","13":"tag-film","14":"tag-finland","15":"tag-finnish","16":"tag-marvel","17":"tag-movies","18":"tag-ryhma-x","19":"tag-suomi","20":"tag-viihde"},"share_on_mastodon":{"url":"https:\/\/pubeurope.com\/@fi\/115473619541504135","error":""},"_links":{"self":[{"href":"https:\/\/www.europesays.com\/fi\/wp-json\/wp\/v2\/posts\/78001","targetHints":{"allow":["GET"]}}],"collection":[{"href":"https:\/\/www.europesays.com\/fi\/wp-json\/wp\/v2\/posts"}],"about":[{"href":"https:\/\/www.europesays.com\/fi\/wp-json\/wp\/v2\/types\/post"}],"author":[{"embeddable":true,"href":"https:\/\/www.europesays.com\/fi\/wp-json\/wp\/v2\/users\/2"}],"replies":[{"embeddable":true,"href":"https:\/\/www.europesays.com\/fi\/wp-json\/wp\/v2\/comments?post=78001"}],"version-history":[{"count":0,"href":"https:\/\/www.europesays.com\/fi\/wp-json\/wp\/v2\/posts\/78001\/revisions"}],"wp:featuredmedia":[{"embeddable":true,"href":"https:\/\/www.europesays.com\/fi\/wp-json\/wp\/v2\/media\/78002"}],"wp:attachment":[{"href":"https:\/\/www.europesays.com\/fi\/wp-json\/wp\/v2\/media?parent=78001"}],"wp:term":[{"taxonomy":"category","embeddable":true,"href":"https:\/\/www.europesays.com\/fi\/wp-json\/wp\/v2\/categories?post=78001"},{"taxonomy":"post_tag","embeddable":true,"href":"https:\/\/www.europesays.com\/fi\/wp-json\/wp\/v2\/tags?post=78001"}],"curies":[{"name":"wp","href":"https:\/\/api.w.org\/{rel}","templated":true}]}}