{"id":78109,"date":"2025-11-01T11:55:09","date_gmt":"2025-11-01T11:55:09","guid":{"rendered":"https:\/\/www.europesays.com\/fi\/78109\/"},"modified":"2025-11-01T11:55:09","modified_gmt":"2025-11-01T11:55:09","slug":"miss-suomen-edustusasut-jakavat-suomalaisia-kahtia","status":"publish","type":"post","link":"https:\/\/www.europesays.com\/fi\/78109\/","title":{"rendered":"Miss Suomen edustusasut jakavat suomalaisia kahtia"},"content":{"rendered":"<p>Suomen edustaja Sarah Dzafce l\u00e4htee pian Miss Universum -kilpailuihin.<\/p>\n<p class=\"paragraph\">Miss Suomi <strong>Sarah Dzafce<\/strong> l\u00e4htee viikonloppuna Thaimaahan edustamaan Suomea Miss Universum -kilpailuihin. <a href=\"https:\/\/www.iltalehti.fi\/viihdeuutiset\/bf1afe6f-7a6d-4682-bc3f-007a58b8810d\" rel=\"nofollow noopener\" target=\"_blank\">Dzafcen edustusasut<\/a>, lukuun ottamatta preliminary- ja finaalipukuja, julkaistiin perjantaina.<\/p>\n<p class=\"paragraph\">Kysyimme Iltalehden lukijoilta, mit\u00e4 mielt\u00e4 he olivat julkaistuista edustusasuista. Asut jakoivat lukijoita kahtia.<\/p>\n<p><img decoding=\"async\" class=\"image image-show image-preview\" src=\"https:\/\/www.europesays.com\/fi\/wp-content\/uploads\/2025\/11\/42aaf4ce2901f89da23af90fb56da52da301956e15700d209252df143b141e96.jpg\" alt=\"\"\/><img decoding=\"async\" class=\"image image-show\" src=\"https:\/\/www.europesays.com\/fi\/wp-content\/uploads\/2025\/11\/1761998109_539_42aaf4ce2901f89da23af90fb56da52da301956e15700d209252df143b141e96.jpg\" alt=\"\"\/><\/p>\n<p>Sarah Dzafce valittiin aiemmin syksyll\u00e4 Miss Suomeksi. Timur Yilmaz<\/p>\n<p>Positiivista asennetta<\/p>\n<p class=\"paragraph\">Joidenkin lukijoiden mielest\u00e4 asut n\u00e4yttiv\u00e4t eritt\u00e4in tyylikk\u00e4ilt\u00e4.<\/p>\n<p class=\"paragraph\">\u2013 Tosi tyylikk\u00e4it\u00e4 asuja! Tykk\u00e4\u00e4n!<\/p>\n<p class=\"paragraph\">\u2013 Tykk\u00e4sin. Monipuolinen ja moni-ilmeinen.<\/p>\n<p>Liian vaisuja<\/p>\n<p class=\"paragraph\">Suurin osa Iltalehden lukijoista oli kuitenkin sit\u00e4 mielt\u00e4, ett\u00e4 asut ovat liian mit\u00e4\u00e4nsanomattomia ja vaisuja. Lukijat olisivat kaivanneet n\u00e4ytt\u00e4v\u00e4mpi\u00e4 asuja kansainv\u00e4liselle estradille. Jotkut asuista saivat my\u00f6s lukijoilta kritiikki\u00e4 siit\u00e4, etteiv\u00e4t ne n\u00e4yt\u00e4 istuvan Dzafcelle.<\/p>\n<p class=\"paragraph\">\u2013 Ensimm\u00e4inen asu n\u00e4ytt\u00e4\u00e4 silt\u00e4, kuin h\u00e4nell\u00e4 olisi p\u00e4\u00e4ss\u00e4 poronsarvet ja puku on my\u00f6s todella halvan n\u00e4k\u00f6inen. Sama jatkuu koko puvustuksen l\u00e4pi. J\u00e4\u00e4 vaikutelma, ett\u00e4 rahat olisivat loppuneet kesken ja jotain on pit\u00e4nyt keksi\u00e4. Harmi kaunis on nainen itse.<\/p>\n<p class=\"paragraph\">\u2013 J\u00e4rkytt\u00e4v\u00e4\u00e4 pukea kaunis nuori nainen t\u00e4tim\u00e4isiin kaapuihin. Nyt on kyll\u00e4 menty mets\u00e4\u00e4n ja kovaa, my\u00f6s v\u00e4rimaailman suhteen.<\/p>\n<p class=\"paragraph\">\u2013 Tyls\u00e4\u00e4 ja mit\u00e4\u00e4nsanomatonta, pois lukien ensimm\u00e4inen fantasia-asu. Glamouria ja s\u00e4ihkett\u00e4 puuttuu. Pettymys.<\/p>\n<p class=\"paragraph\">\u2013 Aivan j\u00e4rkytt\u00e4v\u00e4\u00e4. Puvut n\u00e4ytt\u00e4v\u00e4t halvoilta eiv\u00e4tk\u00e4 istu. &#8221;Kansallisasu&#8221; n\u00e4ytt\u00e4\u00e4 naamiaiskaupalta hankitulta naamiaisasulta. P\u00e4\u00e4h\u00e4n askarreltu kotikutoinen hirvensarvir\u00e4pellys n\u00e4ytt\u00e4\u00e4 silt\u00e4, ett\u00e4 putoaa kohta.<\/p>\n<p>Etenkin kansallisasu tai National Costume jakoi mielipiteit\u00e4. Erno Nikolov<\/p>\n<p class=\"paragraph\">Kyseess\u00e4 ei ole ensimm\u00e4inen kerta, kun asut her\u00e4tt\u00e4v\u00e4t eri\u00e4vi\u00e4 mielipiteit\u00e4 suomalaisissa. Miss Suomien edustusasut ovat <a href=\"https:\/\/www.iltalehti.fi\/viihdeuutiset\/7333d130-f76d-4fb3-b04a-be81eb483cfd\" rel=\"nofollow noopener\" target=\"_blank\">puhuttaneet aiempinakin vuosina<\/a>.<\/p>\n<p class=\"paragraph\">Esimerkiksi viime vuoden National Costume sai arvosteluja siit\u00e4, ett\u00e4 asu koettiin liian pliisuksi.<\/p>\n","protected":false},"excerpt":{"rendered":"Suomen edustaja Sarah Dzafce l\u00e4htee pian Miss Universum -kilpailuihin. Miss Suomi Sarah Dzafce l\u00e4htee viikonloppuna Thaimaahan edustamaan Suomea&hellip;\n","protected":false},"author":2,"featured_media":78110,"comment_status":"","ping_status":"","sticky":false,"template":"","format":"standard","meta":{"footnotes":""},"categories":[136],"tags":[35,407,2110,137,33,31,30,876,3862,408,2351,1616,32,2350,109],"class_list":{"0":"post-78109","1":"post","2":"type-post","3":"status-publish","4":"format-standard","5":"has-post-thumbnail","7":"category-julkkikset","8":"tag-24h","9":"tag-celebrities","10":"tag-elamantapa-ja-vapaa-aika","11":"tag-entertainment","12":"tag-fi","13":"tag-finland","14":"tag-finnish","15":"tag-fyysinen-kauneus","16":"tag-iltalehti","17":"tag-julkkikset","18":"tag-kengat-ja-asusteet","19":"tag-media-viestinta","20":"tag-suomi","21":"tag-vaatekappaleet","22":"tag-viihde"},"share_on_mastodon":{"url":"https:\/\/pubeurope.com\/@fi\/115474315678010059","error":""},"_links":{"self":[{"href":"https:\/\/www.europesays.com\/fi\/wp-json\/wp\/v2\/posts\/78109","targetHints":{"allow":["GET"]}}],"collection":[{"href":"https:\/\/www.europesays.com\/fi\/wp-json\/wp\/v2\/posts"}],"about":[{"href":"https:\/\/www.europesays.com\/fi\/wp-json\/wp\/v2\/types\/post"}],"author":[{"embeddable":true,"href":"https:\/\/www.europesays.com\/fi\/wp-json\/wp\/v2\/users\/2"}],"replies":[{"embeddable":true,"href":"https:\/\/www.europesays.com\/fi\/wp-json\/wp\/v2\/comments?post=78109"}],"version-history":[{"count":0,"href":"https:\/\/www.europesays.com\/fi\/wp-json\/wp\/v2\/posts\/78109\/revisions"}],"wp:featuredmedia":[{"embeddable":true,"href":"https:\/\/www.europesays.com\/fi\/wp-json\/wp\/v2\/media\/78110"}],"wp:attachment":[{"href":"https:\/\/www.europesays.com\/fi\/wp-json\/wp\/v2\/media?parent=78109"}],"wp:term":[{"taxonomy":"category","embeddable":true,"href":"https:\/\/www.europesays.com\/fi\/wp-json\/wp\/v2\/categories?post=78109"},{"taxonomy":"post_tag","embeddable":true,"href":"https:\/\/www.europesays.com\/fi\/wp-json\/wp\/v2\/tags?post=78109"}],"curies":[{"name":"wp","href":"https:\/\/api.w.org\/{rel}","templated":true}]}}