{"id":78193,"date":"2025-11-01T14:09:08","date_gmt":"2025-11-01T14:09:08","guid":{"rendered":"https:\/\/www.europesays.com\/fi\/78193\/"},"modified":"2025-11-01T14:09:08","modified_gmt":"2025-11-01T14:09:08","slug":"megadeth-versioi-viimeisella-levyllaan-metallicaa","status":"publish","type":"post","link":"https:\/\/www.europesays.com\/fi\/78193\/","title":{"rendered":"Megadeth versioi viimeisell\u00e4 levyll\u00e4\u00e4n Metallicaa"},"content":{"rendered":"<p>Musiikki|Megadethin keulahahmo Dave Mustaine oli s\u00e4velt\u00e4m\u00e4ss\u00e4 Metallican Ride The Lightning -kappaletta 1980-luvun alussa ennen potkujaan b\u00e4ndist\u00e4.<\/p>\n<p>Lue tiivistelm\u00e4<\/p>\n<p>Tiivistelm\u00e4 on teko\u00e4lyn tekem\u00e4 ja ihmisen tarkistama.<\/p>\n<p class=\"article-body mb-nof-24 px-nof-16 sndp-summary-bullet-point-font\">Megadethin keulahahmo Dave Mustaine ilmoitti yhtyeen viimeisen albumin sis\u00e4lt\u00e4v\u00e4n Metallican kappaleen Ride The Lightning.<\/p>\n<p class=\"article-body mb-nof-24 px-nof-16 sndp-summary-bullet-point-font\">Mustaine oli s\u00e4velt\u00e4m\u00e4ss\u00e4 kappaletta ennen potkujaan Metallicasta vuonna 1983.<\/p>\n<p class=\"article-body mb-nof-24 px-nof-16 sndp-summary-bullet-point-font\">Megadethin 17. ja viimeinen studioalbumi julkaistaan tammikuussa 2026.<\/p>\n<p class=\"article-body mb-nof-24 px-nof-16\">Metalliyhtye Megadethin keulahahmo <a class=\"article-personlink\" href=\"https:\/\/www.hs.fi\/haku\/?query=Dave%20Mustaine\" rel=\"nofollow noopener\" target=\"_blank\">Dave Mustaine<\/a> ilmoitti torstaina, ett\u00e4 yhtyeen viimeiseksi j\u00e4\u00e4v\u00e4n studioalbumin bonuskappaleeksi tulee Ride The Lightning.<\/p>\n<p class=\"article-body mb-nof-24 px-nof-16\">Kappale on julkaistu alun perin Metallican samannimisell\u00e4 albumilla vuonna 1984. Mustaine oli mukana s\u00e4velt\u00e4m\u00e4ss\u00e4 kappaletta ennen potkujaan yhtyeest\u00e4.<\/p>\n<p class=\"article-body mb-nof-24 px-nof-16\">\u201dP\u00e4\u00e4tin ottaa levylle [Metallican] <a class=\"article-personlink\" href=\"https:\/\/www.hs.fi\/haku\/?query=Jamesin\" rel=\"nofollow noopener\" target=\"_blank\">Jamesin<\/a>, <a class=\"article-personlink\" href=\"https:\/\/www.hs.fi\/haku\/?query=Larsin\" rel=\"nofollow noopener\" target=\"_blank\">Larsin<\/a> ja <a class=\"article-personlink\" href=\"https:\/\/www.hs.fi\/haku\/?query=Cliffin\" rel=\"nofollow noopener\" target=\"_blank\">Cliffin <\/a>kanssa s\u00e4velt\u00e4m\u00e4ni biisin kunnioittaakseni sit\u00e4 mist\u00e4 urani alkoi, nyt kun el\u00e4m\u00e4nty\u00f6ni on tulossa p\u00e4\u00e4t\u00f6kseens\u00e4\u201d, Mustaine sanoi tiedotteessa.<\/p>\n<p class=\"article-body mb-nof-24 px-nof-16\">Mustaine, 64, oli jo aiemmin ilmoittanut, ett\u00e4 tammikuussa julkaistava albumi j\u00e4\u00e4 Megadethin viimeiseksi. Se on yhtyeen 17. studioalbumi, ja sen nimeksi tulee Megadeth.<\/p>\n<p class=\"article-body mb-nof-24 px-nof-16\">Mustaine oli perustamassa Metallicaa vuonna 1981. H\u00e4n sai potkut huhtikuussa 1983 alkoholink\u00e4ytt\u00f6ns\u00e4 vuoksi juuri ennen Metallican esikoislevyn Kill \u2019Em Allin \u00e4\u00e4nityksi\u00e4.<\/p>\n<p class=\"article-body mb-nof-24 px-nof-16\">Mustaine on merkitty s\u00e4velt\u00e4j\u00e4ksi nelj\u00e4\u00e4n Kill \u2019Em Allin kymmenest\u00e4 kappaleesta. Toisella albumilla Ride The Lightning on kaksi kappaletta, joita h\u00e4n on ollut s\u00e4velt\u00e4m\u00e4ss\u00e4.<\/p>\n<p class=\"article-body mb-nof-24 px-nof-16\">Mustainen Metallicasta saamat potkut johtivat vuosikymmenten kaunaan ja katkeruuteen.<\/p>\n<p class=\"article-body mb-nof-24 px-nof-16\">Megadethista tuli sin\u00e4ns\u00e4 eritt\u00e4in menestynyt miljoonia levyj\u00e4 myynyt metalliyhtye, joka kuitenkin j\u00e4i Metallican varjoon. Metallica on kaikkien aikojen suosituimpia rockyhtyeit\u00e4, joka on myynyt urallaan noin 163 miljoonaa levy\u00e4.<\/p>\n<p class=\"article-body mb-nof-24 px-nof-16\">Mustaine on ollut Megadethin ainoa pysyv\u00e4 j\u00e4sen.<\/p>\n<p class=\"article-body mb-nof-24 px-nof-16\">Suomalainen <a class=\"article-personlink\" href=\"https:\/\/www.hs.fi\/haku\/?query=Teemu%20M%C3%A4ntysaari\" rel=\"nofollow noopener\" target=\"_blank\">Teemu M\u00e4ntysaari<\/a> on ollut Megadethin toisena kitaristina vuodesta 2023.<\/p>\n<p class=\"article-body mb-nof-24 px-nof-16\">J\u00e4\u00e4hyv\u00e4iskiertueellaan Megadeth esiintyy Helsingin Tuska-festivaalilla kes\u00e4kuussa 2026.<\/p>\n","protected":false},"excerpt":{"rendered":"Musiikki|Megadethin keulahahmo Dave Mustaine oli s\u00e4velt\u00e4m\u00e4ss\u00e4 Metallican Ride The Lightning -kappaletta 1980-luvun alussa ennen potkujaan b\u00e4ndist\u00e4. Lue tiivistelm\u00e4&hellip;\n","protected":false},"author":2,"featured_media":78194,"comment_status":"","ping_status":"","sticky":false,"template":"","format":"standard","meta":{"footnotes":""},"categories":[132],"tags":[137,33,31,30,46,195,47,32,109],"class_list":{"0":"post-78193","1":"post","2":"type-post","3":"status-publish","4":"format-standard","5":"has-post-thumbnail","7":"category-musiikki","8":"tag-entertainment","9":"tag-fi","10":"tag-finland","11":"tag-finnish","12":"tag-helsingin-sanomat","13":"tag-music","14":"tag-musiikki","15":"tag-suomi","16":"tag-viihde"},"share_on_mastodon":{"url":"https:\/\/pubeurope.com\/@fi\/115474842564213219","error":""},"_links":{"self":[{"href":"https:\/\/www.europesays.com\/fi\/wp-json\/wp\/v2\/posts\/78193","targetHints":{"allow":["GET"]}}],"collection":[{"href":"https:\/\/www.europesays.com\/fi\/wp-json\/wp\/v2\/posts"}],"about":[{"href":"https:\/\/www.europesays.com\/fi\/wp-json\/wp\/v2\/types\/post"}],"author":[{"embeddable":true,"href":"https:\/\/www.europesays.com\/fi\/wp-json\/wp\/v2\/users\/2"}],"replies":[{"embeddable":true,"href":"https:\/\/www.europesays.com\/fi\/wp-json\/wp\/v2\/comments?post=78193"}],"version-history":[{"count":0,"href":"https:\/\/www.europesays.com\/fi\/wp-json\/wp\/v2\/posts\/78193\/revisions"}],"wp:featuredmedia":[{"embeddable":true,"href":"https:\/\/www.europesays.com\/fi\/wp-json\/wp\/v2\/media\/78194"}],"wp:attachment":[{"href":"https:\/\/www.europesays.com\/fi\/wp-json\/wp\/v2\/media?parent=78193"}],"wp:term":[{"taxonomy":"category","embeddable":true,"href":"https:\/\/www.europesays.com\/fi\/wp-json\/wp\/v2\/categories?post=78193"},{"taxonomy":"post_tag","embeddable":true,"href":"https:\/\/www.europesays.com\/fi\/wp-json\/wp\/v2\/tags?post=78193"}],"curies":[{"name":"wp","href":"https:\/\/api.w.org\/{rel}","templated":true}]}}