{"id":78195,"date":"2025-11-01T14:10:10","date_gmt":"2025-11-01T14:10:10","guid":{"rendered":"https:\/\/www.europesays.com\/fi\/78195\/"},"modified":"2025-11-01T14:10:10","modified_gmt":"2025-11-01T14:10:10","slug":"elokuva-arvio-emma-stonen-millintarkkaa-nayttelijantyota-hykerryttavassa-satiirissa-voi-vain-ihailla-satakunnan-kansa","status":"publish","type":"post","link":"https:\/\/www.europesays.com\/fi\/78195\/","title":{"rendered":"Elokuva-arvio | Emma Stonen millintarkkaa n\u00e4yttelij\u00e4nty\u00f6t\u00e4 hykerrytt\u00e4v\u00e4ss\u00e4 satiirissa voi vain ihailla &#8211; Satakunnan Kansa"},"content":{"rendered":"<ol>\n<li><a href=\"https:\/\/news.google.com\/rss\/articles\/CBMicEFVX3lxTE94aUZ6VUJUN0ljMWNSX0ZYVDdJTFQ2SFNIb0xoUWZadkk3cU9yM09zekpYU2dGOVZ2aGFjczhxVWIzcTRNRTc2ZXh3SVUwYVV0emJfTldZVENDSjlCMFh3eU1XLVprZURWbm1jUEhEUFk?oc=5\" target=\"_blank\" rel=\"nofollow noopener\">Elokuva-arvio | Emma Stonen millintarkkaa n\u00e4yttelij\u00e4nty\u00f6t\u00e4 hykerrytt\u00e4v\u00e4ss\u00e4 satiirissa voi vain ihailla<\/a>&nbsp;&nbsp;Satakunnan Kansa<\/li>\n<li><a href=\"https:\/\/news.google.com\/rss\/articles\/CBMilwFBVV95cUxPdzNNR0FpVTJ6Q1pRYlY1TGlCeFhJSUFCYklXenp0OGdNcUJSdGcxWFR0dWJmcFpNQmp2RDlvY282bzNUa1FTT2paNExWcmMxWnppa19uS2pKOUdpQkxYU1R4b0tsYkRUUnZqS2tWTlJHMVdoOGw2WldGbFdJYzFwZWd1a0lQMWJCYWtiM2dBeG53X2ZlTjFz?oc=5\" target=\"_blank\" rel=\"nofollow noopener\">Oscar-voittaja Emma Stone kaljuna uutuusleffassa<\/a>&nbsp;&nbsp;mtvuutiset.fi<\/li>\n<li><a href=\"https:\/\/news.google.com\/rss\/articles\/CBMiUkFVX3lxTE12RXZCUDNac2lydm5nVGl5R0VMWW8zMFlfT1UtSUpjb1hpRjRYZlcxMHJmR1lPWF9nb05nN0Q1em4zUFNYbEFhcUFfbkdwekp2Rnc?oc=5\" target=\"_blank\" rel=\"nofollow noopener\">Bugonia \u2013 elokuvan arvostelu<\/a>&nbsp;&nbsp;Episodi.fi<\/li>\n<li><a href=\"https:\/\/news.google.com\/rss\/articles\/CBMiS0FVX3lxTE1QS3Vxelc0TktHR1lMOVF2WTVTejdkYmJUamYxMVRwSzVyczFpU0hNM0tFQlhPZGhISVB0UUxzTmZYRE1pOEtOaV9yNA?oc=5\" target=\"_blank\" rel=\"nofollow noopener\">Elokuva-arvostelu | Emma Stone tekee loistoroolin kidnapattuna kreikkalaisohjaajan hurjassa elokuvassa<\/a>&nbsp;&nbsp;ts.fi<\/li>\n<li><a href=\"https:\/\/news.google.com\/rss\/articles\/CBMitwFBVV95cUxPRlhBNGNta29yZkRPVHRKUnlwbnc1SVZDY3FnRWMxRGZmSDhUN2luUzBtbFkwTXBSeTA2NGh6RlpIU2xGRWtzLXNOaDVUZGVRbVFaT2I2NTRmdFFhWllTT29QNDdGc2R6YW11dk1wRFFwSWwwUUhocUxHWnJVblJlNjBVczM4RWYtSVltNnE0dHJFcUEyVGM1b2lOTXgzWURndFJyUlZUTFNBN01PYkRpLUx6eGZYV2s?oc=5\" target=\"_blank\" rel=\"nofollow noopener\">Arvio: Bugonia on elokuva, jossa salaliittoteoriat ja eriarvoistuminen t\u00f6rm\u00e4\u00e4v\u00e4t<\/a>&nbsp;&nbsp;Suomenkuvalehti.fi<\/li>\n<\/ol>\n","protected":false},"excerpt":{"rendered":"Elokuva-arvio | Emma Stonen millintarkkaa n\u00e4yttelij\u00e4nty\u00f6t\u00e4 hykerrytt\u00e4v\u00e4ss\u00e4 satiirissa voi vain ihailla&nbsp;&nbsp;Satakunnan Kansa Oscar-voittaja Emma Stone kaljuna uutuusleffassa&nbsp;&nbsp;mtvuutiset.fi Bugonia&hellip;\n","protected":false},"author":2,"featured_media":78196,"comment_status":"","ping_status":"","sticky":false,"template":"","format":"standard","meta":{"footnotes":""},"categories":[131],"tags":[155,137,33,173,31,30,172,80,32,109],"class_list":{"0":"post-78195","1":"post","2":"type-post","3":"status-publish","4":"format-standard","5":"has-post-thumbnail","7":"category-elokuvat","8":"tag-elokuvat","9":"tag-entertainment","10":"tag-fi","11":"tag-film","12":"tag-finland","13":"tag-finnish","14":"tag-movies","15":"tag-satakunnan-kansa","16":"tag-suomi","17":"tag-viihde"},"share_on_mastodon":{"url":"https:\/\/pubeurope.com\/@fi\/115474846369734378","error":""},"_links":{"self":[{"href":"https:\/\/www.europesays.com\/fi\/wp-json\/wp\/v2\/posts\/78195","targetHints":{"allow":["GET"]}}],"collection":[{"href":"https:\/\/www.europesays.com\/fi\/wp-json\/wp\/v2\/posts"}],"about":[{"href":"https:\/\/www.europesays.com\/fi\/wp-json\/wp\/v2\/types\/post"}],"author":[{"embeddable":true,"href":"https:\/\/www.europesays.com\/fi\/wp-json\/wp\/v2\/users\/2"}],"replies":[{"embeddable":true,"href":"https:\/\/www.europesays.com\/fi\/wp-json\/wp\/v2\/comments?post=78195"}],"version-history":[{"count":0,"href":"https:\/\/www.europesays.com\/fi\/wp-json\/wp\/v2\/posts\/78195\/revisions"}],"wp:featuredmedia":[{"embeddable":true,"href":"https:\/\/www.europesays.com\/fi\/wp-json\/wp\/v2\/media\/78196"}],"wp:attachment":[{"href":"https:\/\/www.europesays.com\/fi\/wp-json\/wp\/v2\/media?parent=78195"}],"wp:term":[{"taxonomy":"category","embeddable":true,"href":"https:\/\/www.europesays.com\/fi\/wp-json\/wp\/v2\/categories?post=78195"},{"taxonomy":"post_tag","embeddable":true,"href":"https:\/\/www.europesays.com\/fi\/wp-json\/wp\/v2\/tags?post=78195"}],"curies":[{"name":"wp","href":"https:\/\/api.w.org\/{rel}","templated":true}]}}