{"id":78306,"date":"2025-11-01T17:20:13","date_gmt":"2025-11-01T17:20:13","guid":{"rendered":"https:\/\/www.europesays.com\/fi\/78306\/"},"modified":"2025-11-01T17:20:13","modified_gmt":"2025-11-01T17:20:13","slug":"naiselle-syytteet-louvren-jalokivivarkaudesta-uutissuomalainen","status":"publish","type":"post","link":"https:\/\/www.europesays.com\/fi\/78306\/","title":{"rendered":"Naiselle syytteet Louvren jalokivivarkaudesta | Uutissuomalainen"},"content":{"rendered":"<p>Ranskassa aiemmin viikolla kiinni otettua naista vastaan on nostettu syytteet Louvren jalokivivarkaudesta. 38-vuotiasta naista syytet\u00e4\u00e4n avunannosta j\u00e4rjest\u00e4ytyneeseen varkauteen ja rikollisesta salaliitosta rikoksen tekemiseksi.<\/p>\n<p>Ranskan poliisi otti keskiviikkona Pariisissa ja sen l\u00e4hialueilla kiinni viisi uutta ep\u00e4ilty\u00e4 jalokivivarkaustutkinnassa. Syytt\u00e4j\u00e4n mukaan yksi kiinni otetuista kuului p\u00e4\u00e4ep\u00e4iltyjen joukkoon ja muilla nelj\u00e4ll\u00e4 uskottiin olevan varkauteen liittyvi\u00e4 tietoja. Yksi kiinni otetuista p\u00e4\u00e4stettiin perjantaina vapaaksi ilman syytteit\u00e4.<\/p>\n<p>Jo viime viikolla ranskalaismediat kertoivat poliisin saaneen kiinni kaksi miest\u00e4, joiden ep\u00e4ill\u00e4\u00e4n kuuluvan nelihenkiseen varaskoplaan, joka varasti jalokivet. Kaksikko on vangittu, ja syytt\u00e4j\u00e4n mukaan he ovat osittain my\u00f6nt\u00e4neet varkaudesta nostetut syytteet.<\/p>\n<p>Museosta varastettiin 88 miljoonan euron arvosta koruja lokakuun puolessav\u00e4liss\u00e4. Koruja ei ole viel\u00e4k\u00e4\u00e4n l\u00f6ydetty.<\/p>\n<p>Nelihenkinen varasjoukko vei saaliinsa keskell\u00e4 p\u00e4iv\u00e4\u00e4 museon aukioloaikana ja pakeni paikalta skoottereilla. Varkaus kesti viranomaisten mukaan vain noin seitsem\u00e4n minuuttia.<\/p>\n<p>Varastettujen korujen joukossa oli muun muassa Napoleon Bonaparten vaimolleen, keisarinna Marie Louiselle antama smaragdeilla ja timanteilla koristeltu kaulakoru.<\/p>\n","protected":false},"excerpt":{"rendered":"Ranskassa aiemmin viikolla kiinni otettua naista vastaan on nostettu syytteet Louvren jalokivivarkaudesta. 38-vuotiasta naista syytet\u00e4\u00e4n avunannosta j\u00e4rjest\u00e4ytyneeseen varkauteen&hellip;\n","protected":false},"author":2,"featured_media":78307,"comment_status":"","ping_status":"","sticky":false,"template":"","format":"standard","meta":{"footnotes":""},"categories":[12],"tags":[22,23,26,27,33,31,30,17,55,53,24,25,28,29,15,18,21,122,54,52,38,32,19,20,546,16],"class_list":{"0":"post-78306","1":"post","2":"type-post","3":"status-publish","4":"format-standard","5":"has-post-thumbnail","7":"category-suomi","8":"tag-breaking-news","9":"tag-breakingnews","10":"tag-featured-news","11":"tag-featurednews","12":"tag-fi","13":"tag-finland","14":"tag-finnish","15":"tag-headlines","16":"tag-lainvalvonta","17":"tag-laki-oikeus-ja-rikos","18":"tag-latest-news","19":"tag-latestnews","20":"tag-main-news","21":"tag-mainnews","22":"tag-news","23":"tag-otsikot","24":"tag-paauutiset","25":"tag-pelastaminen","26":"tag-pelastuspalvelut","27":"tag-poliisi","28":"tag-rikos","29":"tag-suomi","30":"tag-top-stories","31":"tag-topstories","32":"tag-turvallisuus","33":"tag-uutiset"},"share_on_mastodon":{"url":"https:\/\/pubeurope.com\/@fi\/115475593654142731","error":""},"_links":{"self":[{"href":"https:\/\/www.europesays.com\/fi\/wp-json\/wp\/v2\/posts\/78306","targetHints":{"allow":["GET"]}}],"collection":[{"href":"https:\/\/www.europesays.com\/fi\/wp-json\/wp\/v2\/posts"}],"about":[{"href":"https:\/\/www.europesays.com\/fi\/wp-json\/wp\/v2\/types\/post"}],"author":[{"embeddable":true,"href":"https:\/\/www.europesays.com\/fi\/wp-json\/wp\/v2\/users\/2"}],"replies":[{"embeddable":true,"href":"https:\/\/www.europesays.com\/fi\/wp-json\/wp\/v2\/comments?post=78306"}],"version-history":[{"count":0,"href":"https:\/\/www.europesays.com\/fi\/wp-json\/wp\/v2\/posts\/78306\/revisions"}],"wp:featuredmedia":[{"embeddable":true,"href":"https:\/\/www.europesays.com\/fi\/wp-json\/wp\/v2\/media\/78307"}],"wp:attachment":[{"href":"https:\/\/www.europesays.com\/fi\/wp-json\/wp\/v2\/media?parent=78306"}],"wp:term":[{"taxonomy":"category","embeddable":true,"href":"https:\/\/www.europesays.com\/fi\/wp-json\/wp\/v2\/categories?post=78306"},{"taxonomy":"post_tag","embeddable":true,"href":"https:\/\/www.europesays.com\/fi\/wp-json\/wp\/v2\/tags?post=78306"}],"curies":[{"name":"wp","href":"https:\/\/api.w.org\/{rel}","templated":true}]}}