{"id":78416,"date":"2025-11-01T20:36:09","date_gmt":"2025-11-01T20:36:09","guid":{"rendered":"https:\/\/www.europesays.com\/fi\/78416\/"},"modified":"2025-11-01T20:36:09","modified_gmt":"2025-11-01T20:36:09","slug":"opettaja-helsinki-design-schoolin-lopettamisesta-monilla-on-jaanyt-sielta-palkkioita-saamatta-tosi-pitkalta-ajalta-kulttuuri","status":"publish","type":"post","link":"https:\/\/www.europesays.com\/fi\/78416\/","title":{"rendered":"Opettaja Helsinki Design Schoolin lopettamisesta: \u201dmonilla on j\u00e4\u00e4nyt sielt\u00e4 palkkioita saamatta tosi pitk\u00e4lt\u00e4 ajalta\u201d | Kulttuuri"},"content":{"rendered":"<p class=\"aw-1gybjub aw-5vja16 ghpEtB kjanFo yle__article__paragraph\">Yksityinen Helsinki Design School kompuroi usean vuoden ajan opettajien palkkioiden maksussa.<\/p>\n<p><img decoding=\"async\" alt=\"Ov, jonka lasissa lukee Helsinki Design School.\" src=\"https:\/\/www.europesays.com\/fi\/wp-content\/uploads\/2025\/11\/39-15472816905b92a0b76b.jpeg\" class=\"aw-1l9m598 hKVVvP\"\/><\/p>\n<p>Avaa kuvien katselu<\/p>\n<p>Yksityinen muotoilukoulu Helsinki Design School lopetti toimintansa. Kuva on otettu vuonna 2016. Kuva: Antti Aimo-Koivisto \/ Lehtikuva<\/p>\n<p>Juttu tiivistettyn\u00e4<\/p>\n<ul class=\"aw-1jjocuh iJTSwP yle__article__list yle__article__list--ul\">\n<li class=\"aw-1j7gwms eEeLbO\">Helsinki Design School ilmoitti lopettavansa toimintansa taloudellisten vaikeuksien vuoksi.<\/li>\n<li class=\"aw-1j7gwms eEeLbO\">Koulu on tarjonnut opetusta vuodesta 2012 l\u00e4htien.<\/li>\n<li class=\"aw-1j7gwms eEeLbO\">Ylen haastattelemat opettajat ovat kertoneet palkanmaksun viiv\u00e4stymisest\u00e4.<\/li>\n<li class=\"aw-1j7gwms eEeLbO\">Yle ei tavoittanut koulun johtajaa Jani Arom\u00e4ke\u00e4 kommentoimaan tilannetta.<\/li>\n<\/ul>\n<p class=\"aw-1gybjub aw-1p7kakr ghpEtB jtovHP yle__article__paragraph\">T\u00e4m\u00e4 on teko\u00e4lyn avulla tuotettu, toimittajan tarkistama tiivistelm\u00e4.<\/p>\n<p class=\"aw-1gybjub aw-1p7kakr ghpEtB jtovHP yle__article__paragraph\">Yksityinen luovien alojen koulu Helsinki Design School kertoi <a class=\"aw-iao6s4 iHOxEa yle__article__link\" href=\"https:\/\/www.helsinkidesignschool.fi\/\" role=\"link\" rel=\"nofollow noopener\" target=\"_blank\">verkkosivuillaan<\/a> lopettavansa toimintansa. Koulu on j\u00e4rjest\u00e4nyt opetusta vuosien varrella useassa eri osoitteessa Helsingiss\u00e4. Viimeksi se sijaitsi entisen Sinebrychoffin olutpanimon piharakennuksessa Hietalahdentorin laidassa.<\/p>\n<p class=\"aw-1gybjub aw-1p7kakr ghpEtB jtovHP yle__article__paragraph\">Vuonna 2012 perustettu Helsinki Design School on houkutellut opiskelijoita nimekk\u00e4ill\u00e4 luennoitsijoilla. Koulussa on voinut opiskella esimerkiksi graafista suunnittelua, muotisuunnittelua ja valokuvausta.<\/p>\n<p class=\"aw-1gybjub aw-1p7kakr ghpEtB jtovHP yle__article__paragraph\">Helsinki Design Schoolin vaikeuksia on seurattu viime vuosina my\u00f6s Grafiassa. Grafia on visuaalisen viestinn\u00e4n suunnittelijoiden edunvalvoja.<\/p>\n<p class=\"aw-1gybjub aw-1p7kakr ghpEtB jtovHP yle__article__paragraph\">J\u00e4rjest\u00f6n puheenjohtajalla <strong class=\"aw-ak79eh KyCXm yle__article__strong\">Marina Vezikolla<\/strong> on omakohtainen kokemus koulusta. H\u00e4n vieraili useita kertoja Helsinki Design Schoolissa opettajana. Koulun johtaja <strong class=\"aw-ak79eh KyCXm yle__article__strong\">Jani Arom\u00e4ki<\/strong> otti Vezikoon yhteytt\u00e4 ensi kerran tammikuussa 2023.<\/p>\n<p class=\"aw-1gybjub aw-1p7kakr ghpEtB jtovHP yle__article__paragraph\">H\u00e4n kuvailee Arom\u00e4ke\u00e4 \u201dasiallisen oloiseksi liikemieheksi, joka on taitava puhumaan vakuuttavasti\u201d.<\/p>\n<p class=\"aw-1gybjub aw-1p7kakr ghpEtB jtovHP yle__article__paragraph\">Koulusta h\u00e4n oli kuullut etuk\u00e4teen kritiikki\u00e4 siit\u00e4, etteiv\u00e4t opinnot Helsinki Design Schoolissa johda \u201doikeaan tutkintoon\u201d. Veziko ei pit\u00e4nyt sit\u00e4 ongelmana. P\u00e4invastoin. H\u00e4n opiskeli itse kansanopistossa ennen kuin p\u00e4\u00e4si sis\u00e4\u00e4n Lahden Muotoiluinstituuttiin.<\/p>\n<p class=\"aw-1gybjub aw-1p7kakr ghpEtB jtovHP yle__article__paragraph\">\u2013 Helsinki Design Schoolin opinnoille oli selke\u00e4sti tilausta. Sen konsepti oli sin\u00e4ll\u00e4\u00e4n hyv\u00e4 ja luennoitsijat alan huippunimi\u00e4.<\/p>\n<p class=\"aw-1gybjub aw-1p7kakr ghpEtB jtovHP yle__article__paragraph\">Opiskelijoina oli Vezikon mukaan muun muassa paljon muualla Suomessa asuvia perheellisi\u00e4 alanvaihtajia, joille perinteiset opinnot esimerkiksi Aalto-yliopistossa olisivat olleet mahdoton toteuttaa.<\/p>\n<p class=\"aw-1gybjub aw-1p7kakr ghpEtB jtovHP yle__article__paragraph\">\u2013 Pidin opettamisesta, ja luentop\u00e4iv\u00e4t olivat antoisia. Palkanmaksuun liittyv\u00e4t asiat kuitenkin varjostivat kokemusta.<\/p>\n<p>Palkanmaksu t\u00f6kki<\/p>\n<p class=\"aw-1gybjub aw-1p7kakr ghpEtB jtovHP yle__article__paragraph\">Palkanmaksu alkoi Vezikon mukaan t\u00f6kki\u00e4 melko pian. H\u00e4n joutui pen\u00e4\u00e4m\u00e4\u00e4n koululta maksamattomia palkkioita j\u00e4lkik\u00e4teen.<\/p>\n<p class=\"aw-1gybjub aw-1p7kakr ghpEtB jtovHP yle__article__paragraph\">Ep\u00e4varman palkanmaksun takia Veziko otti kouluun tiukan linjan. H\u00e4n ilmoitti Arom\u00e4elle tulevansa opettamaan uudelleen vasta sen j\u00e4lkeen, kun edellisen opetuskerran palkkio oli maksettu.<\/p>\n<p class=\"aw-1gybjub aw-1p7kakr ghpEtB jtovHP yle__article__paragraph\">\u2013 Saattoi k\u00e4yd\u00e4 niin, ett\u00e4 palkkio maksettiin vain pari p\u00e4iv\u00e4\u00e4 ennen seuraavaa luentokertaa.<\/p>\n<p class=\"aw-1gybjub aw-1p7kakr ghpEtB jtovHP yle__article__paragraph\">Veziko opetti koulussa viimeisen kerran kev\u00e4\u00e4ll\u00e4 2024. H\u00e4n joutui perim\u00e4\u00e4n viimeist\u00e4 palkkiotaan Grafian juristin avulla.<\/p>\n<p><img decoding=\"async\" alt=\"Marina Veziko.\" src=\"https:\/\/www.europesays.com\/fi\/wp-content\/uploads\/2025\/11\/39-15473186905f55082fcf.jpeg\" loading=\"lazy\" class=\"aw-1l9m598 hKVVvP\"\/><\/p>\n<p>Avaa kuvien katselu<\/p>\n<p>Graafinen suunnittelija Marina Veziko opetti Helsinki Design Schoolissa vuosina 2023\u2013 24. Kuva: Sofia Okkonen.<\/p>\n<p class=\"aw-1gybjub aw-1p7kakr ghpEtB jtovHP yle__article__paragraph\">Yle tavoitti Vezikon lis\u00e4ksi kolme muuta Helsinki Design Schoolissa vieraillutta opettajaa. He haluavat pysy\u00e4 nimett\u00f6min\u00e4. Yle on varmistanut kaikkien henkil\u00f6llisyyden. Kaikkien kolmen tarinassa toistuu sama kaava: opetuksesta maksettavat palkkiot ovat viiv\u00e4styneet erityisesti 2020-luvulla. Yksi haastatelluista kertoo odottaneensa palkkiotaan jopa yhdeks\u00e4n kuukautta.<\/p>\n<p class=\"aw-1gybjub aw-1p7kakr ghpEtB jtovHP yle__article__paragraph\">Palkkioiden maksaminen vaikuttaa olleen Helsinki Design Schoolille erityisen vaikeaa jo syksyll\u00e4 2024. Grafia tiedotti j\u00e4seni\u00e4\u00e4n maksuvaikeuksista joulukuussa 2024.<\/p>\n<p class=\"aw-1gybjub aw-1p7kakr ghpEtB jtovHP yle__article__paragraph\">\u2013 N\u00e4en, miksi monilla on j\u00e4\u00e4nyt sielt\u00e4 palkkioita saamatta tosi pitk\u00e4lt\u00e4 ajalta. Arom\u00e4ki on tosi hyv\u00e4 puhumaan ja vakuuttamaan ihmisen siit\u00e4, miksi palkkiot viiv\u00e4styv\u00e4t, Veziko sanoo.<\/p>\n<p>Opetussuunnitelma j\u00e4i h\u00e4m\u00e4r\u00e4ksi<\/p>\n<p class=\"aw-1gybjub aw-1p7kakr ghpEtB jtovHP yle__article__paragraph\">Palkanmaksun takkuamisen lis\u00e4ksi koulun opetussuunnitelma on her\u00e4tt\u00e4nyt joissain Ylen haastattelemissa opettajissa ihmetyst\u00e4. Vierailevien opettajien on ollut vaikea hahmottaa sit\u00e4, mit\u00e4 muut opettajat ovat opettaneet opiskelijoille.<\/p>\n<p class=\"aw-1gybjub aw-1p7kakr ghpEtB jtovHP yle__article__paragraph\">\u2013 Emme tienneet opetussuunnitelmasta, kuten millaisia tunteja mill\u00e4kin opettajalla on, sill\u00e4 Arom\u00e4ki piti opettajat erill\u00e4\u00e4n. Design-alalla kaikki kuitenkin tuntevat toisensa, joten koulun ongelmat alkoivat pikkuhiljaa tulla opettajien tietoisuuteen, Marina Veziko sanoo.<\/p>\n<p class=\"aw-1gybjub aw-1p7kakr ghpEtB jtovHP yle__article__paragraph\">Yle ei tavoittanut lauantaina koulun omistajaa ja toimitusjohtajaa Jani Arom\u00e4ke\u00e4 haastatteluun.<\/p>\n","protected":false},"excerpt":{"rendered":"Yksityinen Helsinki Design School kompuroi usean vuoden ajan opettajien palkkioiden maksussa. Avaa kuvien katselu Yksityinen muotoilukoulu Helsinki Design&hellip;\n","protected":false},"author":2,"featured_media":78417,"comment_status":"","ping_status":"","sticky":false,"template":"","format":"standard","meta":{"footnotes":""},"categories":[135],"tags":[389,387,388,390,137,33,31,30,16551,104,16550,96,108,106,10567,32,394,393,391,392,109],"class_list":{"0":"post-78416","1":"post","2":"type-post","3":"status-publish","4":"format-standard","5":"has-post-thumbnail","7":"category-taiteet-ja-suunnittelu","8":"tag-arts","9":"tag-arts-and-design","10":"tag-artsanddesign","11":"tag-design","12":"tag-entertainment","13":"tag-fi","14":"tag-finland","15":"tag-finnish","16":"tag-graafinen-suunnittelu","17":"tag-helsinki","18":"tag-helsinki-design-school","19":"tag-koulutus","20":"tag-kulttuuri","21":"tag-muoti","22":"tag-muotoilu","23":"tag-suomi","24":"tag-suunnittelu","25":"tag-taiteet","26":"tag-taiteet-ja-suunnittelu","27":"tag-taiteetsuunnittelu","28":"tag-viihde"},"share_on_mastodon":{"url":"https:\/\/pubeurope.com\/@fi\/115476364314022569","error":""},"_links":{"self":[{"href":"https:\/\/www.europesays.com\/fi\/wp-json\/wp\/v2\/posts\/78416","targetHints":{"allow":["GET"]}}],"collection":[{"href":"https:\/\/www.europesays.com\/fi\/wp-json\/wp\/v2\/posts"}],"about":[{"href":"https:\/\/www.europesays.com\/fi\/wp-json\/wp\/v2\/types\/post"}],"author":[{"embeddable":true,"href":"https:\/\/www.europesays.com\/fi\/wp-json\/wp\/v2\/users\/2"}],"replies":[{"embeddable":true,"href":"https:\/\/www.europesays.com\/fi\/wp-json\/wp\/v2\/comments?post=78416"}],"version-history":[{"count":0,"href":"https:\/\/www.europesays.com\/fi\/wp-json\/wp\/v2\/posts\/78416\/revisions"}],"wp:featuredmedia":[{"embeddable":true,"href":"https:\/\/www.europesays.com\/fi\/wp-json\/wp\/v2\/media\/78417"}],"wp:attachment":[{"href":"https:\/\/www.europesays.com\/fi\/wp-json\/wp\/v2\/media?parent=78416"}],"wp:term":[{"taxonomy":"category","embeddable":true,"href":"https:\/\/www.europesays.com\/fi\/wp-json\/wp\/v2\/categories?post=78416"},{"taxonomy":"post_tag","embeddable":true,"href":"https:\/\/www.europesays.com\/fi\/wp-json\/wp\/v2\/tags?post=78416"}],"curies":[{"name":"wp","href":"https:\/\/api.w.org\/{rel}","templated":true}]}}