{"id":78525,"date":"2025-11-01T23:50:10","date_gmt":"2025-11-01T23:50:10","guid":{"rendered":"https:\/\/www.europesays.com\/fi\/78525\/"},"modified":"2025-11-01T23:50:10","modified_gmt":"2025-11-01T23:50:10","slug":"kaisa-juuso-ottaa-irti-minka-saa-alkaako-ura-olla-ohi","status":"publish","type":"post","link":"https:\/\/www.europesays.com\/fi\/78525\/","title":{"rendered":"Kaisa Juuso \u201dottaa irti mink\u00e4 saa\u201d \u2013 Alkaako ura olla ohi?"},"content":{"rendered":"<p>Politiikan puskaradion tuoreessa jaksossa pohditaan Juuson perheen ty\u00f6tilannetta, kokoomuksen tulevaisuusn\u00e4kymi\u00e4 ja Suomalaisen Klubin tuoreinta naiskohua.<\/p>\n<p class=\"paragraph\">\u2013 Onko <strong>Kaisa Juuso<\/strong> jo ihan gonahtanut tuohon teht\u00e4v\u00e4\u00e4ns\u00e4? Ett\u00e4 ei vain en\u00e4\u00e4 niin sanotusti napostele? kysyy toimittaja <strong>Jari Hanska<\/strong> <a href=\"https:\/\/open.spotify.com\/episode\/5lA11OysYu0rUfNpIIka7m?si=819b113366b54cf6\" target=\"_blank\" rel=\"noopener nofollow\">Politiikan puskaradio -podcastin<\/a> tuoreessa jaksossa.<\/p>\n<p class=\"paragraph\">Jaksossa k\u00e4yd\u00e4\u00e4n l\u00e4pi t\u00e4m\u00e4n viikon kuumaa politiikkaperunaa: Kaisa Juuson pojan palkkaamista eduskunta-avustajaksi.<\/p>\n<p class=\"paragraph\">\u2013 Nepotismia, tuumasi korruptiota ja etiikkaa tutkiva emeritusprofessori <strong>Ari Salminen<\/strong>, ja soppa oli valmis.<\/p>\n<p class=\"paragraph\">Mit\u00e4\u00e4n s\u00e4\u00e4nt\u00f6jen vastaista ei ole tapahtunut. L\u00e4heisen palkkaamista ei ole kielletty laissa tai edes eduskuntalaitoksen s\u00e4\u00e4nn\u00f6iss\u00e4, mutta pit\u00e4isik\u00f6 asia ymm\u00e4rt\u00e4\u00e4 ilman kieltoja?<\/p>\n<p class=\"paragraph\">Kaisa Juuson kohdalla v\u00e4linpit\u00e4m\u00e4tt\u00f6myyden syyt\u00e4 haetaan jatkosuunnitelmista. Ehk\u00e4 65-vuotias Juuso ei aio hakea uutta kierrosta kansanedustajapestiins\u00e4 en\u00e4\u00e4 seuraavissa vaaleissa, joten sill\u00e4 ei ole niin v\u00e4li\u00e4, milt\u00e4 asiat n\u00e4ytt\u00e4v\u00e4t.<\/p>\n<p class=\"paragraph\">Jos kohu ei kiinnosta, voi hyvin hakea omalle pojallekin eduskuntalaitoksesta palkkatuloja, kun viel\u00e4 pystyy.<\/p>\n<p class=\"paragraph\">\u2013 Otetaan se irti, mit\u00e4 saadaan. Kaikesta huokuu se, ett\u00e4 h\u00e4n ei ole ensi eduskuntavaaleissa ehdolla, arvioi <strong>Mika Koskinen<\/strong>.<\/p>\n<p class=\"paragraph\">Juuson perheen ty\u00f6llisyystilanteen lis\u00e4ksi jaksossa puhuttavat muun muassa <strong>Petteri Orpon<\/strong> hyppy <strong>Sanna Marinin<\/strong> toivo-kelkkaan (vai toisin p\u00e4in?) ja Suomalaisen Klubin tuorein versio j\u00e4senkohusta. Viikon vitsiss\u00e4 tarjoillaan <strong>Donald Trumpille<\/strong> arkiruokaa.<\/p>\n<p class=\"paragraph\"><a href=\"https:\/\/open.spotify.com\/episode\/5lA11OysYu0rUfNpIIka7m?si=819b113366b54cf6\" target=\"_blank\" rel=\"noopener nofollow\">Politiikan puskaradiossa<\/a> Iltalehden politiikan toimittajat k\u00e4yv\u00e4t l\u00e4pi viikon kuumimmat puheenaiheet ja juorut. Uusi jakso julkaistaan perjantaisin.<\/p>\n","protected":false},"excerpt":{"rendered":"Politiikan puskaradion tuoreessa jaksossa pohditaan Juuson perheen ty\u00f6tilannetta, kokoomuksen tulevaisuusn\u00e4kymi\u00e4 ja Suomalaisen Klubin tuoreinta naiskohua. \u2013 Onko Kaisa&hellip;\n","protected":false},"author":2,"featured_media":78526,"comment_status":"","ping_status":"","sticky":false,"template":"","format":"standard","meta":{"footnotes":""},"categories":[12],"tags":[35,22,23,26,27,33,31,30,17,24,25,28,29,15,18,21,142,637,886,885,887,32,19,20,16],"class_list":{"0":"post-78525","1":"post","2":"type-post","3":"status-publish","4":"format-standard","5":"has-post-thumbnail","7":"category-suomi","8":"tag-24h","9":"tag-breaking-news","10":"tag-breakingnews","11":"tag-featured-news","12":"tag-featurednews","13":"tag-fi","14":"tag-finland","15":"tag-finnish","16":"tag-headlines","17":"tag-latest-news","18":"tag-latestnews","19":"tag-main-news","20":"tag-mainnews","21":"tag-news","22":"tag-otsikot","23":"tag-paauutiset","24":"tag-poliitikot","25":"tag-politiikka","26":"tag-puolueet","27":"tag-suomen-poliittiset-puolueet","28":"tag-suomen-politiikka","29":"tag-suomi","30":"tag-top-stories","31":"tag-topstories","32":"tag-uutiset"},"share_on_mastodon":{"url":"https:\/\/pubeurope.com\/@fi\/115477127150364857","error":""},"_links":{"self":[{"href":"https:\/\/www.europesays.com\/fi\/wp-json\/wp\/v2\/posts\/78525","targetHints":{"allow":["GET"]}}],"collection":[{"href":"https:\/\/www.europesays.com\/fi\/wp-json\/wp\/v2\/posts"}],"about":[{"href":"https:\/\/www.europesays.com\/fi\/wp-json\/wp\/v2\/types\/post"}],"author":[{"embeddable":true,"href":"https:\/\/www.europesays.com\/fi\/wp-json\/wp\/v2\/users\/2"}],"replies":[{"embeddable":true,"href":"https:\/\/www.europesays.com\/fi\/wp-json\/wp\/v2\/comments?post=78525"}],"version-history":[{"count":0,"href":"https:\/\/www.europesays.com\/fi\/wp-json\/wp\/v2\/posts\/78525\/revisions"}],"wp:featuredmedia":[{"embeddable":true,"href":"https:\/\/www.europesays.com\/fi\/wp-json\/wp\/v2\/media\/78526"}],"wp:attachment":[{"href":"https:\/\/www.europesays.com\/fi\/wp-json\/wp\/v2\/media?parent=78525"}],"wp:term":[{"taxonomy":"category","embeddable":true,"href":"https:\/\/www.europesays.com\/fi\/wp-json\/wp\/v2\/categories?post=78525"},{"taxonomy":"post_tag","embeddable":true,"href":"https:\/\/www.europesays.com\/fi\/wp-json\/wp\/v2\/tags?post=78525"}],"curies":[{"name":"wp","href":"https:\/\/api.w.org\/{rel}","templated":true}]}}