{"id":78527,"date":"2025-11-01T23:51:09","date_gmt":"2025-11-01T23:51:09","guid":{"rendered":"https:\/\/www.europesays.com\/fi\/78527\/"},"modified":"2025-11-01T23:51:09","modified_gmt":"2025-11-01T23:51:09","slug":"tuomas-iisalon-paavalmentama-memphis-asetti-tahtipelaajansa-pelikieltoon-sopimattoman-kaytoksen-takia-urheilua-lyhyesti","status":"publish","type":"post","link":"https:\/\/www.europesays.com\/fi\/78527\/","title":{"rendered":"Tuomas Iisalon p\u00e4\u00e4valmentama Memphis asetti t\u00e4htipelaajansa pelikieltoon sopimattoman k\u00e4yt\u00f6ksen takia | Urheilua lyhyesti"},"content":{"rendered":"<p class=\"aw-1gybjub aw-5vja16 ghpEtB kjanFo yle__article__paragraph\">Yhdysvaltalaiskoripalloilija Ja Morant sai yhden ottelun pelikiellon vastattuaan v\u00e4h\u00e4ttelev\u00e4sti p\u00e4\u00e4valmentaja Tuomas Iisalolle.<\/p>\n<p><img decoding=\"async\" alt=\"Ja Morant pussitti voitollisessa avauspeliss\u00e4 komeat 35 pistett\u00e4, lauantaiaamuna en\u00e4\u00e4 12. Tuomas Iisalon Memphis Grizzlies k\u00e4rsi r\u00f6k\u00e4letappion Miami Heatille lauantaina 25.10. 2025. \" src=\"https:\/\/www.europesays.com\/fi\/wp-content\/uploads\/2025\/10\/39-154368068fca7157e74a.jpeg\" class=\"aw-1l9m598 hKVVvP\"\/><\/p>\n<p>Avaa kuvien katselu<\/p>\n<p>Ja Morant sai pelikiletoa kommenteistaan p\u00e4\u00e4valmentaja Tuomas Iisalolle. Kaksikko kuvattu aikaisemmin t\u00e4ll\u00e4 kaudella. Kuva: Petre Thomas-Imagn Images<\/p>\n<p class=\"aw-1gybjub aw-1p7kakr ghpEtB jtovHP yle__article__paragraph\">Koripallon NBA:ssa <strong class=\"aw-ak79eh KyCXm yle__article__strong\">Tuomas Iisalon<\/strong> p\u00e4\u00e4valmentama Memphis Grizzlies on asettanut t\u00e4htipelaajansa <strong class=\"aw-ak79eh KyCXm yle__article__strong\">Ja Morantin<\/strong> yhden ottelun pelikieltoon sopimattoman k\u00e4yt\u00f6ksen takia, uutisoi <a class=\"aw-iao6s4 iHOxEa yle__article__link\" href=\"https:\/\/www.espn.com\/nba\/story\/_\/id\/46806262\/grizzlies-suspend-ja-morant-1-game-conduct-detrimental\" role=\"link\" rel=\"nofollow noopener\" target=\"_blank\">ESPN<\/a>.<\/p>\n<p class=\"aw-1gybjub aw-1p7kakr ghpEtB jtovHP yle__article__paragraph\">Yhdysvaltalaismedian mukaan Morant vastasi perjantaina Iisalolle sopimattomalla ja v\u00e4h\u00e4ttelev\u00e4ksi koetulla \u00e4\u00e4nens\u00e4vyll\u00e4, kun t\u00e4m\u00e4 haastoi tappiollisen ottelun j\u00e4lkeen yhdysvaltalaispelaajan johtajuutta ja panosta.<\/p>\n<p class=\"aw-1gybjub aw-1p7kakr ghpEtB jtovHP yle__article__paragraph\">Memphis h\u00e4visi perjantaina Los Angeles Lakersille pistein 112\u2013117. Morant heitti ottelussa kahdeksan pistett\u00e4, joka on h\u00e4nen alhaisin pistem\u00e4\u00e4r\u00e4ns\u00e4 t\u00e4ll\u00e4 kaudella.<\/p>\n<p class=\"aw-1gybjub aw-1p7kakr ghpEtB jtovHP yle__article__paragraph\">Kun Morantilta kysyttiin ottelun j\u00e4lkeen, mik\u00e4 meni pieleen, turhautunut pelaaja kehotti toimittajia kysym\u00e4\u00e4n asiasta valmennustiimilt\u00e4.<\/p>\n<p class=\"aw-1gybjub aw-1p7kakr ghpEtB jtovHP yle__article__paragraph\">Nilkkavaivoista kauden alla k\u00e4rsinyt Morant on pelannut t\u00e4ll\u00e4 kaudella keskim\u00e4\u00e4rin 29 minuuttia, mik\u00e4 on v\u00e4hemm\u00e4n kuin aikaisemmilla kausilla.<\/p>\n<p class=\"aw-1gybjub aw-1p7kakr ghpEtB jtovHP yle__article__paragraph\">Memphis kohtaa sunnuntain ja maanantain v\u00e4lisen\u00e4 y\u00f6n\u00e4 Suomen aikaa Toronto Raptorsin.<\/p>\n","protected":false},"excerpt":{"rendered":"Yhdysvaltalaiskoripalloilija Ja Morant sai yhden ottelun pelikiellon vastattuaan v\u00e4h\u00e4ttelev\u00e4sti p\u00e4\u00e4valmentaja Tuomas Iisalolle. Avaa kuvien katselu Ja Morant sai&hellip;\n","protected":false},"author":2,"featured_media":71911,"comment_status":"","ping_status":"","sticky":false,"template":"","format":"standard","meta":{"footnotes":""},"categories":[5],"tags":[22,23,26,27,33,31,30,17,15755,1702,24,25,28,29,12604,1703,15,18,21,32,19,20,12603,160,16],"class_list":{"0":"post-78527","1":"post","2":"type-post","3":"status-publish","4":"format-standard","5":"has-post-thumbnail","7":"category-otsikot","8":"tag-breaking-news","9":"tag-breakingnews","10":"tag-featured-news","11":"tag-featurednews","12":"tag-fi","13":"tag-finland","14":"tag-finnish","15":"tag-headlines","16":"tag-ja-morant","17":"tag-koripallo","18":"tag-latest-news","19":"tag-latestnews","20":"tag-main-news","21":"tag-mainnews","22":"tag-memphis-grizzlies","23":"tag-miesten-koripallo","24":"tag-news","25":"tag-otsikot","26":"tag-paauutiset","27":"tag-suomi","28":"tag-top-stories","29":"tag-topstories","30":"tag-tuomas-iisalo","31":"tag-urheilu","32":"tag-uutiset"},"share_on_mastodon":{"url":"https:\/\/pubeurope.com\/@fi\/115477131092700927","error":""},"_links":{"self":[{"href":"https:\/\/www.europesays.com\/fi\/wp-json\/wp\/v2\/posts\/78527","targetHints":{"allow":["GET"]}}],"collection":[{"href":"https:\/\/www.europesays.com\/fi\/wp-json\/wp\/v2\/posts"}],"about":[{"href":"https:\/\/www.europesays.com\/fi\/wp-json\/wp\/v2\/types\/post"}],"author":[{"embeddable":true,"href":"https:\/\/www.europesays.com\/fi\/wp-json\/wp\/v2\/users\/2"}],"replies":[{"embeddable":true,"href":"https:\/\/www.europesays.com\/fi\/wp-json\/wp\/v2\/comments?post=78527"}],"version-history":[{"count":0,"href":"https:\/\/www.europesays.com\/fi\/wp-json\/wp\/v2\/posts\/78527\/revisions"}],"wp:featuredmedia":[{"embeddable":true,"href":"https:\/\/www.europesays.com\/fi\/wp-json\/wp\/v2\/media\/71911"}],"wp:attachment":[{"href":"https:\/\/www.europesays.com\/fi\/wp-json\/wp\/v2\/media?parent=78527"}],"wp:term":[{"taxonomy":"category","embeddable":true,"href":"https:\/\/www.europesays.com\/fi\/wp-json\/wp\/v2\/categories?post=78527"},{"taxonomy":"post_tag","embeddable":true,"href":"https:\/\/www.europesays.com\/fi\/wp-json\/wp\/v2\/tags?post=78527"}],"curies":[{"name":"wp","href":"https:\/\/api.w.org\/{rel}","templated":true}]}}