{"id":78551,"date":"2025-11-02T00:41:07","date_gmt":"2025-11-02T00:41:07","guid":{"rendered":"https:\/\/www.europesays.com\/fi\/78551\/"},"modified":"2025-11-02T00:41:07","modified_gmt":"2025-11-02T00:41:07","slug":"trump-uhkaa-nigeriaa-sotatoimilla-presidentti-kiistaa-hallituksen-sallivan-kristittyjen-vainon","status":"publish","type":"post","link":"https:\/\/www.europesays.com\/fi\/78551\/","title":{"rendered":"Trump uhkaa Nigeriaa sotatoimilla, presidentti kiist\u00e4\u00e4 hallituksen sallivan kristittyjen vainon"},"content":{"rendered":"<p>Kansainv\u00e4liset suhteet|Trump uhkaa lakkauttaa avustukset ja hy\u00f6k\u00e4t\u00e4 Nigeriaan, jos maan hallitus ei \u201dtoimi nopeasti\u201d kristittyjen suojelun suhteen.<\/p>\n<p class=\"article-body mb-nof-24 px-nof-16\">Yhdysvaltain presidentti <a class=\"article-personlink\" href=\"https:\/\/www.hs.fi\/haku\/?query=Donald%20Trump\" rel=\"nofollow noopener\" target=\"_blank\">Donald Trump<\/a> uhkaa Nigeriaa sotatoimilla ja avustusten lakkauttamisella. Trump esitti uhkauksensa <a class=\"article-genericlink\" href=\"https:\/\/truthsocial.com\/@realDonaldTrump\/posts\/115476385101120405\" rel=\"nofollow noopener\" target=\"_blank\">Truth Social<\/a> -somepalvelussaan.<\/p>\n<p class=\"article-body mb-nof-24 px-nof-16\">Trumpin mukaan Nigeria sallii kristittyjen tappamisen. H\u00e4n kertoo m\u00e4\u00e4r\u00e4nneens\u00e4 puolustusministeri\u00f6n valmistelemaan mahdollisia toimia. P\u00e4ivityksess\u00e4\u00e4n h\u00e4n kutsui Nigeriaa \u201dh\u00e4pe\u00e4lliseksi maaksi\u201d, johon Yhdysvallat saattaa menn\u00e4 \u201daseet paukkuen\u201d.<\/p>\n<p class=\"article-body mb-nof-24 px-nof-16\">\u201dK\u00e4sken sotaministeri\u00f6t\u00e4mme valmistautumaan mahdollisiin toimiin. Jos hy\u00f6kk\u00e4\u00e4mme, se tapahtuu nopeasti, h\u00e4ijysti ja suloisesti, aivan kuten terroristit hy\u00f6kk\u00e4\u00e4v\u00e4t rakkaita kristittyj\u00e4mme vastaan.\u201d<\/p>\n<p class=\"article-body mb-nof-24 px-nof-16\">\u201dVAROITUS: NIGERIAN HALLITUKSEN ON PAREMPI TOIMIA NOPEASTI\u201d, Trump p\u00e4\u00e4tti viestins\u00e4.<\/p>\n<p class=\"article-body mb-nof-24 px-nof-16\">Yli 230 miljoonan asukkaan Nigeriassa on v\u00e4kivaltaisia islamistiryhmi\u00e4, mutta <a class=\"article-genericlink\" href=\"https:\/\/www.cbsnews.com\/news\/trump-says-christians-face-existential-threat-in-nigeria\/\" rel=\"nofollow noopener\" target=\"_blank\">asiantuntijoiden<\/a> mukaan ne eiv\u00e4t valikoi hy\u00f6kk\u00e4ystens\u00e4 kohteiksi erityisesti kristittyj\u00e4. Maa jakautuu muslimienemmist\u00f6iseen pohjoisosaan ja kristillisenemmist\u00f6iseen etel\u00e4osaan.<\/p>\n<p class=\"article-body mb-nof-24 px-nof-16\">Trump julkaisi my\u00f6s perjantaina <a class=\"article-genericlink\" href=\"https:\/\/truthsocial.com\/@realDonaldTrump\" rel=\"nofollow noopener\" target=\"_blank\">p\u00e4ivityksen<\/a>, jossa h\u00e4n sanoi Nigeriassa kuolevan tuhansia kristittyj\u00e4. H\u00e4n kertoi julistavansa Nigerian erityisen huolen maaksi.<\/p>\n<p class=\"article-body mb-nof-24 px-nof-16\">Erityisen huolen maa on Yhdysvaltain ulkoministeri\u00f6n k\u00e4ytt\u00e4m\u00e4 luokittelu maista, joissa uskonnonvapauden tila on erityisen huono. <a class=\"article-genericlink\" href=\"https:\/\/www.state.gov\/countries-of-particular-concern-special-watch-list-countries-entities-of-particular-concern\" rel=\"nofollow noopener\" target=\"_blank\">Listalla<\/a> ovat muun muassa Kiina, Iran, Ven\u00e4j\u00e4 ja Pohjois-Korea.<\/p>\n<p class=\"article-body mb-nof-24 px-nof-16\">Maan presidentti <a class=\"article-personlink\" href=\"https:\/\/www.hs.fi\/haku\/?query=Bola%20Ahmed%20Tinubu\" rel=\"nofollow noopener\" target=\"_blank\">Bola Ahmed Tinubu<\/a> kommentoi lauantaina viestipalvelu <a class=\"article-genericlink\" href=\"https:\/\/x.com\/officialABAT\/status\/1984640117361840491\" rel=\"nofollow\">X:ss\u00e4<\/a>, ett\u00e4 Nigerian luonnehtiminen uskonnollisesti suvaitsemattomaksi maaksi ei vastaa todellisuutta.<\/p>\n<p class=\"article-body mb-nof-24 px-nof-16\">\u201dNigeria vastustaa uskonnollista vainoa eik\u00e4 kannusta siihen. Nigeria on maa, jonka perustuslaki takaa kaikkia uskontoja tunnustavien kansalaisten suojelun\u201d, Tinubu sanoi.<\/p>\n<p class=\"article-body mb-nof-24 px-nof-16\">Maan ulkoministeri\u00f6 puolestaan julkaisi tiedotteen, jossa se vannotti taistelevansa v\u00e4kivaltaisia \u00e4\u00e4riliikkeit\u00e4 vastaan. Ministeri\u00f6 toivoo, ett\u00e4 Yhdysvallat pysyy Nigerian l\u00e4heisen\u00e4 liittolaisena.<\/p>\n<p class=\"article-body mb-nof-24 px-nof-16\">\u201dAmerikan tavoin Nigerialla ei ole muuta vaihtoehtoa kuin juhlia monimuotoisuutta, joka on suurin vahvuutemme\u201d, lausunnossa <a class=\"article-genericlink\" href=\"https:\/\/www.reuters.com\/world\/china\/trump-says-christians-face-existential-threat-nigeria-adds-country-watch-list-2025-10-31\/\" rel=\"nofollow noopener\" target=\"_blank\">kirjoitettiin<\/a>.<\/p>\n","protected":false},"excerpt":{"rendered":"Kansainv\u00e4liset suhteet|Trump uhkaa lakkauttaa avustukset ja hy\u00f6k\u00e4t\u00e4 Nigeriaan, jos maan hallitus ei \u201dtoimi nopeasti\u201d kristittyjen suojelun suhteen. Yhdysvaltain&hellip;\n","protected":false},"author":2,"featured_media":78552,"comment_status":"","ping_status":"","sticky":false,"template":"","format":"standard","meta":{"footnotes":""},"categories":[14],"tags":[22,23,26,27,33,31,30,17,46,24,25,28,29,15,18,21,32,19,20,56,16,59,60,61],"class_list":{"0":"post-78551","1":"post","2":"type-post","3":"status-publish","4":"format-standard","5":"has-post-thumbnail","7":"category-ulkomaat","8":"tag-breaking-news","9":"tag-breakingnews","10":"tag-featured-news","11":"tag-featurednews","12":"tag-fi","13":"tag-finland","14":"tag-finnish","15":"tag-headlines","16":"tag-helsingin-sanomat","17":"tag-latest-news","18":"tag-latestnews","19":"tag-main-news","20":"tag-mainnews","21":"tag-news","22":"tag-otsikot","23":"tag-paauutiset","24":"tag-suomi","25":"tag-top-stories","26":"tag-topstories","27":"tag-ulkomaat","28":"tag-uutiset","29":"tag-world","30":"tag-world-news","31":"tag-worldnews"},"share_on_mastodon":{"url":"https:\/\/pubeurope.com\/@fi\/115477327612621297","error":""},"_links":{"self":[{"href":"https:\/\/www.europesays.com\/fi\/wp-json\/wp\/v2\/posts\/78551","targetHints":{"allow":["GET"]}}],"collection":[{"href":"https:\/\/www.europesays.com\/fi\/wp-json\/wp\/v2\/posts"}],"about":[{"href":"https:\/\/www.europesays.com\/fi\/wp-json\/wp\/v2\/types\/post"}],"author":[{"embeddable":true,"href":"https:\/\/www.europesays.com\/fi\/wp-json\/wp\/v2\/users\/2"}],"replies":[{"embeddable":true,"href":"https:\/\/www.europesays.com\/fi\/wp-json\/wp\/v2\/comments?post=78551"}],"version-history":[{"count":0,"href":"https:\/\/www.europesays.com\/fi\/wp-json\/wp\/v2\/posts\/78551\/revisions"}],"wp:featuredmedia":[{"embeddable":true,"href":"https:\/\/www.europesays.com\/fi\/wp-json\/wp\/v2\/media\/78552"}],"wp:attachment":[{"href":"https:\/\/www.europesays.com\/fi\/wp-json\/wp\/v2\/media?parent=78551"}],"wp:term":[{"taxonomy":"category","embeddable":true,"href":"https:\/\/www.europesays.com\/fi\/wp-json\/wp\/v2\/categories?post=78551"},{"taxonomy":"post_tag","embeddable":true,"href":"https:\/\/www.europesays.com\/fi\/wp-json\/wp\/v2\/tags?post=78551"}],"curies":[{"name":"wp","href":"https:\/\/api.w.org\/{rel}","templated":true}]}}