{"id":78623,"date":"2025-11-02T02:53:09","date_gmt":"2025-11-02T02:53:09","guid":{"rendered":"https:\/\/www.europesays.com\/fi\/78623\/"},"modified":"2025-11-02T02:53:09","modified_gmt":"2025-11-02T02:53:09","slug":"marin-brittilehdelle-saatan-palata-politiikkaan-tulevaisuudessa","status":"publish","type":"post","link":"https:\/\/www.europesays.com\/fi\/78623\/","title":{"rendered":"Marin brittilehdelle: Saatan palata politiikkaan tulevaisuudessa"},"content":{"rendered":"<p>Sanna Marinin kirja|The Sunday Times julkaisi laajan haastattelun, jossa Marin kommentoi muun muassa tulevaisuuden\u00adsuunnitelmiaan. Marinin kirja ilmestyy tiistaina.<\/p>\n<p class=\"article-body mb-nof-24 px-nof-16\">Suomen entinen p\u00e4\u00e4ministeri <a class=\"article-personlink\" href=\"https:\/\/www.hs.fi\/haku\/?query=Sanna%20Marin\" rel=\"nofollow noopener\" target=\"_blank\">Sanna Marin<\/a> (sd) on antanut laajan haastattelun brittilehti <a class=\"article-genericlink\" href=\"https:\/\/www.thetimes.com\/world\/europe\/article\/sanna-marin-women-can-have-fun-and-be-strong-at-their-jobs-mjdp9sw2x\" rel=\"nofollow noopener\" target=\"_blank\">The Sunday Timesille<\/a>.<\/p>\n<p class=\"article-body mb-nof-24 px-nof-16\">Marinin muistelmateosta pohjustavassa haastattelussa k\u00e4yd\u00e4\u00e4n l\u00e4pi Marinin uraa ja henkil\u00f6kohtaista el\u00e4m\u00e4\u00e4 ennen ja j\u00e4lkeen p\u00e4\u00e4ministeripestin. Marinin teos Toivo on tekoja ilmestyy tiistaina.<\/p>\n<p class=\"article-body mb-nof-24 px-nof-16\">Jutun lopussa Marin puhuu mahdollisesta paluustaan politiikkaan.<\/p>\n<p class=\"article-body mb-nof-24 px-nof-16\">\u201dEn etsi nyt politiikkapestej\u00e4, mutta ehk\u00e4 tulevaisuudessa. Minulla ei ole koskaan ollut viisi- tai kymmenvuotissuunnitelmaa.\u201d<\/p>\n<p class=\"article-body mb-nof-24 px-nof-16\">\u201dEl\u00e4m\u00e4ss\u00e4ni on siis ollut paljon yll\u00e4tyksi\u00e4. Toivottavasti yll\u00e4tyksi\u00e4 on tulevaisuudessakin paljon. Mielest\u00e4ni se on el\u00e4m\u00e4ss\u00e4 kaunista \u2013 kaikkea ei tied\u00e4 etuk\u00e4teen.\u201d<\/p>\n<p class=\"article-body mb-nof-24 px-nof-16\">Marin kertoo nyky\u00e4\u00e4n keskittyv\u00e4ns\u00e4 \u201dtasapainoisempaan el\u00e4m\u00e4\u00e4n\u201d, jossa h\u00e4n voi olla l\u00e4sn\u00e4 \u00e4itin\u00e4 ja yst\u00e4v\u00e4n\u00e4. Toimittaja kertoo Marinin vaikuttavan surulliselta, kun h\u00e4n vastaa kysymykseen siit\u00e4, miten h\u00e4n menestyy el\u00e4m\u00e4ns\u00e4 tasapainottamisessa.<\/p>\n<p class=\"article-body mb-nof-24 px-nof-16\">\u201dMenestyn paremmin kuin p\u00e4\u00e4ministerin\u00e4. Mutta en menesty niin hyvin kuin haluaisin.\u201d<\/p>\n<p><img decoding=\"async\" src=\"https:\/\/www.europesays.com\/fi\/wp-content\/uploads\/2025\/11\/1762045749_701_468.jpg\" alt=\"Sanna Marin ilmoitti eroavansa eduskunnasta syyskuussa 2023.\" class=\"_Img_1rerz_1\" style=\"aspect-ratio:1.5\" loading=\"eager\"\/><\/p>\n<p class=\"article-picture-caption\">Sanna Marin ilmoitti eroavansa eduskunnasta syyskuussa 2023. Kuva:\u00a0Sami Kero \/ HS<\/p>\n<p class=\"article-body mb-nof-24 px-nof-16\">Haastattelu avataan k\u00e4ym\u00e4ll\u00e4 l\u00e4pi loppukes\u00e4n 2022 jauhojengi-kohua, joka liittyi Marinista kuvattuun tanssivideoon. Juttuun on sis\u00e4llytetty n\u00e4ytt\u00f6kaappaus videosta.<\/p>\n<p class=\"article-body mb-nof-24 px-nof-16\">Pian jauhojengi-kohun j\u00e4lkeen sosiaaliseen mediaan levisi kuva, jossa kaksi naista suutelee p\u00e4\u00e4ministerin virka-asunnolla Kes\u00e4rannassa. Marinin mukaan tunnelma valtioneuvoston kansliassa oli kohujen my\u00f6t\u00e4 \u201dhyvin, hyvin vakava\u201d.<\/p>\n<p class=\"article-body mb-nof-24 px-nof-16\">The Sunday Timesin toimittajan mukaan Marin on vastahakoinen puhumaan tunteistaan ja puhuisi mieluummin johtavissa asemissa olevien naisten kokemuksista yleisesti.<\/p>\n<p class=\"article-body mb-nof-24 px-nof-16\">\u201dMielest\u00e4ni minussa ei ole mit\u00e4\u00e4n kovin kiinnostavaa\u201d, Marin sanoo.<\/p>\n<p class=\"article-body mb-nof-24 px-nof-16\">Marin kertoo kokeneensa, ettei h\u00e4nell\u00e4 ollut noin kaksi vuotta sitten eduskunnasta erotessaan j\u00e4ljell\u00e4 \u201dmit\u00e4\u00e4n annettavaa\u201d.<\/p>\n<p class=\"article-body mb-nof-24 px-nof-16\">\u201dEi intohimoa, ei iloa, ei selke\u00e4\u00e4 polkua kuljettavaksi\u201d, Marin kuvailee tuntemuksiaan syyskuussa 2023.<\/p>\n<p class=\"article-body mb-nof-24 px-nof-16\">Marin toimi Suomen p\u00e4\u00e4ministerin\u00e4 joulukuusta 2019 huhtikuun 2023 eduskuntavaaleihin asti. Eduskuntaan h\u00e4n nousi vuonna 2015. Marin toimi my\u00f6s Tampereen kaupunginvaltuutettuna vuosina 2012\u20132023.<\/p>\n<p class=\"article-body mb-nof-24 px-nof-16\">Marinin p\u00e4\u00e4ministerikautta s\u00e4vyttiv\u00e4t erityisesti koronaviruspandemia, Ven\u00e4j\u00e4n hy\u00f6kk\u00e4yssota Ukrainassa ja sen k\u00e4ynnist\u00e4m\u00e4 Suomen Nato-j\u00e4senyysprosessi.<\/p>\n<p class=\"article-body mb-nof-24 px-nof-16\">Marin erosi eduskunnasta syyskuussa 2023. Nyky\u00e4\u00e4n h\u00e4n toimii britannialaisen Tony Blair -instituutin strategisena neuvonantajana, p\u00e4\u00e4vastuinaan Ukraina ja Moldova.<\/p>\n","protected":false},"excerpt":{"rendered":"Sanna Marinin kirja|The Sunday Times julkaisi laajan haastattelun, jossa Marin kommentoi muun muassa tulevaisuuden\u00adsuunnitelmiaan. Marinin kirja ilmestyy tiistaina.&hellip;\n","protected":false},"author":2,"featured_media":78624,"comment_status":"","ping_status":"","sticky":false,"template":"","format":"standard","meta":{"footnotes":""},"categories":[5],"tags":[22,23,26,27,33,31,30,17,46,24,25,28,29,15,18,21,32,19,20,16],"class_list":{"0":"post-78623","1":"post","2":"type-post","3":"status-publish","4":"format-standard","5":"has-post-thumbnail","7":"category-otsikot","8":"tag-breaking-news","9":"tag-breakingnews","10":"tag-featured-news","11":"tag-featurednews","12":"tag-fi","13":"tag-finland","14":"tag-finnish","15":"tag-headlines","16":"tag-helsingin-sanomat","17":"tag-latest-news","18":"tag-latestnews","19":"tag-main-news","20":"tag-mainnews","21":"tag-news","22":"tag-otsikot","23":"tag-paauutiset","24":"tag-suomi","25":"tag-top-stories","26":"tag-topstories","27":"tag-uutiset"},"share_on_mastodon":{"url":"https:\/\/pubeurope.com\/@fi\/115477846673966044","error":""},"_links":{"self":[{"href":"https:\/\/www.europesays.com\/fi\/wp-json\/wp\/v2\/posts\/78623","targetHints":{"allow":["GET"]}}],"collection":[{"href":"https:\/\/www.europesays.com\/fi\/wp-json\/wp\/v2\/posts"}],"about":[{"href":"https:\/\/www.europesays.com\/fi\/wp-json\/wp\/v2\/types\/post"}],"author":[{"embeddable":true,"href":"https:\/\/www.europesays.com\/fi\/wp-json\/wp\/v2\/users\/2"}],"replies":[{"embeddable":true,"href":"https:\/\/www.europesays.com\/fi\/wp-json\/wp\/v2\/comments?post=78623"}],"version-history":[{"count":0,"href":"https:\/\/www.europesays.com\/fi\/wp-json\/wp\/v2\/posts\/78623\/revisions"}],"wp:featuredmedia":[{"embeddable":true,"href":"https:\/\/www.europesays.com\/fi\/wp-json\/wp\/v2\/media\/78624"}],"wp:attachment":[{"href":"https:\/\/www.europesays.com\/fi\/wp-json\/wp\/v2\/media?parent=78623"}],"wp:term":[{"taxonomy":"category","embeddable":true,"href":"https:\/\/www.europesays.com\/fi\/wp-json\/wp\/v2\/categories?post=78623"},{"taxonomy":"post_tag","embeddable":true,"href":"https:\/\/www.europesays.com\/fi\/wp-json\/wp\/v2\/tags?post=78623"}],"curies":[{"name":"wp","href":"https:\/\/api.w.org\/{rel}","templated":true}]}}