{"id":78753,"date":"2025-11-02T06:41:08","date_gmt":"2025-11-02T06:41:08","guid":{"rendered":"https:\/\/www.europesays.com\/fi\/78753\/"},"modified":"2025-11-02T06:41:08","modified_gmt":"2025-11-02T06:41:08","slug":"noora-hautakankaalta-herkka-avautuminen-rakkaastaan-kunpa-aina-olisit-tassa","status":"publish","type":"post","link":"https:\/\/www.europesays.com\/fi\/78753\/","title":{"rendered":"Noora Hautakankaalta herkk\u00e4 avautuminen rakkaastaan: &#8221;Kunpa aina olisit t\u00e4ss\u00e4&#8221;"},"content":{"rendered":"<p>            TIMO KORHONEN\n        <\/p>\n<p class=\"subtitle \">Nooran rakas on ollut h\u00e4nen el\u00e4m\u00e4ss\u00e4\u00e4n jo yli 15 vuotta.<\/p>\n<p class=\"article-content article-content-width !bg-background\">Kirpputoriyritt\u00e4j\u00e4 ja ex-missi , 41, hehkuttaa rakkauttaan.<\/p>\n<p class=\"font-weight-bold m-font-weight-bold article-content article-content-width !bg-background\">Arkistovideolla yksityiskohtia Noora Hautakankaan el\u00e4m\u00e4kertakirjasta:<\/p>\n<p class=\"article-content article-content-width !bg-background\">Nooraa ja h\u00e4nen uraansa pitk\u00e4\u00e4n seuranneet tiet\u00e4v\u00e4t, ett\u00e4 h\u00e4nen matkassaan on kulkenut jo vuosia rakas perheenj\u00e4sen, Wallu. Se on pieni Yorkshirenterrieri ja i\u00e4lt\u00e4\u00e4n jo 15-vuotias seniorikoira.<\/p>\n<p>        <a itemprop=\"url\" href=\"https:\/\/www.seiska.fi\/kotimaa\/noora-hautakangas-liikuttui-kyyneliin-julkkisjuhlissa-kuvat\/1933904\" rel=\"nofollow noopener\" target=\"_blank\"><\/p>\n<p>\nNoora Hautakangas\n<\/p>\n<p class=\"section-date\">\n        <strong class=\"article-section\" data-section=\"kotimaa\"><br \/>\n            kotimaa<br \/>\n        <\/strong><br \/>\n        20.9. 12:00\n    <\/p>\n<p>Noora Hautakangas liikuttui kyyneliin julkkisjuhlissa \u2013 kuvat!\n    <\/p>\n<p itemprop=\"description\" class=\"subtitle \">\n    Noora Hautakangas juhlli kirjaansa tunteikkaassa julkkisjuhlassa.\n<\/p>\n<p>        <\/a><\/p>\n<p class=\"article-content article-content-width !bg-background\">Nooralle Wallu on t\u00e4rke\u00e4 ja tuorein muistutus t\u00e4st\u00e4 on h\u00e4nen somep\u00e4ivityksens\u00e4 perjantailta (31.10.). Jakamassaan kuvassa Noora makoilee sohvalla Wallu kainalossaan.<\/p>\n<p class=\"article-content article-content-width !bg-background\">\u2013\u00a0Min\u00e4 ja h\u00e4n (syd\u00e4n) ja pitk\u00e4 venytys. T\u00e4\u00e4 tyyppi on mulle vaan niin kaikki kaikessa, Noora kertoo.<\/p>\n<p class=\"italic m-italic article-content article-content-width !bg-background\">\u2013\u00a0Aistii surut ja murheet, pussaa pois kyyneleet. Iloitsee, vitsailee, antaa kaikkensa, ja se vilpitt\u00f6min katse palkitsee. Kunpa aina olisit t\u00e4ss\u00e4 (syd\u00e4n).<\/p>\n<p class=\"no_italic m-no_italic article-content article-content-width !bg-background\">Noora on jo aiemmin my\u00f6nt\u00e4nyt valmistautuneensa henkisesti hetkeen, kun Wallun on aika poistua vehre\u00e4mmille niityille. Helppoa se ei kuitenkaan tule olemaan.<\/p>\n<p>        <a itemprop=\"url\" href=\"https:\/\/www.seiska.fi\/kotimaa\/noora-hautakangas-kirjassaan-jarkyttavia-uhkauksia\/1929941\" rel=\"nofollow noopener\" target=\"_blank\"><\/p>\n<p>\nKirja:\n<\/p>\n<p class=\"section-date\">\n        <strong class=\"article-section\" data-section=\"kotimaa\"><br \/>\n            kotimaa<br \/>\n        <\/strong><br \/>\n        17.9. 17:30\n    <\/p>\n<p>Noora Hautakangas kirjassaan: J\u00e4rkytt\u00e4vi\u00e4 uhkauksia\n    <\/p>\n<p itemprop=\"description\" class=\"subtitle \">\n    Noora Hautakangas on kertonut l\u00e4heisilleen kuolevansa nuorena.\n<\/p>\n<p>        <\/a><\/p>\n<p>Sairastuminen s\u00e4ik\u00e4ytti<\/p>\n<p class=\"no_italic m-no_italic article-content article-content-width !bg-background\">Vuonna 2023 Wallu joutui sairaalaan vaikean sairastumisen vuoksi, mutta tutkimuksista huolimatta koiralle ei l\u00f6ytynyt diagnoosia. Se kuitenkin parani ja p\u00e4\u00e4si jatkamaan eloa Nooran kanssa.<\/p>\n<p class=\"no_italic m-no_italic article-content article-content-width !bg-background\">\u2013\u00a0Oon yritt\u00e4nyt prosessoida etuk\u00e4teen sit\u00e4, kun tulee se aika j\u00e4tt\u00e4\u00e4 hyv\u00e4stit. Jotta se olis sitten jotenkin helpompaa, vaikka sit\u00e4 se ei ole. Rakkaus lemmikki\u00e4 kohtaan on sanoin kuvaamaton, Noora kirjoitti tuolloin somessaan.<\/p>\n<p class=\"no_italic m-no_italic article-content article-content-width !bg-background\">Wallu sairastaa my\u00f6s nivelrikkoa, johon se saa kuukausittain l\u00e4\u00e4kepistoksen.<\/p>\n<p class=\"italic m-italic article-content article-content-width !bg-background\">\u2013 Mutta voi kunpa n\u00e4\u00e4 tyypit osais vaan puhua, sill\u00e4 usein tsemppaavat liikaa ja kipua ei huomaa helposti. Siksi meid\u00e4n ihmisten vastuulla onkin pit\u00e4\u00e4 niist\u00e4 superhyv\u00e4\u00e4 huolta &#8211; ne luottaa meihin. Ja pyyteett\u00f6m\u00e4sti antavat aina kaiken takaisin mit\u00e4 vain voivat antaa.<\/p>\n<p>        <a itemprop=\"url\" href=\"https:\/\/www.seiska.fi\/kotimaa\/noora-hautakangas-avautuu-suhdekriisistaan-uutuuskirjassa\/1929887\" rel=\"nofollow noopener\" target=\"_blank\"><\/p>\n<p>\nKirja:\n<\/p>\n<p class=\"section-date\">\n        <strong class=\"article-section\" data-section=\"kotimaa\"><br \/>\n            kotimaa<br \/>\n        <\/strong><br \/>\n        17.9. 08:53\n    <\/p>\n<p>Noora Hautakangas avautuu suhdekriisist\u00e4\u00e4n uutuuskirjassa\n    <\/p>\n<p itemprop=\"description\" class=\"subtitle \">\n    Menestynyt yritt\u00e4j\u00e4 avautuu uutuuskirjassaan parisuhteensa kriisitilanteesta.\n<\/p>\n<p>        <\/a><\/p>\n<p class=\"no_italic m-no_italic article-content article-content-width !bg-background\">Wallun lis\u00e4ksi Nooran el\u00e4m\u00e4\u00e4n kuuluu avopuoliso , jonka kanssa Noora kihlautui vuonna 2017. Pariskunta asui viel\u00e4 muutama vuosi sitten Espoossa remontoiden ostamaansa paritalonpuolikasta, mutta Koronapandemian iskiess\u00e4 kaksikko teki p\u00e4\u00e4t\u00f6ksen kodin myymisest\u00e4.<\/p>\n<p class=\"no_italic m-no_italic article-content article-content-width !bg-background\">Nyky\u00e4\u00e4n Noora, Eero ja Wallu asuvat Helsingin keskustassa sijaitsevassa vuokrakodissaan.<\/p>\n","protected":false},"excerpt":{"rendered":"TIMO KORHONEN Nooran rakas on ollut h\u00e4nen el\u00e4m\u00e4ss\u00e4\u00e4n jo yli 15 vuotta. Kirpputoriyritt\u00e4j\u00e4 ja ex-missi , 41, hehkuttaa&hellip;\n","protected":false},"author":2,"featured_media":78754,"comment_status":"","ping_status":"","sticky":false,"template":"","format":"standard","meta":{"footnotes":""},"categories":[130],"tags":[16600,137,33,31,30,4632,5275,1311,32,109,16601,16599],"class_list":{"0":"post-78753","1":"post","2":"type-post","3":"status-publish","4":"format-standard","5":"has-post-thumbnail","7":"category-viihde","8":"tag-eero-ukkonen","9":"tag-entertainment","10":"tag-fi","11":"tag-finland","12":"tag-finnish","13":"tag-lemmikit","14":"tag-noora-hautakangas","15":"tag-rakkaus","16":"tag-suomi","17":"tag-viihde","18":"tag-wallu-koira","19":"tag-yorkshirenterrieri"},"share_on_mastodon":{"url":"https:\/\/pubeurope.com\/@fi\/115478743180266078","error":""},"_links":{"self":[{"href":"https:\/\/www.europesays.com\/fi\/wp-json\/wp\/v2\/posts\/78753","targetHints":{"allow":["GET"]}}],"collection":[{"href":"https:\/\/www.europesays.com\/fi\/wp-json\/wp\/v2\/posts"}],"about":[{"href":"https:\/\/www.europesays.com\/fi\/wp-json\/wp\/v2\/types\/post"}],"author":[{"embeddable":true,"href":"https:\/\/www.europesays.com\/fi\/wp-json\/wp\/v2\/users\/2"}],"replies":[{"embeddable":true,"href":"https:\/\/www.europesays.com\/fi\/wp-json\/wp\/v2\/comments?post=78753"}],"version-history":[{"count":0,"href":"https:\/\/www.europesays.com\/fi\/wp-json\/wp\/v2\/posts\/78753\/revisions"}],"wp:featuredmedia":[{"embeddable":true,"href":"https:\/\/www.europesays.com\/fi\/wp-json\/wp\/v2\/media\/78754"}],"wp:attachment":[{"href":"https:\/\/www.europesays.com\/fi\/wp-json\/wp\/v2\/media?parent=78753"}],"wp:term":[{"taxonomy":"category","embeddable":true,"href":"https:\/\/www.europesays.com\/fi\/wp-json\/wp\/v2\/categories?post=78753"},{"taxonomy":"post_tag","embeddable":true,"href":"https:\/\/www.europesays.com\/fi\/wp-json\/wp\/v2\/tags?post=78753"}],"curies":[{"name":"wp","href":"https:\/\/api.w.org\/{rel}","templated":true}]}}