{"id":78776,"date":"2025-11-02T07:12:08","date_gmt":"2025-11-02T07:12:08","guid":{"rendered":"https:\/\/www.europesays.com\/fi\/78776\/"},"modified":"2025-11-02T07:12:08","modified_gmt":"2025-11-02T07:12:08","slug":"muinaisten-suomalaisten-kasvoja-pystytaan-ennallistamaan-yha-tarkemmin-tampereella-avautuu-nayttely-uutisia-lyhyesti","status":"publish","type":"post","link":"https:\/\/www.europesays.com\/fi\/78776\/","title":{"rendered":"Muinaisten suomalaisten kasvoja pystyt\u00e4\u00e4n ennallistamaan yh\u00e4 tarkemmin \u2013 Tampereella avautuu n\u00e4yttely | Uutisia lyhyesti"},"content":{"rendered":"<p class=\"aw-1gybjub aw-1p7kakr ghpEtB jtovHP yle__article__paragraph\">Uudet menetelm\u00e4t ja geenitutkimus ovat avanneet lis\u00e4\u00e4 mahdollisuuksia muinaisten ihmisten kasvojen ennallistamiseen yh\u00e4 tarkemmin. Museokeskus Vapriikin n\u00e4yttelyss\u00e4 Tampereella n\u00e4hd\u00e4\u00e4n satoja vuosia sitten el\u00e4neiden suomalaisten kasvoja. Rekonstruktioita tehd\u00e4\u00e4n luuanalyysin ja dna-tiedon avulla.<\/p>\n<p class=\"aw-1gybjub aw-1p7kakr ghpEtB jtovHP yle__article__paragraph\">Vapriikin n\u00e4yttely esittelee ennallistuksia 600\u20131600-luvuilla el\u00e4neist\u00e4 ihmisist\u00e4. J\u00e4\u00e4nn\u00f6ksi\u00e4 on l\u00f6ydetty Valkeakoskelta, Tammelasta, P\u00e4lk\u00e4neelt\u00e4, Isostakyr\u00f6st\u00e4, Porvoosta ja Sipoosta.<\/p>\n<p class=\"aw-1gybjub aw-1p7kakr ghpEtB jtovHP yle__article__paragraph\">My\u00f6s Turun yliopiston tutkimushankkeessa ennallistetaan muinaisten suomalaisten kasvoja. Heid\u00e4n kallojaan palautettiin viime vuonna Suomeen Ruotsista, jonne niit\u00e4 oli viety ihmistieteellisiin tutkimuksiin.<\/p>\n","protected":false},"excerpt":{"rendered":"Uudet menetelm\u00e4t ja geenitutkimus ovat avanneet lis\u00e4\u00e4 mahdollisuuksia muinaisten ihmisten kasvojen ennallistamiseen yh\u00e4 tarkemmin. Museokeskus Vapriikin n\u00e4yttelyss\u00e4 Tampereella&hellip;\n","protected":false},"author":2,"featured_media":78777,"comment_status":"","ping_status":"","sticky":false,"template":"","format":"standard","meta":{"footnotes":"","_share_on_mastodon":"0"},"categories":[12],"tags":[22,23,26,27,33,31,30,17,1433,4235,71,24,25,28,29,966,15,18,21,553,32,19,20,472,16],"class_list":["post-78776","post","type-post","status-publish","format-standard","has-post-thumbnail","category-suomi","tag-breaking-news","tag-breakingnews","tag-featured-news","tag-featurednews","tag-fi","tag-finland","tag-finnish","tag-headlines","tag-historia","tag-kallo","tag-kotimaa","tag-latest-news","tag-latestnews","tag-main-news","tag-mainnews","tag-museot","tag-news","tag-otsikot","tag-paauutiset","tag-pirkanmaa","tag-suomi","tag-top-stories","tag-topstories","tag-tutkimus","tag-uutiset"],"share_on_mastodon":{"url":"https:\/\/pubeurope.com\/@fi\/115478865157052304","error":""},"_links":{"self":[{"href":"https:\/\/www.europesays.com\/fi\/wp-json\/wp\/v2\/posts\/78776","targetHints":{"allow":["GET"]}}],"collection":[{"href":"https:\/\/www.europesays.com\/fi\/wp-json\/wp\/v2\/posts"}],"about":[{"href":"https:\/\/www.europesays.com\/fi\/wp-json\/wp\/v2\/types\/post"}],"author":[{"embeddable":true,"href":"https:\/\/www.europesays.com\/fi\/wp-json\/wp\/v2\/users\/2"}],"replies":[{"embeddable":true,"href":"https:\/\/www.europesays.com\/fi\/wp-json\/wp\/v2\/comments?post=78776"}],"version-history":[{"count":0,"href":"https:\/\/www.europesays.com\/fi\/wp-json\/wp\/v2\/posts\/78776\/revisions"}],"wp:featuredmedia":[{"embeddable":true,"href":"https:\/\/www.europesays.com\/fi\/wp-json\/wp\/v2\/media\/78777"}],"wp:attachment":[{"href":"https:\/\/www.europesays.com\/fi\/wp-json\/wp\/v2\/media?parent=78776"}],"wp:term":[{"taxonomy":"category","embeddable":true,"href":"https:\/\/www.europesays.com\/fi\/wp-json\/wp\/v2\/categories?post=78776"},{"taxonomy":"post_tag","embeddable":true,"href":"https:\/\/www.europesays.com\/fi\/wp-json\/wp\/v2\/tags?post=78776"}],"curies":[{"name":"wp","href":"https:\/\/api.w.org\/{rel}","templated":true}]}}