{"id":78830,"date":"2025-11-02T08:30:10","date_gmt":"2025-11-02T08:30:10","guid":{"rendered":"https:\/\/www.europesays.com\/fi\/78830\/"},"modified":"2025-11-02T08:30:10","modified_gmt":"2025-11-02T08:30:10","slug":"sastamalassa-liikenneonnettomuus-liikenne-poikki-tiella-12-pirkanmaa","status":"publish","type":"post","link":"https:\/\/www.europesays.com\/fi\/78830\/","title":{"rendered":"Sastamalassa liikenneonnettomuus \u2013 liikenne poikki tiell\u00e4 12 | Pirkanmaa"},"content":{"rendered":"<p class=\"aw-1gybjub aw-5vja16 ghpEtB kjanFo yle__article__paragraph\">Liikenteelle on j\u00e4rjestetty kiertotie Masontien ja Jokivarrentien kautta<\/p>\n<p><img decoding=\"async\" alt=\"Kartta n\u00e4ytt\u00e4\u00e4 Sastamalan onnettomuuden sijainnin kartalla 2.11.2025.\" src=\"https:\/\/www.europesays.com\/fi\/wp-content\/uploads\/2025\/11\/39-154743369070f6ad8604.jpeg\" class=\"aw-1l9m598 hKVVvP\"\/><\/p>\n<p>Avaa kuvien katselu<\/p>\n<p>H\u00e4lytys liikenneonnettomuudesta tuli sunnuntaiaamuna puoli yhdeks\u00e4n j\u00e4lkeen. Kuva: Linda Tammela \/ Yle, Mapcreator, Openstreetmap <\/p>\n<p class=\"aw-1gybjub aw-1p7kakr ghpEtB jtovHP yle__article__paragraph\">Sastamalassa Pirkanmaantiell\u00e4, eli tiell\u00e4 12 on tapahtunut liikenneonnettomuus.<\/p>\n<p class=\"aw-1gybjub aw-1p7kakr ghpEtB jtovHP yle__article__paragraph\">H\u00e4lytys onnettomuudesta tuli pelastuslaitokselle sunnuntaiaamuna puoli yhdeks\u00e4n j\u00e4lkeen.<\/p>\n<p class=\"aw-1gybjub aw-1p7kakr ghpEtB jtovHP yle__article__paragraph\">Tarkempi onnettomuuspaikka on Sastamalan K\u00e4rpp\u00e4l\u00e4n ja Nokian Sarkolan v\u00e4lill\u00e4 Masontien risteyksess\u00e4.<\/p>\n<p class=\"aw-1gybjub aw-1p7kakr ghpEtB jtovHP yle__article__paragraph\">Pelastustoiminta on k\u00e4ynniss\u00e4 ja liikenne on katkaistu kokonaan Pirkanmaantiell\u00e4.<\/p>\n<p class=\"aw-1gybjub aw-1p7kakr ghpEtB jtovHP yle__article__paragraph\">Kiertotie kulkee Masontien ja Jokivarrentien kautta. Kiertotie Sastamalan suunnasta tuleville ohjataan Masontien kautta ja Nokian suunnasta tuleville Jokivarrentien kautta.<\/p>\n<p class=\"aw-1gybjub aw-1p7kakr ghpEtB jtovHP yle__article__paragraph\">Raskas liikenne p\u00e4\u00e4see tapahtumapaikan ohi.<\/p>\n<p class=\"aw-1gybjub aw-1p7kakr ghpEtB jtovHP yle__article__paragraph\">Kello 10 pelastuslaitos kertoi, ett\u00e4 liikenne ohjataan edelleen kiertotielle.<\/p>\n<p class=\"aw-1gybjub aw-1p7kakr ghpEtB jtovHP yle__article__paragraph\">Pelastuslaitos ei tiedota asiasta enemp\u00e4\u00e4 vaan tiedotusvastuu siirtyy poliisille.<\/p>\n<p class=\"aw-1gybjub aw-1p7kakr ghpEtB jtovHP yle__article__paragraph\">Uutinen p\u00e4ivittyy.<\/p>\n","protected":false},"excerpt":{"rendered":"Liikenteelle on j\u00e4rjestetty kiertotie Masontien ja Jokivarrentien kautta Avaa kuvien katselu H\u00e4lytys liikenneonnettomuudesta tuli sunnuntaiaamuna puoli yhdeks\u00e4n j\u00e4lkeen.&hellip;\n","protected":false},"author":2,"featured_media":78831,"comment_status":"","ping_status":"","sticky":false,"template":"","format":"standard","meta":{"footnotes":""},"categories":[12],"tags":[22,23,26,27,33,31,30,17,24,25,990,28,29,15,837,18,21,553,2871,32,19,20,16],"class_list":{"0":"post-78830","1":"post","2":"type-post","3":"status-publish","4":"format-standard","5":"has-post-thumbnail","7":"category-suomi","8":"tag-breaking-news","9":"tag-breakingnews","10":"tag-featured-news","11":"tag-featurednews","12":"tag-fi","13":"tag-finland","14":"tag-finnish","15":"tag-headlines","16":"tag-latest-news","17":"tag-latestnews","18":"tag-liikenneonnettomuudet","19":"tag-main-news","20":"tag-mainnews","21":"tag-news","22":"tag-onnettomuudet","23":"tag-otsikot","24":"tag-paauutiset","25":"tag-pirkanmaa","26":"tag-sastamala","27":"tag-suomi","28":"tag-top-stories","29":"tag-topstories","30":"tag-uutiset"},"share_on_mastodon":{"url":"https:\/\/pubeurope.com\/@fi\/115479171852915700","error":""},"_links":{"self":[{"href":"https:\/\/www.europesays.com\/fi\/wp-json\/wp\/v2\/posts\/78830","targetHints":{"allow":["GET"]}}],"collection":[{"href":"https:\/\/www.europesays.com\/fi\/wp-json\/wp\/v2\/posts"}],"about":[{"href":"https:\/\/www.europesays.com\/fi\/wp-json\/wp\/v2\/types\/post"}],"author":[{"embeddable":true,"href":"https:\/\/www.europesays.com\/fi\/wp-json\/wp\/v2\/users\/2"}],"replies":[{"embeddable":true,"href":"https:\/\/www.europesays.com\/fi\/wp-json\/wp\/v2\/comments?post=78830"}],"version-history":[{"count":0,"href":"https:\/\/www.europesays.com\/fi\/wp-json\/wp\/v2\/posts\/78830\/revisions"}],"wp:featuredmedia":[{"embeddable":true,"href":"https:\/\/www.europesays.com\/fi\/wp-json\/wp\/v2\/media\/78831"}],"wp:attachment":[{"href":"https:\/\/www.europesays.com\/fi\/wp-json\/wp\/v2\/media?parent=78830"}],"wp:term":[{"taxonomy":"category","embeddable":true,"href":"https:\/\/www.europesays.com\/fi\/wp-json\/wp\/v2\/categories?post=78830"},{"taxonomy":"post_tag","embeddable":true,"href":"https:\/\/www.europesays.com\/fi\/wp-json\/wp\/v2\/tags?post=78830"}],"curies":[{"name":"wp","href":"https:\/\/api.w.org\/{rel}","templated":true}]}}