{"id":78834,"date":"2025-11-02T08:43:08","date_gmt":"2025-11-02T08:43:08","guid":{"rendered":"https:\/\/www.europesays.com\/fi\/78834\/"},"modified":"2025-11-02T08:43:08","modified_gmt":"2025-11-02T08:43:08","slug":"lamine-yamal-ero","status":"publish","type":"post","link":"https:\/\/www.europesays.com\/fi\/78834\/","title":{"rendered":"Lamine Yamal: Ero!"},"content":{"rendered":"<p>Lamine Yamal ja Nicole Cucco ovat eronneet, kertoo espanjalaislehti.<\/p>\n<p class=\"paragraph\">Barcelonan t\u00e4htilupaus <strong>Lamine Yamal<\/strong>, 18, on vahvistanut huhut erostaan argentiinalaisesta laulajasta <strong>Nicole Cuccosta<\/strong>.<\/p>\n<p class=\"paragraph\">Parin ymp\u00e4rill\u00e4 velloneet spekulaatiot saivat lopulta p\u00e4\u00e4t\u00f6ksen, kun Yamal kommentoi asiaa <a href=\"https:\/\/amp.sport.es\/es\/noticias\/barca\/lamine-yamal-anuncia-ruptura-nicki-123258491\" target=\"_blank\" rel=\"noopener nofollow\">Diario Sport<\/a> -lehdelle.<\/p>\n<p class=\"paragraph\">\u2013 Emme ole en\u00e4\u00e4 yhdess\u00e4, Yamal totesi lyhyesti.<\/p>\n<p class=\"paragraph\">Nuori jalkapalloilija halusi my\u00f6s oikaista huhut pett\u00e4misest\u00e4, joita oli levinnyt sosiaalisessa mediassa h\u00e4nen Milanon-matkansa j\u00e4lkeen.<\/p>\n<p class=\"paragraph\">\u2013 Se ei tapahtunut mink\u00e4\u00e4n pett\u00e4misen takia. Olemme vain eronneet, siin\u00e4 kaikki. Kaikki muu, mit\u00e4 on sanottu, ei pid\u00e4 paikkaansa, Yamal sanoi lehden mukaan.<\/p>\n<p><img decoding=\"async\" class=\"image image-show image-preview\" src=\"https:\/\/www.europesays.com\/fi\/wp-content\/uploads\/2025\/11\/fc00845f48ee2aef94bd80650880990e4d593284007acdda4b521759f1ce1e48.jpg\" alt=\"\"\/><img decoding=\"async\" class=\"image image-show\" src=\"https:\/\/www.europesays.com\/fi\/wp-content\/uploads\/2025\/11\/1762072988_709_fc00845f48ee2aef94bd80650880990e4d593284007acdda4b521759f1ce1e48.jpg\" alt=\"\"\/><\/p>\n<p>Lamine Yamal on eronnut. AOP<\/p>\n<p class=\"paragraph\">Yamal ja artistinimelt\u00e4\u00e4n Nicki Nicole tunnettu Cucco ovat olleet yksi viime aikojen seuratuimmista nuorista julkkispareista. Heid\u00e4t n\u00e4htiin usein yhdess\u00e4 julkisissa tilaisuuksissa ja suhde ker\u00e4si runsaasti huomiota niin urheilu- kuin viihdelehdiss\u00e4.<\/p>\n<p class=\"paragraph\">Parin ymp\u00e4rill\u00e4 on kuitenkin ollut j\u00e4nnitteit\u00e4 jo aiemmin. <a href=\"https:\/\/www.iltalehti.fi\/jalkapallo\/2b1f457e-cdd6-4d32-8b6a-5a6300c480b4\" rel=\"nofollow noopener\" target=\"_blank\">Argentiinalainen viihdelehti Caras kertoi aiemmin<\/a>, ett\u00e4 Yamalin perhe ei ollut mieliss\u00e4\u00e4n poikansa suhteesta laulajaan.<\/p>\n<p class=\"paragraph\">Huhut erosta l\u00e4htiv\u00e4t liikkeelle jo tuolloin, mutta pari kumosi ne julkaisemalla yhteisi\u00e4 kuvia sosiaalisessa mediassa.<\/p>\n<p>Nicki Nicole n\u00e4htiin usein katsomossa seuraamassa Yamalin otteita. AOP<\/p>\n","protected":false},"excerpt":{"rendered":"Lamine Yamal ja Nicole Cucco ovat eronneet, kertoo espanjalaislehti. Barcelonan t\u00e4htilupaus Lamine Yamal, 18, on vahvistanut huhut erostaan&hellip;\n","protected":false},"author":2,"featured_media":78835,"comment_status":"","ping_status":"","sticky":false,"template":"","format":"standard","meta":{"footnotes":""},"categories":[136],"tags":[35,138,407,137,33,31,30,43,408,47,98,32,484,109],"class_list":{"0":"post-78834","1":"post","2":"type-post","3":"status-publish","4":"format-standard","5":"has-post-thumbnail","7":"category-julkkikset","8":"tag-24h","9":"tag-audio","10":"tag-celebrities","11":"tag-entertainment","12":"tag-fi","13":"tag-finland","14":"tag-finnish","15":"tag-jalkapallo","16":"tag-julkkikset","17":"tag-musiikki","18":"tag-perhe","19":"tag-suomi","20":"tag-taiteellinen-ilmaisu-ja-mediat","21":"tag-viihde"},"share_on_mastodon":{"url":"https:\/\/pubeurope.com\/@fi\/115479222976429849","error":""},"_links":{"self":[{"href":"https:\/\/www.europesays.com\/fi\/wp-json\/wp\/v2\/posts\/78834","targetHints":{"allow":["GET"]}}],"collection":[{"href":"https:\/\/www.europesays.com\/fi\/wp-json\/wp\/v2\/posts"}],"about":[{"href":"https:\/\/www.europesays.com\/fi\/wp-json\/wp\/v2\/types\/post"}],"author":[{"embeddable":true,"href":"https:\/\/www.europesays.com\/fi\/wp-json\/wp\/v2\/users\/2"}],"replies":[{"embeddable":true,"href":"https:\/\/www.europesays.com\/fi\/wp-json\/wp\/v2\/comments?post=78834"}],"version-history":[{"count":0,"href":"https:\/\/www.europesays.com\/fi\/wp-json\/wp\/v2\/posts\/78834\/revisions"}],"wp:featuredmedia":[{"embeddable":true,"href":"https:\/\/www.europesays.com\/fi\/wp-json\/wp\/v2\/media\/78835"}],"wp:attachment":[{"href":"https:\/\/www.europesays.com\/fi\/wp-json\/wp\/v2\/media?parent=78834"}],"wp:term":[{"taxonomy":"category","embeddable":true,"href":"https:\/\/www.europesays.com\/fi\/wp-json\/wp\/v2\/categories?post=78834"},{"taxonomy":"post_tag","embeddable":true,"href":"https:\/\/www.europesays.com\/fi\/wp-json\/wp\/v2\/tags?post=78834"}],"curies":[{"name":"wp","href":"https:\/\/api.w.org\/{rel}","templated":true}]}}