{"id":78861,"date":"2025-11-02T09:21:09","date_gmt":"2025-11-02T09:21:09","guid":{"rendered":"https:\/\/www.europesays.com\/fi\/78861\/"},"modified":"2025-11-02T09:21:09","modified_gmt":"2025-11-02T09:21:09","slug":"kreml-putinin-ja-trumpin-tapaamiselle-ei-tarvetta-uutissuomalainen","status":"publish","type":"post","link":"https:\/\/www.europesays.com\/fi\/78861\/","title":{"rendered":"Kreml: Putinin ja Trumpin tapaamiselle ei tarvetta | Uutissuomalainen"},"content":{"rendered":"<p>Kremlin tiedottaja <strong>Dmitri Peskov<\/strong> on kommentoinut ven\u00e4l\u00e4ismedialle, ett\u00e4 Ven\u00e4j\u00e4n presidentti <strong>Vladimir Putinin<\/strong> ja Yhdysvaltain presidentti <strong>Donald Trumpin<\/strong> tapaamiselle ei ole tarvetta.<\/p>\n<p>\u2013\u2009Tapaaminen on mahdollista valmistella nopeasti, mutta sille ei ole tarvetta. Nyt on tarve eritt\u00e4in huolelliselle ty\u00f6lle Ukrainan konfliktin ratkaisemisen yksityiskohtien parissa, Peskov sanoi.<\/p>\n<p>Edellisen puhelinkeskustelunsa j\u00e4lkeen Putin ja Trump sopivat tapaavansa pian Unkarin p\u00e4\u00e4kaupungissa Budapestissa. Sen j\u00e4lkeen presidenttien uusi tapaaminen lykk\u00e4\u00e4ntyi.<\/p>\n<p>Esill\u00e4 oli esimerkiksi, kuinka Ven\u00e4j\u00e4n ja Yhdysvaltojen ulkoministereiden <strong>Sergei Lavrovin<\/strong> ja <strong>Marco Rubion<\/strong> puhelinkeskustelun j\u00e4lkeen ilmeni, ett\u00e4 n\u00e4kemykset ovat liian kaukana toisistaan.<\/p>\n<p><strong class=\"diks-storyline__impact\">Lokakuussa<\/strong> Yhdysvallat ja EU asettivat Ven\u00e4j\u00e4\u00e4 kohtaan uusia pakotteita. Yhdysvallat asetti pakotteita ven\u00e4l\u00e4isille \u00f6ljy-yhti\u00f6ille.<\/p>\n<p>Rauhan saamiseksi Ven\u00e4j\u00e4n vaatii Ukrainalta ainakin alueita, Ukrainan puolustusvoimien rajoitteita sek\u00e4 takuut, ettei Ukraina koskaan liittyy Natoon.<\/p>\n<p>Peskovin kommentti &#8221;tarpeesta huolelliselle ty\u00f6lle yksityiskohtien ratkaisemiseksi&#8221; viittaa, ett\u00e4 Ven\u00e4j\u00e4 haluaa ainakin antaa kuvan, ett\u00e4 on halukas neuvotteluihin ja rauhaan.<\/p>\n<p>Ven\u00e4j\u00e4 ja Yhdysvallat neuvottelevat taustalla samaan aikaan omien keskin\u00e4isten v\u00e4liens\u00e4 parantamisesta.<\/p>\n<p>Eurooppa haluaa osallistua Ukrainan rauhanponnisteluiden taustaty\u00f6h\u00f6n, koska kyse on Ukrainan puolustamisen lis\u00e4ksi Euroopan turvallisuusarkkitehtuurista.<\/p>\n","protected":false},"excerpt":{"rendered":"Kremlin tiedottaja Dmitri Peskov on kommentoinut ven\u00e4l\u00e4ismedialle, ett\u00e4 Ven\u00e4j\u00e4n presidentti Vladimir Putinin ja Yhdysvaltain presidentti Donald Trumpin tapaamiselle&hellip;\n","protected":false},"author":2,"featured_media":78862,"comment_status":"","ping_status":"","sticky":false,"template":"","format":"standard","meta":{"footnotes":""},"categories":[14],"tags":[22,23,2267,26,27,33,31,30,17,24,25,28,29,2579,15,18,21,142,637,144,32,19,20,549,56,16,2257,59,60,61],"class_list":{"0":"post-78861","1":"post","2":"type-post","3":"status-publish","4":"format-standard","5":"has-post-thumbnail","7":"category-ulkomaat","8":"tag-breaking-news","9":"tag-breakingnews","10":"tag-eurooppa","11":"tag-featured-news","12":"tag-featurednews","13":"tag-fi","14":"tag-finland","15":"tag-finnish","16":"tag-headlines","17":"tag-latest-news","18":"tag-latestnews","19":"tag-main-news","20":"tag-mainnews","21":"tag-nato","22":"tag-news","23":"tag-otsikot","24":"tag-paauutiset","25":"tag-poliitikot","26":"tag-politiikka","27":"tag-presidentti","28":"tag-suomi","29":"tag-top-stories","30":"tag-topstories","31":"tag-ukrainan-sota","32":"tag-ulkomaat","33":"tag-uutiset","34":"tag-vladimir-putin","35":"tag-world","36":"tag-world-news","37":"tag-worldnews"},"share_on_mastodon":{"url":"https:\/\/pubeurope.com\/@fi\/115479372395501167","error":""},"_links":{"self":[{"href":"https:\/\/www.europesays.com\/fi\/wp-json\/wp\/v2\/posts\/78861","targetHints":{"allow":["GET"]}}],"collection":[{"href":"https:\/\/www.europesays.com\/fi\/wp-json\/wp\/v2\/posts"}],"about":[{"href":"https:\/\/www.europesays.com\/fi\/wp-json\/wp\/v2\/types\/post"}],"author":[{"embeddable":true,"href":"https:\/\/www.europesays.com\/fi\/wp-json\/wp\/v2\/users\/2"}],"replies":[{"embeddable":true,"href":"https:\/\/www.europesays.com\/fi\/wp-json\/wp\/v2\/comments?post=78861"}],"version-history":[{"count":0,"href":"https:\/\/www.europesays.com\/fi\/wp-json\/wp\/v2\/posts\/78861\/revisions"}],"wp:featuredmedia":[{"embeddable":true,"href":"https:\/\/www.europesays.com\/fi\/wp-json\/wp\/v2\/media\/78862"}],"wp:attachment":[{"href":"https:\/\/www.europesays.com\/fi\/wp-json\/wp\/v2\/media?parent=78861"}],"wp:term":[{"taxonomy":"category","embeddable":true,"href":"https:\/\/www.europesays.com\/fi\/wp-json\/wp\/v2\/categories?post=78861"},{"taxonomy":"post_tag","embeddable":true,"href":"https:\/\/www.europesays.com\/fi\/wp-json\/wp\/v2\/tags?post=78861"}],"curies":[{"name":"wp","href":"https:\/\/api.w.org\/{rel}","templated":true}]}}