{"id":78908,"date":"2025-11-02T10:34:09","date_gmt":"2025-11-02T10:34:09","guid":{"rendered":"https:\/\/www.europesays.com\/fi\/78908\/"},"modified":"2025-11-02T10:34:09","modified_gmt":"2025-11-02T10:34:09","slug":"erikoinen-tapaus-veikkausliigassa-gnistan-tahden-sopimus-katkesi-jo-pelaaja-katsoi-etta-voisi-kauden-nyt-paattaa-urheilua-lyhyesti","status":"publish","type":"post","link":"https:\/\/www.europesays.com\/fi\/78908\/","title":{"rendered":"Erikoinen tapaus Veikkaus\u00adliigassa \u2013 Gnistan-t\u00e4hden sopimus katkesi jo: \u201dPelaaja katsoi, ett\u00e4 voisi kauden nyt p\u00e4\u00e4tt\u00e4\u00e4\u201d | Urheilua lyhyesti"},"content":{"rendered":"<p class=\"aw-1gybjub aw-5vja16 ghpEtB kjanFo yle__article__paragraph\">Saku Heiskasen sopimus p\u00e4\u00e4ttyi kaksi ottelua ennen kauden p\u00e4\u00e4ttymist\u00e4. Gnistanin toimitusjohtaja Ilkka Vanala kertoo, mist\u00e4 on kyse, eik\u00e4 pid\u00e4 asiaa mitenk\u00e4\u00e4n dramaattisena.<\/p>\n<p><img decoding=\"async\" alt=\"Saku Heiskanen Haka-ottelussa hein\u00e4kuussa 2025.\" src=\"https:\/\/www.europesays.com\/fi\/wp-content\/uploads\/2025\/11\/39-15474436907219de3542.jpeg\" class=\"aw-1l9m598 hKVVvP\"\/><\/p>\n<p>Avaa kuvien katselu<\/p>\n<p>Gnistanin Saku Heiskanen Haka-ottelussa hein\u00e4kuussa 2025. Kuva: Tomi Natri \/ All Over Press<\/p>\n<p class=\"aw-1gybjub aw-1p7kakr ghpEtB jtovHP yle__article__paragraph\">Helsinkil\u00e4inen Gnistan pelaa Veikkausliigan mestaruussarjan kaksi viimeist\u00e4 otteluaan ilman t\u00e4rke\u00e4\u00e4 laitapakkiaan <strong class=\"aw-ak79eh KyCXm yle__article__strong\">Saku Heiskasta<\/strong>.<\/p>\n<p class=\"aw-1gybjub aw-1p7kakr ghpEtB jtovHP yle__article__paragraph\">Heiskanen, 24, on pelannut Gnistanissa kaksi kautta. T\u00e4ll\u00e4 kaudella h\u00e4n on pelannut 28 ottelua Gnistanin 30:st\u00e4 ja iskenyt niiss\u00e4 kaksi maalia.<\/p>\n<p class=\"aw-1gybjub aw-1p7kakr ghpEtB jtovHP yle__article__paragraph\">Heiskanen on antanut kahdeksan maalisy\u00f6tt\u00f6\u00e4. Enemm\u00e4n niit\u00e4 ovat jakaneet vain kymmenen maalisy\u00f6t\u00f6n miehet, HJK:n <strong class=\"aw-ak79eh KyCXm yle__article__strong\">Teemu Pukki<\/strong> ja Interin <strong class=\"aw-ak79eh KyCXm yle__article__strong\">Loic Essomba<\/strong>.<\/p>\n<p class=\"aw-1gybjub aw-1p7kakr ghpEtB jtovHP yle__article__paragraph\">Syyn\u00e4 Heiskasen poissaoloon on, ett\u00e4 h\u00e4nen sopimuksensa p\u00e4\u00e4ttyi lokakuuhun. Asiasta <a class=\"aw-iao6s4 iHOxEa yle__article__link\" href=\"https:\/\/www.apu.fi\/artikkelit\/outo-tilanne-veikkausliigan-tahtipelaaja-jatti-seuran-ennen-kauden-viimeisia-peleja\" role=\"link\" rel=\"nofollow noopener\" target=\"_blank\">uutisoi ensimm\u00e4isen\u00e4 Aitio<\/a>, joka kertoi, ett\u00e4 Heiskanen on j\u00e4tt\u00e4nyt seuran sopimusteknisist\u00e4 syist\u00e4.<\/p>\n<p class=\"aw-1gybjub aw-1p7kakr ghpEtB jtovHP yle__article__paragraph\">Sopimustekniset syyt juontuvat siit\u00e4, ett\u00e4 Veikkausliigan ylempi jatkosarja eli mestaruussarja pelataan nyt kaksinkertaisena. Niinp\u00e4 kuuden parhaan joukkueen kausi on venynyt marraskuulle.<\/p>\n<p class=\"aw-1gybjub aw-1p7kakr ghpEtB jtovHP yle__article__paragraph\">Esimerkiksi Heiskasen sopimus oli tehty vanhoilla sopimuspohjilla.<\/p>\n<p>Veikkausliigan loppukauden otteluohjelma<\/p>\n<p class=\"aw-1gybjub aw-1p7kakr ghpEtB jtovHP yle__article__paragraph\"><strong class=\"aw-ak79eh KyCXm yle__article__strong\">Su 2.11.<\/strong><br \/>KuPS \u2013 FC Inter klo 16.00<\/p>\n<p class=\"aw-1gybjub aw-1p7kakr ghpEtB jtovHP yle__article__paragraph\"><strong class=\"aw-ak79eh KyCXm yle__article__strong\">Ma 3.11.<\/strong><br \/>Ilves \u2013 SJK klo 18.00<br \/>IF Gnistan \u2013 HJK klo 19.00<\/p>\n<p class=\"aw-1gybjub aw-1p7kakr ghpEtB jtovHP yle__article__paragraph\"><strong class=\"aw-ak79eh KyCXm yle__article__strong\">Su 9.11.<\/strong><br \/>klo 15.00<br \/>FC Inter \u2013 Ilves<br \/>HJK \u2013 KuPS<br \/>SJK \u2013 IF Gnistan<\/p>\n<p class=\"aw-1gybjub aw-1p7kakr ghpEtB jtovHP yle__article__paragraph\">Yle n\u00e4ytt\u00e4\u00e4 yhden ottelun Veikkausliigan p\u00e4\u00e4t\u00f6skierrokselta suorana.<\/p>\n<p class=\"aw-1gybjub aw-1p7kakr ghpEtB jtovHP yle__article__paragraph\">Nyt Gnistanissa on p\u00e4ivitetty sopimuksia vastaamaan kauden pituutta. Jos Gnistan olisi j\u00e4\u00e4nyt alempaan jatkosarjaan, n\u00e4in ei olisi tarvinnut tehd\u00e4. Kaikissa muissa tapauksissa, paitsi Heiskasen kanssa, Gnistan p\u00e4\u00e4si yhteisymm\u00e4rrykseen sopimuksen p\u00e4ivitt\u00e4misest\u00e4.<\/p>\n<p class=\"aw-1gybjub aw-1p7kakr ghpEtB jtovHP yle__article__paragraph\">\u2013 Oli muutamia sopimuksia, joita ei ollut p\u00e4ivitetty. Urheilupuoli on p\u00e4ivitt\u00e4nyt niit\u00e4 nyt pelaajien kanssa, tuumaa Gnistanin toimitusjohtaja <strong class=\"aw-ak79eh KyCXm yle__article__strong\">Ilkka Vanala<\/strong> Ylelle.<\/p>\n<p class=\"aw-1gybjub aw-1p7kakr ghpEtB jtovHP yle__article__paragraph\">Vanala ei pid\u00e4 asiaa mitenk\u00e4\u00e4n dramaattisena.<\/p>\n<p class=\"aw-1gybjub aw-1p7kakr ghpEtB jtovHP yle__article__paragraph\">\u2013 Pelaaja itse katsoi, ett\u00e4 voisi kauden nyt p\u00e4\u00e4tt\u00e4\u00e4. Ei se meille mit\u00e4\u00e4n haastetta eik\u00e4 ongelmaa aiheuta. Kaikki n\u00e4kee sarjataulukosta, ettei se ole iso asia meille ja meill\u00e4 on muutenkin paljon rotaatiota.<\/p>\n<p><img decoding=\"async\" alt=\"IF Gnistanin toimitusjohtaja Ilkka Vanala Oulunkyl\u00e4n Mustapekka Areenalla.\" src=\"https:\/\/www.europesays.com\/fi\/wp-content\/uploads\/2025\/11\/39-144437367ebe37989365.jpeg\" loading=\"lazy\" class=\"aw-1l9m598 hKVVvP\"\/><\/p>\n<p>Avaa kuvien katselu<\/p>\n<p>\u2013 Meill\u00e4 on sill\u00e4 tavalla pelaajia ringiss\u00e4, ettei t\u00e4m\u00e4 ole haaste meille, vaan mahdollisuus, ilmoittaa Ilkka Vanala. Kuva: Jani Saikko \/ Yle<\/p>\n<p class=\"aw-1gybjub aw-1p7kakr ghpEtB jtovHP yle__article__paragraph\">Gnistan on varmuudella Veikkausliigan kuudes eli mestaruussarjan viimeinen. Vanalan mukaan Gnistan on sen takia kierr\u00e4tt\u00e4nyt ja kierr\u00e4tt\u00e4\u00e4 paljon pelaajia ja tarjoaa n\u00e4yt\u00f6npaikkoja v\u00e4hemm\u00e4n pelanneille.<\/p>\n<p class=\"aw-1gybjub aw-1p7kakr ghpEtB jtovHP yle__article__paragraph\">\u2013 Kuopiossa (KuPS-ottelu 30.10.) meilt\u00e4 oli moni pelikiellossa, mutta todella hieno 1\u20131-tulos. T\u00e4m\u00e4 on meille mielenkiintoinen tilanne, kun voidaan kokeilla monenlaista.<\/p>\n<p class=\"aw-1gybjub aw-1p7kakr ghpEtB jtovHP yle__article__paragraph\">Vanala kehuu Heiskasta pelaajana ja sanoo, ett\u00e4 jos Gnistan taistelisi mitaleista, tilanne olisi varmasti eri. Gnistanin ja pelaajan tiet olisivat joka tapauksessa eronneet t\u00e4m\u00e4n kauden p\u00e4\u00e4tteeksi.<\/p>\n<p class=\"aw-1gybjub aw-1p7kakr ghpEtB jtovHP yle__article__paragraph\">\u2013 Pelaaja itse koki, ett\u00e4 tilanne on sellainen kuin oli jo sovittu, ett\u00e4 h\u00e4n haluaa katsoa muita kohteita.<\/p>\n<p class=\"aw-1gybjub aw-1p7kakr ghpEtB jtovHP yle__article__paragraph\">Vanala kiist\u00e4\u00e4, ett\u00e4 sopimusasioissa kyse olisi mill\u00e4\u00e4n tavalla unohduksesta. H\u00e4n sanoo, ett\u00e4 siirtoikkunoissakin neuvottelut pelaajien kanssa menev\u00e4t aina viime tippaan.<\/p>\n<p class=\"aw-1gybjub aw-1p7kakr ghpEtB jtovHP yle__article__paragraph\">\u2013 Ei ole kyseess\u00e4 unohdus, vaan aktiivinen keskustelu kahden osapuolen v\u00e4lill\u00e4.<\/p>\n","protected":false},"excerpt":{"rendered":"Saku Heiskasen sopimus p\u00e4\u00e4ttyi kaksi ottelua ennen kauden p\u00e4\u00e4ttymist\u00e4. Gnistanin toimitusjohtaja Ilkka Vanala kertoo, mist\u00e4 on kyse, eik\u00e4&hellip;\n","protected":false},"author":2,"featured_media":78909,"comment_status":"","ping_status":"","sticky":false,"template":"","format":"standard","meta":{"footnotes":""},"categories":[158],"tags":[33,31,30,11349,43,3300,159,32,160,45],"class_list":{"0":"post-78908","1":"post","2":"type-post","3":"status-publish","4":"format-standard","5":"has-post-thumbnail","7":"category-urheilu","8":"tag-fi","9":"tag-finland","10":"tag-finnish","11":"tag-if-gnistan","12":"tag-jalkapallo","13":"tag-kotimaan-jalkapallo","14":"tag-sports","15":"tag-suomi","16":"tag-urheilu","17":"tag-veikkausliiga"},"share_on_mastodon":{"url":"https:\/\/pubeurope.com\/@fi\/115479659626164670","error":""},"_links":{"self":[{"href":"https:\/\/www.europesays.com\/fi\/wp-json\/wp\/v2\/posts\/78908","targetHints":{"allow":["GET"]}}],"collection":[{"href":"https:\/\/www.europesays.com\/fi\/wp-json\/wp\/v2\/posts"}],"about":[{"href":"https:\/\/www.europesays.com\/fi\/wp-json\/wp\/v2\/types\/post"}],"author":[{"embeddable":true,"href":"https:\/\/www.europesays.com\/fi\/wp-json\/wp\/v2\/users\/2"}],"replies":[{"embeddable":true,"href":"https:\/\/www.europesays.com\/fi\/wp-json\/wp\/v2\/comments?post=78908"}],"version-history":[{"count":0,"href":"https:\/\/www.europesays.com\/fi\/wp-json\/wp\/v2\/posts\/78908\/revisions"}],"wp:featuredmedia":[{"embeddable":true,"href":"https:\/\/www.europesays.com\/fi\/wp-json\/wp\/v2\/media\/78909"}],"wp:attachment":[{"href":"https:\/\/www.europesays.com\/fi\/wp-json\/wp\/v2\/media?parent=78908"}],"wp:term":[{"taxonomy":"category","embeddable":true,"href":"https:\/\/www.europesays.com\/fi\/wp-json\/wp\/v2\/categories?post=78908"},{"taxonomy":"post_tag","embeddable":true,"href":"https:\/\/www.europesays.com\/fi\/wp-json\/wp\/v2\/tags?post=78908"}],"curies":[{"name":"wp","href":"https:\/\/api.w.org\/{rel}","templated":true}]}}