{"id":78917,"date":"2025-11-02T10:41:07","date_gmt":"2025-11-02T10:41:07","guid":{"rendered":"https:\/\/www.europesays.com\/fi\/78917\/"},"modified":"2025-11-02T10:41:07","modified_gmt":"2025-11-02T10:41:07","slug":"viisi-saksalaista-kiipeilijaa-on-kuollut-italian-alpeilla-uutisia-lyhyesti","status":"publish","type":"post","link":"https:\/\/www.europesays.com\/fi\/78917\/","title":{"rendered":"Viisi saksalaista kiipeilij\u00e4\u00e4 on kuollut Italian Alpeilla | Uutisia lyhyesti"},"content":{"rendered":"<p class=\"aw-1gybjub aw-1p7kakr ghpEtB jtovHP yle__article__paragraph\">Viisi saksalaista kiipeilij\u00e4\u00e4 on kuollut lumivy\u00f6ryss\u00e4 Italian Alpeilla, kertovat paikalliset viranomaiset.<\/p>\n<p class=\"aw-1gybjub aw-1p7kakr ghpEtB jtovHP yle__article__paragraph\">Kiipeilij\u00e4t olivat l\u00e4hteneet nousemaan Cima Vertanalle Ortlerin vuoristossa lauantaina.<\/p>\n<p class=\"aw-1gybjub aw-1p7kakr ghpEtB jtovHP yle__article__paragraph\">Lumen ja j\u00e4\u00e4n sekainen vy\u00f6ry vei mukanaan kahteen eri k\u00f6ysist\u00f6\u00f6n kuuluneita kiipeilij\u00f6it\u00e4. Kahden miehen ja yhden naisen ruumiit l\u00f6ydettiin jo lauantaina. Kaksi muuta uhria l\u00f6ydettiin sunnuntaina.<\/p>\n<p class=\"aw-1gybjub aw-1p7kakr ghpEtB jtovHP yle__article__paragraph\">Kaksi kiipeilij\u00e4\u00e4 selvisi lumivy\u00f6ryst\u00e4 vahingoittumattomina.<\/p>\n<p class=\"aw-1gybjub aw-1p7kakr ghpEtB jtovHP yle__article__paragraph\">Ortlerin vuoristo Italian Alpeilla l\u00e4hell\u00e4 Sveitsin rajaa on suosittu kohde kokeneille vaeltajille ja kiipeilij\u00f6ille.<\/p>\n<p class=\"aw-1gybjub aw-1p7kakr ghpEtB jtovHP yle__article__paragraph\">L\u00e4hde: Reuters<\/p>\n","protected":false},"excerpt":{"rendered":"Viisi saksalaista kiipeilij\u00e4\u00e4 on kuollut lumivy\u00f6ryss\u00e4 Italian Alpeilla, kertovat paikalliset viranomaiset. Kiipeilij\u00e4t olivat l\u00e4hteneet nousemaan Cima Vertanalle Ortlerin&hellip;\n","protected":false},"author":2,"featured_media":78918,"comment_status":"","ping_status":"","sticky":false,"template":"","format":"standard","meta":{"footnotes":""},"categories":[5],"tags":[2888,22,23,26,27,33,31,30,17,199,24,25,16630,28,29,15,837,18,21,32,19,20,16],"class_list":{"0":"post-78917","1":"post","2":"type-post","3":"status-publish","4":"format-standard","5":"has-post-thumbnail","7":"category-otsikot","8":"tag-alpit","9":"tag-breaking-news","10":"tag-breakingnews","11":"tag-featured-news","12":"tag-featurednews","13":"tag-fi","14":"tag-finland","15":"tag-finnish","16":"tag-headlines","17":"tag-italia","18":"tag-latest-news","19":"tag-latestnews","20":"tag-lumivyoryt","21":"tag-main-news","22":"tag-mainnews","23":"tag-news","24":"tag-onnettomuudet","25":"tag-otsikot","26":"tag-paauutiset","27":"tag-suomi","28":"tag-top-stories","29":"tag-topstories","30":"tag-uutiset"},"share_on_mastodon":{"url":"https:\/\/pubeurope.com\/@fi\/115479686896642830","error":""},"_links":{"self":[{"href":"https:\/\/www.europesays.com\/fi\/wp-json\/wp\/v2\/posts\/78917","targetHints":{"allow":["GET"]}}],"collection":[{"href":"https:\/\/www.europesays.com\/fi\/wp-json\/wp\/v2\/posts"}],"about":[{"href":"https:\/\/www.europesays.com\/fi\/wp-json\/wp\/v2\/types\/post"}],"author":[{"embeddable":true,"href":"https:\/\/www.europesays.com\/fi\/wp-json\/wp\/v2\/users\/2"}],"replies":[{"embeddable":true,"href":"https:\/\/www.europesays.com\/fi\/wp-json\/wp\/v2\/comments?post=78917"}],"version-history":[{"count":0,"href":"https:\/\/www.europesays.com\/fi\/wp-json\/wp\/v2\/posts\/78917\/revisions"}],"wp:featuredmedia":[{"embeddable":true,"href":"https:\/\/www.europesays.com\/fi\/wp-json\/wp\/v2\/media\/78918"}],"wp:attachment":[{"href":"https:\/\/www.europesays.com\/fi\/wp-json\/wp\/v2\/media?parent=78917"}],"wp:term":[{"taxonomy":"category","embeddable":true,"href":"https:\/\/www.europesays.com\/fi\/wp-json\/wp\/v2\/categories?post=78917"},{"taxonomy":"post_tag","embeddable":true,"href":"https:\/\/www.europesays.com\/fi\/wp-json\/wp\/v2\/tags?post=78917"}],"curies":[{"name":"wp","href":"https:\/\/api.w.org\/{rel}","templated":true}]}}