{"id":78921,"date":"2025-11-02T10:53:09","date_gmt":"2025-11-02T10:53:09","guid":{"rendered":"https:\/\/www.europesays.com\/fi\/78921\/"},"modified":"2025-11-02T10:53:09","modified_gmt":"2025-11-02T10:53:09","slug":"silmiinpistava-naky-matthew-perryn-haudalla","status":"publish","type":"post","link":"https:\/\/www.europesays.com\/fi\/78921\/","title":{"rendered":"Silmiinpist\u00e4v\u00e4 n\u00e4ky Matthew Perryn haudalla"},"content":{"rendered":"<p>Matthew Perry haudattiin jo kaksi vuotta sitten Hollywoodissa sijaitsevalle hautausmaalle.<\/p>\n<p><img decoding=\"async\" class=\"image image-show image-preview\" src=\"https:\/\/www.europesays.com\/fi\/wp-content\/uploads\/2025\/11\/dc4cd0a80eff67c8c6ad455b780630466ed4347834886e9ad10a7eed9b1caa49.jpg\" alt=\"\"\/><img decoding=\"async\" class=\"image image-show\" src=\"https:\/\/www.europesays.com\/fi\/wp-content\/uploads\/2025\/11\/1762080789_779_dc4cd0a80eff67c8c6ad455b780630466ed4347834886e9ad10a7eed9b1caa49.jpg\" alt=\"\"\/><\/p>\n<p>Matthew Perry kuoli 28. lokakuuta 2023. AOP<\/p>\n<p class=\"paragraph\">Frendeist\u00e4 tuttu n\u00e4yttelij\u00e4 <a href=\"https:\/\/www.iltalehti.fi\/henkilot\/Matthew Perry\" class=\"article-link-person-page\" rel=\"nofollow noopener\" target=\"_blank\">Matthew Perry<\/a> menehtyi yll\u00e4tt\u00e4en kaksi vuotta sitten. Nyt mediat ymp\u00e4ri maailmaa uutisoivat siit\u00e4, ettei Perryn hautaa ole viel\u00e4k\u00e4\u00e4n merkitty nimilaatalla.<\/p>\n<p class=\"paragraph\">Rakastettu n\u00e4yttelij\u00e4 haudattiin vain muutama p\u00e4iv\u00e4 kuolemansa j\u00e4lkeen Hollywoodissa sijaitsevalle Forest Lawn Memorial Park -hautausmaalle.<\/p>\n<p class=\"paragraph\">N\u00e4yttelij\u00e4 sai viimeisen leposijansa hautausmaan uurnaholvista hautausmaan yksityisell\u00e4 puolelta. Hautajaisia vietettiin perheenj\u00e4senten ja yst\u00e4vien kesken.<\/p>\n<p class=\"paragraph\">Uudet kuvat todella paljastavat, ettei Perryn kohdalla uurnaholvissa ole viel\u00e4k\u00e4\u00e4n nimilaattaa, vaikka n\u00e4yttelij\u00e4n hautaamisesta on jo kulunut tovi.<\/p>\n<p class=\"paragraph\">Katso kuva n\u00e4yttelij\u00e4n haudasta alta. Perryn hauta on holvissa seppeleen kohdalla. Haudan edess\u00e4 maassa on kenties fanien j\u00e4tt\u00e4mi\u00e4 kukkia, sek\u00e4 kurpitsa, johon oli kaiverrettu Batmanin logo.<\/p>\n<p>Matthew Perryn hauta on edelleen merkitsem\u00e4t\u00f6n. AOP<\/p>\n<p class=\"paragraph\">Perry menehtyi kaksi vuotta sitten lokakuun 28. p\u00e4iv\u00e4n\u00e4. H\u00e4n oli kuollessaan 54-vuotias. Perry l\u00f6ydettiin kuolinp\u00e4iv\u00e4n\u00e4\u00e4n Los Angelesissa sijaitsevan kotinsa poreammeesta kuolleena.<\/p>\n<p class=\"paragraph\">Tutkimukset osoittivat kuoleman johtuneen ketamiinin vaikutuksesta. Perry k\u00e4ytti ketamiinia osana muuta hoitoa.<\/p>\n","protected":false},"excerpt":{"rendered":"Matthew Perry haudattiin jo kaksi vuotta sitten Hollywoodissa sijaitsevalle hautausmaalle. Matthew Perry kuoli 28. lokakuuta 2023. AOP Frendeist\u00e4&hellip;\n","protected":false},"author":2,"featured_media":78922,"comment_status":"","ping_status":"","sticky":false,"template":"","format":"standard","meta":{"footnotes":""},"categories":[136],"tags":[35,153,407,155,137,33,31,30,408,718,154,32,485,140,156,109],"class_list":{"0":"post-78921","1":"post","2":"type-post","3":"status-publish","4":"format-standard","5":"has-post-thumbnail","7":"category-julkkikset","8":"tag-24h","9":"tag-audiovisuaalinen-media","10":"tag-celebrities","11":"tag-elokuvat","12":"tag-entertainment","13":"tag-fi","14":"tag-finland","15":"tag-finnish","16":"tag-julkkikset","17":"tag-nayttamotaide","18":"tag-nayttelijat-teatteri","19":"tag-suomi","20":"tag-taide-yleista","21":"tag-tv-ja-elokuvat","22":"tag-tv","23":"tag-viihde"},"share_on_mastodon":{"url":"https:\/\/pubeurope.com\/@fi\/115479734209793373","error":""},"_links":{"self":[{"href":"https:\/\/www.europesays.com\/fi\/wp-json\/wp\/v2\/posts\/78921","targetHints":{"allow":["GET"]}}],"collection":[{"href":"https:\/\/www.europesays.com\/fi\/wp-json\/wp\/v2\/posts"}],"about":[{"href":"https:\/\/www.europesays.com\/fi\/wp-json\/wp\/v2\/types\/post"}],"author":[{"embeddable":true,"href":"https:\/\/www.europesays.com\/fi\/wp-json\/wp\/v2\/users\/2"}],"replies":[{"embeddable":true,"href":"https:\/\/www.europesays.com\/fi\/wp-json\/wp\/v2\/comments?post=78921"}],"version-history":[{"count":0,"href":"https:\/\/www.europesays.com\/fi\/wp-json\/wp\/v2\/posts\/78921\/revisions"}],"wp:featuredmedia":[{"embeddable":true,"href":"https:\/\/www.europesays.com\/fi\/wp-json\/wp\/v2\/media\/78922"}],"wp:attachment":[{"href":"https:\/\/www.europesays.com\/fi\/wp-json\/wp\/v2\/media?parent=78921"}],"wp:term":[{"taxonomy":"category","embeddable":true,"href":"https:\/\/www.europesays.com\/fi\/wp-json\/wp\/v2\/categories?post=78921"},{"taxonomy":"post_tag","embeddable":true,"href":"https:\/\/www.europesays.com\/fi\/wp-json\/wp\/v2\/tags?post=78921"}],"curies":[{"name":"wp","href":"https:\/\/api.w.org\/{rel}","templated":true}]}}