{"id":78925,"date":"2025-11-02T11:01:07","date_gmt":"2025-11-02T11:01:07","guid":{"rendered":"https:\/\/www.europesays.com\/fi\/78925\/"},"modified":"2025-11-02T11:01:07","modified_gmt":"2025-11-02T11:01:07","slug":"jari-sillanpaan-kirkkokonsertti-laihialla-puhuttaa-i-p-kirkkoherra-puolustaa","status":"publish","type":"post","link":"https:\/\/www.europesays.com\/fi\/78925\/","title":{"rendered":"Jari Sillanp\u00e4\u00e4n kirkkokonsertti Laihialla puhuttaa &#8211; I-P: kirkkoherra puolustaa"},"content":{"rendered":"<p>Jari Sillanp\u00e4\u00e4 on vastik\u00e4\u00e4n p\u00e4\u00e4tt\u00e4nyt menestyksekk\u00e4\u00e4n 30-vuotistaiteilijajuhlakonserttisarjansa, jossa h\u00e4n esiintyi t\u00e4ysille katsomoille 20 eri paikkakunnalla.<\/p>\n<p>Konserteissa n\u00e4ki, ett\u00e4 taiteilijan huumek\u00e4ry kahdeksan vuotta sitten ja sit\u00e4 seurannut tuomio my\u00f6s sukupuolisiveellisyytt\u00e4 loukkaavan kuvan levitt\u00e4misest\u00e4 on katsottu anteeksi annetuiksi.<\/p>\n<p>Seuraavaksi Jari siirtyy Valo on meiss\u00e4 -joulukonserttikiertueelle, jolle on buukattu toistakymment\u00e4 keikkaa. <\/p>\n<p>Nyt Laihialla kuohuu. Kirkkoon sovittu konsertti her\u00e4tt\u00e4\u00e4 pahennusta Sillanp\u00e4\u00e4n saamien tuomioiden vuoksi.<\/p>\n<p>Professori ymm\u00e4rt\u00e4\u00e4 kiukun<\/p>\n<p>Aiheesta kirjoittaa alueen sanomalehti <a href=\"https:\/\/www.ilkkapohjalainen.fi\/huumeista-ja-lapsipornosta-tuomitun-jari-sillanpaa\/12374217\" rel=\"nofollow noopener\" target=\"_blank\">Ilkka-Pohjalainen<\/a>.<\/p>\n<p>Somessa asia jakaa laihialaisten mielt\u00e4 kovasti. Seurakunnalle konsertti tuli kuulemma yll\u00e4tyksen\u00e4. Alun perin varattuihin konsertteihin Sillanp\u00e4\u00e4 ei kuulunut.<\/p>\n<p>Laihian seurakunnan kirkkoherra\u00a0Antti Yli-Opas toteaa kuitenkin, ett\u00e4 seurakunta ei lajittele esiintyji\u00e4 heid\u00e4n tekojensa mukaan.<\/p>\n<p>\u2013\u00a0Rikosasioiden k\u00e4sittely kuuluu tuomioistuimelle ja poliisille. Seurakunta ei ole erillinen tuomioistuin, h\u00e4n sanoo Ilkka-Pohjalaiselle.<\/p>\n<p>T\u00e4ysin moitteettomien esiintyjien l\u00f6yt\u00e4minen voisi olla vaikeaa, h\u00e4n jatkaa.<\/p>\n<p>\u2013\u00a0Keskustelemme periaatteista jatkossa ja vaadimme managereilta parempaa yhteisty\u00f6t\u00e4. T\u00e4ss\u00e4 on kysymyksess\u00e4 kiertue, ei vain Laihian konsertti. Ei ole mielek\u00e4st\u00e4 tehd\u00e4 ratkaisua yhdell\u00e4 paikkakunnalla, sill\u00e4 se ei vaikuta kokonaisuuteen juuri ollenkaan, kirkkoherra toteaa. Eli konsertti siis toteutuu. Jokainen voi kirkkoherran mukaan menn\u00e4 konserttiin tai olla menem\u00e4tt\u00e4.<\/p>\n<p>Kirkkoherra jatkaa:<\/p>\n<p>-Meill\u00e4 on lastensuojeluvelvollisuus kaikessa toiminnassamme ja olemme todella tarkkoja kaikessa yhteisty\u00f6ss\u00e4. Mutta mihin raja vedet\u00e4\u00e4n? Monet ovat tehneet asioita, joita emme voi hyv\u00e4ksy\u00e4 eettisesti. Jos emme antaisi heille esiintymisen mahdollisuuksia, artisteja olisi kohta todella v\u00e4h\u00e4n.<\/p>\n<p>Viestint\u00e4professori Vilma Luoma-aho on kommentoinut ymm\u00e4rt\u00e4v\u00e4ns\u00e4 ihmisten kiukun.<\/p>\n<p>\u2013\u00a0T\u00e4m\u00e4 alentaa kirkon uskottavuutta joidenkin ryhmien silmiss\u00e4. Nyt saarnataan eri asiaa kuin tehd\u00e4\u00e4n, sanoo Luoma-aho.<\/p>\n<p>Lue my\u00f6s: <a href=\"https:\/\/www.como.fi\/uutiset\/jari-sillanpaa-avoimena-tilanteestaan-mulla-on-teille-vahan-uutisia\/\" title=\"Jari Sillanp\u00e4\u00e4 avoimena tilanteestaan: \u201dMulla on teille v\u00e4h\u00e4n uutisia\u201d\" class=\"underline-custom !font-montserrat !font-bold !underline-offset-4 !decoration-4 !decoration-red-600 !text-md\" rel=\"nofollow noopener\" target=\"_blank\">Jari Sillanp\u00e4\u00e4 avoimena tilanteestaan: \u201dMulla on teille v\u00e4h\u00e4n uutisia\u201d<\/a><\/p>\n<p>Lue my\u00f6s: <a href=\"https:\/\/www.como.fi\/uutiset\/jari-sillanpaa-esiintyi-leirintaalueella-video-kertoo-miten-yleiso-kayttaytyi\/\" title=\"Jari Sillanp\u00e4\u00e4 esiintyi leirint\u00e4alueella \u2013 video kertoo miten yleis\u00f6 k\u00e4ytt\u00e4ytyi\" class=\"underline-custom !font-montserrat !font-bold !underline-offset-4 !decoration-4 !decoration-red-600 !text-md\" rel=\"nofollow noopener\" target=\"_blank\">Jari Sillanp\u00e4\u00e4 esiintyi leirint\u00e4alueella \u2013 video kertoo miten yleis\u00f6 k\u00e4ytt\u00e4ytyi<\/a><\/p>\n<p>Lue my\u00f6s: <a href=\"https:\/\/www.como.fi\/tilaa-comon-uutiskirje\/\" title=\"Tilaa Comon uutiskirje ja tied\u00e4t mist\u00e4 kahvitauolla puhutaan! Nappaa kotimaan tv-vinkit ja puheenaiheet suoraan s\u00e4hk\u00f6postiin t\u00e4st\u00e4.\" class=\"underline-custom !font-montserrat !font-bold !underline-offset-4 !decoration-4 !decoration-red-600 !text-md\" rel=\"nofollow noopener\" target=\"_blank\">Tilaa Comon uutiskirje ja tied\u00e4t mist\u00e4 kahvitauolla puhutaan! Nappaa kotimaan tv-vinkit ja puheenaiheet suoraan s\u00e4hk\u00f6postiin t\u00e4st\u00e4.<\/a><\/p>\n","protected":false},"excerpt":{"rendered":"Jari Sillanp\u00e4\u00e4 on vastik\u00e4\u00e4n p\u00e4\u00e4tt\u00e4nyt menestyksekk\u00e4\u00e4n 30-vuotistaiteilijajuhlakonserttisarjansa, jossa h\u00e4n esiintyi t\u00e4ysille katsomoille 20 eri paikkakunnalla. Konserteissa n\u00e4ki, ett\u00e4&hellip;\n","protected":false},"author":2,"featured_media":78926,"comment_status":"","ping_status":"","sticky":false,"template":"","format":"standard","meta":{"footnotes":""},"categories":[130],"tags":[137,33,31,30,2942,32,109],"class_list":{"0":"post-78925","1":"post","2":"type-post","3":"status-publish","4":"format-standard","5":"has-post-thumbnail","7":"category-viihde","8":"tag-entertainment","9":"tag-fi","10":"tag-finland","11":"tag-finnish","12":"tag-jari-sillanpu00e4u00e4","13":"tag-suomi","14":"tag-viihde"},"share_on_mastodon":{"url":"https:\/\/pubeurope.com\/@fi\/115479765578607791","error":""},"_links":{"self":[{"href":"https:\/\/www.europesays.com\/fi\/wp-json\/wp\/v2\/posts\/78925","targetHints":{"allow":["GET"]}}],"collection":[{"href":"https:\/\/www.europesays.com\/fi\/wp-json\/wp\/v2\/posts"}],"about":[{"href":"https:\/\/www.europesays.com\/fi\/wp-json\/wp\/v2\/types\/post"}],"author":[{"embeddable":true,"href":"https:\/\/www.europesays.com\/fi\/wp-json\/wp\/v2\/users\/2"}],"replies":[{"embeddable":true,"href":"https:\/\/www.europesays.com\/fi\/wp-json\/wp\/v2\/comments?post=78925"}],"version-history":[{"count":0,"href":"https:\/\/www.europesays.com\/fi\/wp-json\/wp\/v2\/posts\/78925\/revisions"}],"wp:featuredmedia":[{"embeddable":true,"href":"https:\/\/www.europesays.com\/fi\/wp-json\/wp\/v2\/media\/78926"}],"wp:attachment":[{"href":"https:\/\/www.europesays.com\/fi\/wp-json\/wp\/v2\/media?parent=78925"}],"wp:term":[{"taxonomy":"category","embeddable":true,"href":"https:\/\/www.europesays.com\/fi\/wp-json\/wp\/v2\/categories?post=78925"},{"taxonomy":"post_tag","embeddable":true,"href":"https:\/\/www.europesays.com\/fi\/wp-json\/wp\/v2\/tags?post=78925"}],"curies":[{"name":"wp","href":"https:\/\/api.w.org\/{rel}","templated":true}]}}