{"id":78931,"date":"2025-11-02T11:05:08","date_gmt":"2025-11-02T11:05:08","guid":{"rendered":"https:\/\/www.europesays.com\/fi\/78931\/"},"modified":"2025-11-02T11:05:08","modified_gmt":"2025-11-02T11:05:08","slug":"iran-rakentaa-ydinlaitoksensa-uudelleen-uutisia-lyhyesti","status":"publish","type":"post","link":"https:\/\/www.europesays.com\/fi\/78931\/","title":{"rendered":"Iran rakentaa ydinlaitoksensa uudelleen | Uutisia lyhyesti"},"content":{"rendered":"<p><img decoding=\"async\" alt=\"En flygbild p\u00e5 berg och en vit byggnad samt v\u00e4gar. I berget finns h\u00e5l av bomber.\" src=\"https:\/\/www.europesays.com\/fi\/wp-content\/uploads\/2025\/11\/39-14843076858b1cc33d10.jpeg\" class=\"aw-1l9m598 hKVVvP\"\/><\/p>\n<p>Avaa kuvien katselu<\/p>\n<p>Iranin Fordon ydinlaitos kuvattuna Yhdysvaltain iskun j\u00e4lkeen. Kuva: Satellite image 2025 Maxar Technologies \/ AFP<\/p>\n<p>10:21\u2022P\u00e4ivitetty 11:19<\/p>\n<p class=\"aw-1gybjub aw-1p7kakr ghpEtB jtovHP yle__article__paragraph\">Iran aikoo rakentaa ydinlaitoksensa uudelleen, sanoo maan presidentti <strong class=\"aw-ak79eh KyCXm yle__article__strong\">Masoud Pezeshkian<\/strong> valtiolliselle medialle.<\/p>\n<p class=\"aw-1gybjub aw-1p7kakr ghpEtB jtovHP yle__article__paragraph\">H\u00e4n sanoi ydinlaitosten toteutuvan \u201dentist\u00e4 suuremmalla voimalla\u201d ja lis\u00e4si, ettei maa tavoittele ydinaseen hankkimista.<\/p>\n<p class=\"aw-1gybjub aw-1p7kakr ghpEtB jtovHP yle__article__paragraph\">Yhdysvaltojen presidentti <strong class=\"aw-ak79eh KyCXm yle__article__strong\">Donald Trump<\/strong> on varoittanut, ett\u00e4 h\u00e4n m\u00e4\u00e4r\u00e4\u00e4 uudet iskut Iranin ydinlaitoksille, jos Teheran eli Iranin hallinto yritt\u00e4isi k\u00e4ynnist\u00e4\u00e4 laitoksien toimintaa uudelleen.<\/p>\n<p class=\"aw-1gybjub aw-1p7kakr ghpEtB jtovHP yle__article__paragraph\">Iranin <a class=\"aw-iao6s4 iHOxEa yle__article__link\" href=\"https:\/\/yle.fi\/a\/74-20168952\" role=\"link\" rel=\"nofollow noopener\" target=\"_blank\">Fordon <\/a>ydinlaitos ja kaksi muuta ydinrikastuslaitosta vaurioituivat Yhdysvaltojen pommituksessa <a class=\"aw-iao6s4 iHOxEa yle__article__link\" href=\"https:\/\/yle.fi\/a\/74-20170605\" role=\"link\" rel=\"nofollow noopener\" target=\"_blank\">kes\u00e4kuussa<\/a>. Kaikki kolme olivat t\u00e4rkeit\u00e4 osia Iranin ydinohjelmassa.<\/p>\n<p class=\"aw-1gybjub aw-1p7kakr ghpEtB jtovHP yle__article__paragraph\">Fordon ydinvoimalaitos sijaitsi maan alla noin 80\u201390 metrin syvyydess\u00e4. Se suunniteltiin kest\u00e4m\u00e4\u00e4n ilmahy\u00f6kk\u00e4yksi\u00e4. Yhdysvallat k\u00e4ytti laitoksen tuhoamiseen bunkkerinmurtajapommeja.<\/p>\n<p class=\"aw-1gybjub aw-1p7kakr ghpEtB jtovHP yle__article__paragraph\">Yhdysvallat iski Iranin ydinlaitoksiin Iranin ja Israelin v\u00e4lisen <a class=\"aw-iao6s4 iHOxEa yle__article__link\" href=\"https:\/\/yle.fi\/a\/74-20167551\" role=\"link\" rel=\"nofollow noopener\" target=\"_blank\">selkkauksen <\/a>vuoksi. Israel teki useita iskuja Iraniin 13. kes\u00e4kuuta. Maat pommittivat toisiaan useita p\u00e4ivi\u00e4.<\/p>\n<p class=\"aw-1gybjub aw-1p7kakr ghpEtB jtovHP yle__article__paragraph\">Uutinen t\u00e4ydentyy<\/p>\n<p class=\"aw-1gybjub aw-1p7kakr ghpEtB jtovHP yle__article__paragraph\">L\u00e4hde: Reuters<\/p>\n","protected":false},"excerpt":{"rendered":"Avaa kuvien katselu Iranin Fordon ydinlaitos kuvattuna Yhdysvaltain iskun j\u00e4lkeen. Kuva: Satellite image 2025 Maxar Technologies \/ AFP&hellip;\n","protected":false},"author":2,"featured_media":78932,"comment_status":"","ping_status":"","sticky":false,"template":"","format":"standard","meta":{"footnotes":""},"categories":[14],"tags":[22,23,2038,26,27,33,31,30,17,3648,992,24,25,28,29,15,18,21,32,19,20,56,16,59,60,61],"class_list":{"0":"post-78931","1":"post","2":"type-post","3":"status-publish","4":"format-standard","5":"has-post-thumbnail","7":"category-ulkomaat","8":"tag-breaking-news","9":"tag-breakingnews","10":"tag-energia","11":"tag-featured-news","12":"tag-featurednews","13":"tag-fi","14":"tag-finland","15":"tag-finnish","16":"tag-headlines","17":"tag-iran","18":"tag-lahi-ita","19":"tag-latest-news","20":"tag-latestnews","21":"tag-main-news","22":"tag-mainnews","23":"tag-news","24":"tag-otsikot","25":"tag-paauutiset","26":"tag-suomi","27":"tag-top-stories","28":"tag-topstories","29":"tag-ulkomaat","30":"tag-uutiset","31":"tag-world","32":"tag-world-news","33":"tag-worldnews"},"share_on_mastodon":{"url":"https:\/\/pubeurope.com\/@fi\/115479781461296685","error":""},"_links":{"self":[{"href":"https:\/\/www.europesays.com\/fi\/wp-json\/wp\/v2\/posts\/78931","targetHints":{"allow":["GET"]}}],"collection":[{"href":"https:\/\/www.europesays.com\/fi\/wp-json\/wp\/v2\/posts"}],"about":[{"href":"https:\/\/www.europesays.com\/fi\/wp-json\/wp\/v2\/types\/post"}],"author":[{"embeddable":true,"href":"https:\/\/www.europesays.com\/fi\/wp-json\/wp\/v2\/users\/2"}],"replies":[{"embeddable":true,"href":"https:\/\/www.europesays.com\/fi\/wp-json\/wp\/v2\/comments?post=78931"}],"version-history":[{"count":0,"href":"https:\/\/www.europesays.com\/fi\/wp-json\/wp\/v2\/posts\/78931\/revisions"}],"wp:featuredmedia":[{"embeddable":true,"href":"https:\/\/www.europesays.com\/fi\/wp-json\/wp\/v2\/media\/78932"}],"wp:attachment":[{"href":"https:\/\/www.europesays.com\/fi\/wp-json\/wp\/v2\/media?parent=78931"}],"wp:term":[{"taxonomy":"category","embeddable":true,"href":"https:\/\/www.europesays.com\/fi\/wp-json\/wp\/v2\/categories?post=78931"},{"taxonomy":"post_tag","embeddable":true,"href":"https:\/\/www.europesays.com\/fi\/wp-json\/wp\/v2\/tags?post=78931"}],"curies":[{"name":"wp","href":"https:\/\/api.w.org\/{rel}","templated":true}]}}