{"id":78941,"date":"2025-11-02T11:27:07","date_gmt":"2025-11-02T11:27:07","guid":{"rendered":"https:\/\/www.europesays.com\/fi\/78941\/"},"modified":"2025-11-02T11:27:07","modified_gmt":"2025-11-02T11:27:07","slug":"tuukka-temonen-pisti-poytahopeat-myyntiin-saadakseen-rahaa","status":"publish","type":"post","link":"https:\/\/www.europesays.com\/fi\/78941\/","title":{"rendered":"Tuukka Temonen pisti p\u00f6yt\u00e4hopeat myyntiin saadakseen rahaa"},"content":{"rendered":"<p>Elokuvaohjaaja Tuukka Temonen voi hyr\u00e4ill\u00e4 tyytyv\u00e4isen\u00e4 viimeisimm\u00e4n leffansa, Cancel, menestyksest\u00e4. Leffa on vajaassa kuukaudessa noussut jo t\u00e4m\u00e4n vuoden viidenneksi katsotuimmaksi leffaksi teattereissa, ja nelj\u00e4nneksi katsotuimmaksi suomalaiseksi.<\/p>\n<p>Yhteiskatsojam\u00e4\u00e4r\u00e4 on 150 000 pintaan.<\/p>\n<p>Aina Tuukka ei ole ollut n\u00e4in menestynyt. H\u00e4n on joutunut \u201dkanittamaan\u201d p\u00f6yt\u00e4hopeansakin \u2013 tai, oikeammin, \u00e4itins\u00e4 hopeat.<\/p>\n<p>Myi perheens\u00e4 hopeat<\/p>\n<p>Tuukka tekee paljastuksen sometarinoissaan. H\u00e4n kertoo, ett\u00e4 nuorena teki mieli kaljaa joka viikonloppu \u2013 jo yhdeks\u00e4nnelt\u00e4 luokalta alkaen. Kaljaa ja tupakkaa piti saada, ja rahaa niihin.<\/p>\n<p>Kotona oli harvalla k\u00e4yt\u00f6ll\u00e4 olleet p\u00f6yt\u00e4hopeat. Niinp\u00e4 Tuukka k\u00e4rr\u00e4si ne alakerrassa sijaitsevaan antiikkiliikkeeseen myyt\u00e4v\u00e4ksi. <\/p>\n<p>Tyrv\u00e4isen vanhasta anttiikkiliikkeest\u00e4 saaduilla rahoilla pelastui yksi kaljaperjantai.<\/p>\n<p>\u2013 Voi vitsi, anteeksi \u00e4iti, Tuukka nauraa videolla tehden naamapalmun.<\/p>\n<p>Lue my\u00f6s: <a href=\"https:\/\/www.como.fi\/uutiset\/tuukka-temonen-julkaisi-askareestaan-kuvan-hyvaa-terapiaa\/\" title=\"Tuukka Temonen julkaisi askareestaan kuvan \u2013 \u201dHyv\u00e4\u00e4 terapiaa\u201d\" class=\"underline-custom !font-montserrat !font-bold !underline-offset-4 !decoration-4 !decoration-red-600 !text-md\" rel=\"nofollow noopener\" target=\"_blank\">Tuukka Temonen julkaisi askareestaan kuvan \u2013 \u201dHyv\u00e4\u00e4 terapiaa\u201d<\/a><\/p>\n<p>Lue my\u00f6s: <a href=\"https:\/\/www.como.fi\/uutiset\/olga-ja-tuukka-temonen-hymyssa-on-asia-joka-vaikeuttaa-arkeamme\/\" title=\"Olga ja Tuukka Temonen Hymyss\u00e4: On asia, joka vaikeuttaa arkeamme\" class=\"underline-custom !font-montserrat !font-bold !underline-offset-4 !decoration-4 !decoration-red-600 !text-md\" rel=\"nofollow noopener\" target=\"_blank\">Olga ja Tuukka Temonen Hymyss\u00e4: On asia, joka vaikeuttaa arkeamme<\/a><\/p>\n<p>Lue my\u00f6s: <a href=\"https:\/\/www.como.fi\/tilaa-comon-uutiskirje\/\" title=\"Tilaa Comon uutiskirje ja tied\u00e4t mist\u00e4 kahvitauolla puhutaan! Nappaa kotimaan tv-vinkit ja puheenaiheet suoraan s\u00e4hk\u00f6postiin t\u00e4st\u00e4.\" class=\"underline-custom !font-montserrat !font-bold !underline-offset-4 !decoration-4 !decoration-red-600 !text-md\" rel=\"nofollow noopener\" target=\"_blank\">Tilaa Comon uutiskirje ja tied\u00e4t mist\u00e4 kahvitauolla puhutaan! Nappaa kotimaan tv-vinkit ja puheenaiheet suoraan s\u00e4hk\u00f6postiin t\u00e4st\u00e4.<\/a><\/p>\n","protected":false},"excerpt":{"rendered":"Elokuvaohjaaja Tuukka Temonen voi hyr\u00e4ill\u00e4 tyytyv\u00e4isen\u00e4 viimeisimm\u00e4n leffansa, Cancel, menestyksest\u00e4. Leffa on vajaassa kuukaudessa noussut jo t\u00e4m\u00e4n vuoden&hellip;\n","protected":false},"author":2,"featured_media":78942,"comment_status":"","ping_status":"","sticky":false,"template":"","format":"standard","meta":{"footnotes":""},"categories":[130],"tags":[137,33,31,30,32,2721,109],"class_list":{"0":"post-78941","1":"post","2":"type-post","3":"status-publish","4":"format-standard","5":"has-post-thumbnail","7":"category-viihde","8":"tag-entertainment","9":"tag-fi","10":"tag-finland","11":"tag-finnish","12":"tag-suomi","13":"tag-tuukka-temonen","14":"tag-viihde"},"share_on_mastodon":{"url":"https:\/\/pubeurope.com\/@fi\/115479867762673825","error":""},"_links":{"self":[{"href":"https:\/\/www.europesays.com\/fi\/wp-json\/wp\/v2\/posts\/78941","targetHints":{"allow":["GET"]}}],"collection":[{"href":"https:\/\/www.europesays.com\/fi\/wp-json\/wp\/v2\/posts"}],"about":[{"href":"https:\/\/www.europesays.com\/fi\/wp-json\/wp\/v2\/types\/post"}],"author":[{"embeddable":true,"href":"https:\/\/www.europesays.com\/fi\/wp-json\/wp\/v2\/users\/2"}],"replies":[{"embeddable":true,"href":"https:\/\/www.europesays.com\/fi\/wp-json\/wp\/v2\/comments?post=78941"}],"version-history":[{"count":0,"href":"https:\/\/www.europesays.com\/fi\/wp-json\/wp\/v2\/posts\/78941\/revisions"}],"wp:featuredmedia":[{"embeddable":true,"href":"https:\/\/www.europesays.com\/fi\/wp-json\/wp\/v2\/media\/78942"}],"wp:attachment":[{"href":"https:\/\/www.europesays.com\/fi\/wp-json\/wp\/v2\/media?parent=78941"}],"wp:term":[{"taxonomy":"category","embeddable":true,"href":"https:\/\/www.europesays.com\/fi\/wp-json\/wp\/v2\/categories?post=78941"},{"taxonomy":"post_tag","embeddable":true,"href":"https:\/\/www.europesays.com\/fi\/wp-json\/wp\/v2\/tags?post=78941"}],"curies":[{"name":"wp","href":"https:\/\/api.w.org\/{rel}","templated":true}]}}