{"id":78945,"date":"2025-11-02T11:31:08","date_gmt":"2025-11-02T11:31:08","guid":{"rendered":"https:\/\/www.europesays.com\/fi\/78945\/"},"modified":"2025-11-02T11:31:08","modified_gmt":"2025-11-02T11:31:08","slug":"britannian-poliisi-junapuukotuksista-ei-merkkia-terroristisesta-teosta-kaksi-yha-kriittisessa-tilassa-uutisia-lyhyesti","status":"publish","type":"post","link":"https:\/\/www.europesays.com\/fi\/78945\/","title":{"rendered":"Britannian poliisi junapuukotuksista: Ei merkki\u00e4 terroristisesta teosta \u2013 kaksi yh\u00e4 kriittisess\u00e4 tilassa | Uutisia lyhyesti"},"content":{"rendered":"<p><img decoding=\"async\" alt=\"Poliisiviranomaisia tutkimassa junan vieress\u00e4.\" src=\"https:\/\/www.europesays.com\/fi\/wp-content\/uploads\/2025\/11\/39-1547456690739300de7e.jpeg\" class=\"aw-1l9m598 hKVVvP\"\/><\/p>\n<p>Avaa kuvien katselu<\/p>\n<p>Poliiseja tutkimassa Huntingdonin asemalla it\u00e4isess\u00e4 Englannissa 1.11.2025. Kuva: Lehtikuva<\/p>\n<p>12:49\u2022P\u00e4ivitetty 13:22<\/p>\n<p class=\"aw-1gybjub aw-1p7kakr ghpEtB jtovHP yle__article__paragraph\">Britannian poliisin mukaan eilisess\u00e4 puukkohy\u00f6kk\u00e4yksess\u00e4 ei ole terroristisen teon merkkej\u00e4.<\/p>\n<p class=\"aw-1gybjub aw-1p7kakr ghpEtB jtovHP yle__article__paragraph\">Poliisi pit\u00e4\u00e4 parhaillaan tiedotustilaisuutta asiasta.<\/p>\n<p class=\"aw-1gybjub aw-1p7kakr ghpEtB jtovHP yle__article__paragraph\">Poliisip\u00e4\u00e4llikk\u00f6 <strong class=\"aw-ak79eh KyCXm yle__article__strong\">John Loveless<\/strong> kertoo mit\u00e4 t\u00e4ll\u00e4 hetkell\u00e4 asiasta tiedet\u00e4\u00e4n.<\/p>\n<p class=\"aw-1gybjub aw-1p7kakr ghpEtB jtovHP yle__article__paragraph\">Kaksi miest\u00e4 on poliisin hallussa ep\u00e4iltyin\u00e4 murhayrityksist\u00e4, heid\u00e4n pid\u00e4tyst\u00e4\u00e4n jatketaan. Miehet ovat noin kolmekymppisi\u00e4 Britannian kansalaisia ja syntyneet Britanniassa.<\/p>\n<p class=\"aw-1gybjub aw-1p7kakr ghpEtB jtovHP yle__article__paragraph\">Loveless sanoo, ett\u00e4 10 ihmist\u00e4 vietiin alun perin sairaalahoitoon, ja yksi ihminen hakeutui sairaalaan omatoimisesti my\u00f6hemmin.<\/p>\n<p class=\"aw-1gybjub aw-1p7kakr ghpEtB jtovHP yle__article__paragraph\">Yhdeks\u00e4st\u00e4 hengenvaarassa luulluista nelj\u00e4 on jo kotiutettu sairaalasta. Kahta ihmist\u00e4 hoidetaan edelleen sairaalassa, ja heid\u00e4n tilansa on kriittinen.<\/p>\n<p class=\"aw-1gybjub aw-1p7kakr ghpEtB jtovHP yle__article__paragraph\">Loveless pyyt\u00e4\u00e4 ihmisi\u00e4 ihmisi\u00e4 kertomaan poliisille, jos heill\u00e4 on tapauksesta lis\u00e4\u00e4 tietoja.<\/p>\n<p class=\"aw-1gybjub aw-1p7kakr ghpEtB jtovHP yle__article__paragraph\">Poliisin tiedotustilaisuus oli ohi noin kymmeness\u00e4 minuutissa. Pian sen p\u00e4\u00e4ttymisen j\u00e4lkeen kuningas <strong class=\"aw-ak79eh KyCXm yle__article__strong\">Charles III<\/strong> sanoi uutistoimisto AFP:n mukaan olevansa todella kauhistunut ja j\u00e4rkyttynyt junapuukotuksista. Kuningas lausui my\u00f6s kiitoksen ensiapuhenkil\u00f6kunnalle.<\/p>\n<p class=\"aw-1gybjub aw-1p7kakr ghpEtB jtovHP yle__article__paragraph\">Uutinen p\u00e4ivittyy<\/p>\n<p class=\"aw-1gybjub aw-1p7kakr ghpEtB jtovHP yle__article__paragraph\">Laajemmin tapahtumista:<\/p>\n<p class=\"aw-1gybjub aw-1p7kakr ghpEtB jtovHP yle__article__paragraph\">L\u00e4hteet: BBC, AFP<\/p>\n","protected":false},"excerpt":{"rendered":"Avaa kuvien katselu Poliiseja tutkimassa Huntingdonin asemalla it\u00e4isess\u00e4 Englannissa 1.11.2025. Kuva: Lehtikuva 12:49\u2022P\u00e4ivitetty 13:22 Britannian poliisin mukaan eilisess\u00e4&hellip;\n","protected":false},"author":2,"featured_media":78946,"comment_status":"","ping_status":"","sticky":false,"template":"","format":"standard","meta":{"footnotes":"","_share_on_mastodon":"0"},"categories":[14],"tags":[22,23,1775,26,27,33,31,30,17,12578,24,25,28,29,15,18,21,1282,1263,32,19,20,56,16,59,60,61],"class_list":["post-78945","post","type-post","status-publish","format-standard","has-post-thumbnail","category-ulkomaat","tag-breaking-news","tag-breakingnews","tag-britannia","tag-featured-news","tag-featurednews","tag-fi","tag-finland","tag-finnish","tag-headlines","tag-hengenvaara","tag-latest-news","tag-latestnews","tag-main-news","tag-mainnews","tag-news","tag-otsikot","tag-paauutiset","tag-puukotus","tag-rikosepailyt","tag-suomi","tag-top-stories","tag-topstories","tag-ulkomaat","tag-uutiset","tag-world","tag-world-news","tag-worldnews"],"share_on_mastodon":{"url":"https:\/\/pubeurope.com\/@fi\/115479883611107720","error":""},"_links":{"self":[{"href":"https:\/\/www.europesays.com\/fi\/wp-json\/wp\/v2\/posts\/78945","targetHints":{"allow":["GET"]}}],"collection":[{"href":"https:\/\/www.europesays.com\/fi\/wp-json\/wp\/v2\/posts"}],"about":[{"href":"https:\/\/www.europesays.com\/fi\/wp-json\/wp\/v2\/types\/post"}],"author":[{"embeddable":true,"href":"https:\/\/www.europesays.com\/fi\/wp-json\/wp\/v2\/users\/2"}],"replies":[{"embeddable":true,"href":"https:\/\/www.europesays.com\/fi\/wp-json\/wp\/v2\/comments?post=78945"}],"version-history":[{"count":0,"href":"https:\/\/www.europesays.com\/fi\/wp-json\/wp\/v2\/posts\/78945\/revisions"}],"wp:featuredmedia":[{"embeddable":true,"href":"https:\/\/www.europesays.com\/fi\/wp-json\/wp\/v2\/media\/78946"}],"wp:attachment":[{"href":"https:\/\/www.europesays.com\/fi\/wp-json\/wp\/v2\/media?parent=78945"}],"wp:term":[{"taxonomy":"category","embeddable":true,"href":"https:\/\/www.europesays.com\/fi\/wp-json\/wp\/v2\/categories?post=78945"},{"taxonomy":"post_tag","embeddable":true,"href":"https:\/\/www.europesays.com\/fi\/wp-json\/wp\/v2\/tags?post=78945"}],"curies":[{"name":"wp","href":"https:\/\/api.w.org\/{rel}","templated":true}]}}