{"id":78966,"date":"2025-11-02T12:10:08","date_gmt":"2025-11-02T12:10:08","guid":{"rendered":"https:\/\/www.europesays.com\/fi\/78966\/"},"modified":"2025-11-02T12:10:08","modified_gmt":"2025-11-02T12:10:08","slug":"raportti-samsung-suunnittelee-julkistavansa-galaxy-s26-sarjan-huippupuhelimensa-vasta-25-helmikuuta","status":"publish","type":"post","link":"https:\/\/www.europesays.com\/fi\/78966\/","title":{"rendered":"Raportti: Samsung suunnittelee julkistavansa Galaxy S26 -sarjan huippupuhelimensa vasta 25. helmikuuta"},"content":{"rendered":"<p><a href=\"https:\/\/mobiili.fi\/wp-content\/uploads\/2025\/01\/samsung_galaxy_s25_hero.jpg\" data-lightbox=\"image\" rel=\"nofollow noopener\" target=\"_blank\"><img fetchpriority=\"high\" decoding=\"async\" aria-describedby=\"caption-attachment-252573\" class=\"size-large wp-image-252573\" src=\"data:image\/svg+xml,%3Csvg%20xmlns=\" http:=\"\" alt=\"Kuvassa Samsung Galaxy S25.\" width=\"1200\" height=\"893\" data-lazy- data-lazy- data-lazy-src=\"https:\/\/www.europesays.com\/fi\/wp-content\/uploads\/2025\/11\/samsung_galaxy_s25_hero-1200x893.jpg\"\/><\/a><\/p>\n<p id=\"caption-attachment-252573\" class=\"wp-caption-text\">Kuvassa Samsung Galaxy S25.<\/p>\n<p>Samsung suunnittelee julkistavansa vuoden 2026 Galaxy S26 -huippupuhelimensa Galaxy Unpacked -julkistustilaisuudessa, joka j\u00e4rjestett\u00e4isiin 25. helmikuuta San Franciscossa, Yhdysvalloissa.<\/p>\n<p><a href=\"https:\/\/www.mt.co.kr\/tech\/2025\/11\/02\/2025103113281189654\" rel=\"nofollow noopener\" target=\"_blank\">Aikataulusta raportoi raportoi korealaismedia MT<\/a>. Sen mukaan tuleva tilaisuus keskittyisi teko\u00e4lyyn, joten Samsungilta on lupa odottaa uusien huippupuhelinten yhteydess\u00e4 uusia Galaxy AI -teko\u00e4lytoimintoja.<\/p>\n<p><a href=\"https:\/\/mobiili.fi\/2025\/10\/18\/huhu-samsung-galaxy-s26-huippupuhelimet-tulossa-vasta-maaliskuussa-taustalla-sekoilu-kehitystyossa\/\" rel=\"nofollow noopener\" target=\"_blank\">Jo aiemmin on huhuttu Galaxy S26 -sarjan puhelinten aikataulun ven\u00e4ht\u00e4v\u00e4n viime vuosina n\u00e4hty\u00e4 pidemm\u00e4lle<\/a>. Aiemmin on puhuttu maaliskuusta, jolloin Samsungin Galaxy S26 -sarjalaiset voivatkin olla saapumassa markkinoille.<\/p>\n<p style=\"width: 98%; text-align: center; font-size:13px; border-bottom: 1px solid #C8C8C8; line-height: 0.1em; margin: 8px 1% 16px 1%;\">MAINOS (ARTIKKELI JATKUU ALLA)<\/p>\n<p>Julkistus 25. helmikuuta tarkoittaisi, ett\u00e4 Samsung ehtii esittelem\u00e4\u00e4n uutuutensa ennen mobiilialan vuotuista suurtapahtumaa, Barcelonan Mobile World Congress -messuja, jotka j\u00e4rjestet\u00e4\u00e4n 2.-5. maaliskuuta 2026.<\/p>\n<p><a href=\"https:\/\/mobiili.fi\/2025\/01\/22\/samsung-galaxy-s25-julkistus\/\" rel=\"nofollow noopener\" target=\"_blank\">Esimerkiksi nykyiset Galaxy S25:n, S25+:n ja S25 Ultran Samsung julkisti jo kuitenkin 22. tammikuuta<\/a>, joten ensi vuoden aikataulu on yli kuukauden my\u00f6h\u00e4isempi.<\/p>\n<p>Syyn\u00e4 aikataulun lipsahtamiseen pidemm\u00e4lle on sekoilu Samsungin Galaxy S26 -sarjan kehitysty\u00f6ss\u00e4.<\/p>\n<p style=\"width: 98%; text-align: center; font-size:13px; border-bottom: 1px solid #C8C8C8; line-height: 0.1em; margin: 8px 1% 16px 1%;\">MAINOS (ARTIKKELI JATKUU ALLA)<\/p>\n<p>Aluksi Samsungin kehitti kolmea uutta mallia, jotka olisivat seuraajat Galaxy S25:lle, Galaxy S25 Edgelle ja Galaxy S25 Ultralle.<\/p>\n<p>Mallisto olisi koostunut siis perusmallista, ohuesta mallista ja parhaimmin varustellusta huippumallista. Perusmallia suurempi plussamalli olisi n\u00e4in ollut putoamassa pois mallistosta ohuen mallin tavallaan ottaessa sen paikan. Lis\u00e4ksi perusmallin huhuttiin saavan nimekseen Galaxy S26 Pro.<\/p>\n<p><a href=\"https:\/\/mobiili.fi\/2025\/10\/01\/raportti-samsung-kaynnisti-sittenkin-plussamallin-kehityksen-ensi-vuoden-galaxy-s26-sarjaan-taustalla-galaxy-s25-edgen-heikko-myynti\/\" rel=\"nofollow noopener\" target=\"_blank\">Syys-lokakuun vaihteessa kuultiin kuitenkin raportti<\/a>, jonka mukaan nykyisen ohuen Galaxy S25 Edgen heikon myynnin takia Samsung olikin aloittanut plussamallin kehityksen osaksi Galaxy S26 -mallistoa. T\u00e4t\u00e4 seurasivat usealta taholta raportit, joiden mukaan <a href=\"https:\/\/mobiili.fi\/2025\/10\/16\/huhu-samsung-perui-ohuen-galaxy-s26-edge-huippupuhelimen-syyna-nykymallin-surkea-myynti\/\" rel=\"nofollow noopener\" target=\"_blank\">tuleva ohut Galaxy S26 Edge onkin lopulta peruttu kokonaan<\/a>.<\/p>\n<p>N\u00e4in ollen Samsungilta odotetaan entiseen tapaan kolmea Galaxy S26 -puhelinta, eli perusmallia, suurikokoisempaa plussamallia \u2013 mit\u00e4 ikin\u00e4 ne lopulta saavatkaan nimekseen \u2013 sek\u00e4 Ultra-huippumallia.<\/p>\n<p style=\"width: 98%; text-align: center; font-size:13px; border-bottom: 1px solid #C8C8C8; line-height: 0.1em; margin: 8px 1% 16px 1%;\">MAINOS (ARTIKKELI JATKUU ALLA)<\/p>\n<p>Viiv\u00e4styneen aikataulunsa my\u00f6t\u00e4 Samsung on j\u00e4\u00e4m\u00e4ss\u00e4 selv\u00e4sti j\u00e4lkeen monista uuden sukupolven huippupuhelinkilpailijoistaan. <a href=\"https:\/\/mobiili.fi\/2025\/10\/29\/oneplus-vahvisti-uusi-15-huippupuhelin-esitellaan-globaalisti-13-marraskuuta-lanseerauspaivana-pop-up-myyntitapahtuma-helsingissa\/\" rel=\"nofollow noopener\" target=\"_blank\">OnePlus on tuomassa uuden jo 27. lokakuuta Kiinassa julkistetun 15-huippupuhelimensa muille markkinoille 13. marraskuuta alkaen<\/a> ja my\u00f6s esimerkiksi <a href=\"https:\/\/mobiili.fi\/2025\/10\/15\/honor-julkisti-magic8-sarjan-huippupuhelimensa-kiinassa-varustettu-snapdragon-8-elite-gen-5lla-ja-huippukameroilla\/\" rel=\"nofollow noopener\" target=\"_blank\">Honor julkisti omat Magic8-sarjan huippupuhelimensa Kiinassa jo 15. lokakuuta<\/a>.<\/p>\n<p>Mit\u00e4 uudistuksiin Galaxy S26 -puhelimissa tulee, <a href=\"https:\/\/mobiili.fi\/2025\/10\/21\/huhu-kaikkiin-samsungin-tuleviin-galaxy-s26-huippupuhelinmalleihin-tulossa-exynos-jarjestelmapiiri-osalla-markkinoista\/\" rel=\"nofollow noopener\" target=\"_blank\">odotetaan sisuksiin tietenkin uuden sukupolven j\u00e4rjestelm\u00e4piirej\u00e4 \u2013 mallista ja markkinasta riippuen joko Qualcomm Snapdragon 8 Elite Gen 5 tai Samsungin oma Exynos 2600<\/a> sek\u00e4 lis\u00e4ksi ainakin joitakin uudistuksia kameroissa ja n\u00e4yt\u00f6iss\u00e4.<\/p>\n<p>Mainos: <a href=\"https:\/\/hinta.fi\/?src=gPp6fX03\" target=\"_blank\" rel=\"nofollow noopener\">Noin 1 600 000 tuotteen hintavertailu ja hintaseuranta &#8211; katso Hinta.fist\u00e4 mist\u00e4 saat halvimmalla<\/a><\/p>\n","protected":false},"excerpt":{"rendered":"Kuvassa Samsung Galaxy S25. Samsung suunnittelee julkistavansa vuoden 2026 Galaxy S26 -huippupuhelimensa Galaxy Unpacked -julkistustilaisuudessa, joka j\u00e4rjestett\u00e4isiin 25.&hellip;\n","protected":false},"author":2,"featured_media":78967,"comment_status":"","ping_status":"","sticky":false,"template":"","format":"standard","meta":{"footnotes":""},"categories":[85],"tags":[33,31,30,419,418,32,91,92],"class_list":{"0":"post-78966","1":"post","2":"type-post","3":"status-publish","4":"format-standard","5":"has-post-thumbnail","7":"category-mobiili","8":"tag-fi","9":"tag-finland","10":"tag-finnish","11":"tag-mobiili","12":"tag-mobile","13":"tag-suomi","14":"tag-technology","15":"tag-teknologia"},"share_on_mastodon":{"url":"https:\/\/pubeurope.com\/@fi\/115480036897767783","error":""},"_links":{"self":[{"href":"https:\/\/www.europesays.com\/fi\/wp-json\/wp\/v2\/posts\/78966","targetHints":{"allow":["GET"]}}],"collection":[{"href":"https:\/\/www.europesays.com\/fi\/wp-json\/wp\/v2\/posts"}],"about":[{"href":"https:\/\/www.europesays.com\/fi\/wp-json\/wp\/v2\/types\/post"}],"author":[{"embeddable":true,"href":"https:\/\/www.europesays.com\/fi\/wp-json\/wp\/v2\/users\/2"}],"replies":[{"embeddable":true,"href":"https:\/\/www.europesays.com\/fi\/wp-json\/wp\/v2\/comments?post=78966"}],"version-history":[{"count":0,"href":"https:\/\/www.europesays.com\/fi\/wp-json\/wp\/v2\/posts\/78966\/revisions"}],"wp:featuredmedia":[{"embeddable":true,"href":"https:\/\/www.europesays.com\/fi\/wp-json\/wp\/v2\/media\/78967"}],"wp:attachment":[{"href":"https:\/\/www.europesays.com\/fi\/wp-json\/wp\/v2\/media?parent=78966"}],"wp:term":[{"taxonomy":"category","embeddable":true,"href":"https:\/\/www.europesays.com\/fi\/wp-json\/wp\/v2\/categories?post=78966"},{"taxonomy":"post_tag","embeddable":true,"href":"https:\/\/www.europesays.com\/fi\/wp-json\/wp\/v2\/tags?post=78966"}],"curies":[{"name":"wp","href":"https:\/\/api.w.org\/{rel}","templated":true}]}}