{"id":79001,"date":"2025-11-02T12:51:07","date_gmt":"2025-11-02T12:51:07","guid":{"rendered":"https:\/\/www.europesays.com\/fi\/79001\/"},"modified":"2025-11-02T12:51:07","modified_gmt":"2025-11-02T12:51:07","slug":"yha-useampi-italialainen-haaveilee-omasta-bunkkerista","status":"publish","type":"post","link":"https:\/\/www.europesays.com\/fi\/79001\/","title":{"rendered":"Yh\u00e4 useampi italialainen haaveilee omasta bunkkerista"},"content":{"rendered":"<p>Varautuminen|Yksityisten bunkkerien kysynt\u00e4 on Ven\u00e4j\u00e4n hy\u00f6kk\u00e4yssodan seurauksena kasvanut r\u00e4j\u00e4hdysm\u00e4isesti.<\/p>\n<p>Lue tiivistelm\u00e4<\/p>\n<p>Tiivistelm\u00e4 on teko\u00e4lyn tekem\u00e4 ja ihmisen tarkistama.<\/p>\n<p class=\"article-body mb-nof-24 px-nof-16 sndp-summary-bullet-point-font\">Yksityisten bunkkerien kysynt\u00e4 on kasvanut Italiassa r\u00e4j\u00e4hdysm\u00e4isesti Ven\u00e4j\u00e4n Ukrainaan hy\u00f6kk\u00e4yksen j\u00e4lkeen.<\/p>\n<p class=\"article-body mb-nof-24 px-nof-16 sndp-summary-bullet-point-font\">Minus Energie -yrityksen toimitusjohtaja Giulio Cavicchioli kertoo, ett\u00e4 aiemmin bunkkerin rakentajia pidettiin suuruudenhulluina.<\/p>\n<p class=\"article-body mb-nof-24 px-nof-16 sndp-summary-bullet-point-font\">Nyky\u00e4\u00e4n yritys auttaa toteuttamaan kymmeni\u00e4 yksityisbunkkereita vuodessa ydiniskun tai kemiallisen hy\u00f6kk\u00e4yksen varalta.<\/p>\n<p class=\"article-body mb-nof-24 px-nof-16 sndp-summary-bullet-point-font\">Cavicchiolin mukaan italialaisten varautumisasenteissa on yh\u00e4 parannettavaa, ja h\u00e4n uskoo pakollisten v\u00e4est\u00f6nsuojien tulevan pian poliittiseen keskusteluun.<\/p>\n<p class=\"article-body mb-nof-24 px-nof-16\">Valtava panssariovi jys\u00e4ht\u00e4\u00e4 kiinni, ja sen eteen asettuu vartioon kaksi toisen maailmansodan aikaisiin univormuihin pukeutunutta italialaissotilasta. \u201dHiljaisuus! T\u00e4\u00e4ll\u00e4 ilma on kallisarvoista\u201d, lukee kolean bunkkerin sein\u00e4ll\u00e4.<\/p>\n<p class=\"article-body mb-nof-24 px-nof-16\">Diktaattori <a class=\"article-personlink\" href=\"https:\/\/www.hs.fi\/haku\/?query=Benito%20Mussolinin\" rel=\"nofollow noopener\" target=\"_blank\">Benito Mussolinin<\/a> rakennuttama Soratten bunkkeri sijaitsee tunnin ajomatkan p\u00e4\u00e4ss\u00e4 Roomasta. Sen tarkoituksena oli tarjota suojaa valtiojohdolle tilanteessa, jossa p\u00e4\u00e4kaupunkiin hy\u00f6k\u00e4ttiin. Nykyisin bunkkeri toimii museona, jossa j\u00e4rjestet\u00e4\u00e4n aika ajoin historian el\u00e4v\u00f6itt\u00e4mistapahtumia.<\/p>\n<p class=\"article-body mb-nof-24 px-nof-16\">T\u00e4ll\u00e4 hetkell\u00e4 bunkkerit el\u00e4v\u00e4t Italiassa uutta kukoistuskautta. Koska Italian laki ei velvoita rakentamaan v\u00e4est\u00f6nsuojia, monet maailmanpoliittisen tilanteen pel\u00e4stytt\u00e4m\u00e4t kansalaiset ovat rakentaneet viime vuosina bunkkerin omin varoin. Mediassa on puhuttu jopa bunkkeribuumista.<\/p>\n<p class=\"article-body mb-nof-24 px-nof-16\">Alan uranuurtajana Italiassa on toiminut Minus Energie -yritys, joka on osa suomalaista v\u00e4est\u00f6nsuojaratkaisuja tarjoavaa Verona Shelters Groupia.<\/p>\n<p class=\"article-body mb-nof-24 px-nof-16\">\u201dKun aloitimme 2000-luvun alussa, meille naurettiin. Bunkkerin rakentavaa pidettiin suuruudenhulluna tai salaliittoteorioihin uskovana\u201d, yrityksen toimitusjohtaja <a class=\"article-personlink\" href=\"https:\/\/www.hs.fi\/haku\/?query=Giulio%20Cavicchioli\" rel=\"nofollow noopener\" target=\"_blank\">Giulio Cavicchioli <\/a>kertoo STT:lle puhelimitse.<\/p>\n<p class=\"article-body mb-nof-24 px-nof-16\">Tilanne muuttui, kun Ven\u00e4j\u00e4 runsaat kolme vuotta sitten hy\u00f6kk\u00e4si Ukrainaan. Cavicchioli kertoo yrityksen hukkuneen hetkess\u00e4 satoihin tiedusteluihin.<\/p>\n<p class=\"article-body mb-nof-24 px-nof-16\">\u201dYht\u00e4kki\u00e4 ihmiset ymm\u00e4rsiv\u00e4t, ett\u00e4 ydinsota ei ollutkaan en\u00e4\u00e4 et\u00e4inen vaan aivan konkreettinen mahdollisuus\u201d, Cavicchioli sanoo.<\/p>\n<p class=\"article-body mb-nof-24 px-nof-16\">T\u00e4ll\u00e4 hetkell\u00e4 Minus Energie -yritys auttaa toteuttamaan useita kymmeni\u00e4 yksityisbunkkereita vuodessa. Yritys ei rakenna itse bunkkereita, mutta tarjoaa niihin esimerkiksi projektisuunnittelua ja erilaisten j\u00e4rjestelmien asennusta. Koska Italian laki ei s\u00e4\u00e4tele bunkkerien rakentamista, yritys noudattaa sveitsil\u00e4isi\u00e4 standardeja.<\/p>\n<p class=\"article-body mb-nof-24 px-nof-16\">\u201dNykyisin meille ei soiteta en\u00e4\u00e4 pelk\u00e4st\u00e4 uteliaisuudesta, vaan ihmiset haluavat aidosti selvitt\u00e4\u00e4, onko heid\u00e4n mahdollista rakentaa bunkkeri\u201d, Cavicchioli sanoo.<\/p>\n<p class=\"article-body mb-nof-24 px-nof-16\">Cavicchiolin mukaan useimmat asiakkaista haluavat bunkkerin ydinaseiskun tai esimerkiksi kemiallisen hy\u00f6kk\u00e4yksen varalta. Siit\u00e4 voi kuitenkin olla hy\u00f6ty\u00e4 my\u00f6s arkisemmissa kriiseiss\u00e4, kuten maanj\u00e4ristyksess\u00e4. Toisille kymmeni\u00e4tuhansia euroja maksava bunkkeri on osoitus omasta varakkuudesta.<\/p>\n<p class=\"article-body mb-nof-24 px-nof-16\">\u201dSamoin kuin kassakaappia, bunkkeria ei kuitenkaan esitell\u00e4 muille\u201d, Cavicchioli sanoo.<\/p>\n<p class=\"article-body mb-nof-24 px-nof-16\">Vaikka bunkkerien kysynt\u00e4 on kasvanut ja alalle on viime vuosien aikana tullut useita uusia toimijoita, italialaisten varautumiseen liittyviss\u00e4 asenteissa on Cavicchiolin mukaan yh\u00e4 paljon parantamisen varaa.<\/p>\n<p class=\"article-body mb-nof-24 px-nof-16\">\u201dMeid\u00e4n mentaliteettiimme ei kuulu asioihin varautuminen ennalta. Me rakennamme taloja jokien varsille ja tulivuorten rinteille\u201d, Cavicchioli k\u00e4rjist\u00e4\u00e4.<\/p>\n<p class=\"article-body mb-nof-24 px-nof-16\">Suomen lis\u00e4ksi v\u00e4est\u00f6nsuojien rakentamisesta s\u00e4\u00e4det\u00e4\u00e4n laissa esimerkiksi Sveitsiss\u00e4 ja Israelissa. Kiristyneess\u00e4 maailmanpoliittisessa tilanteessa Cavicchioli ep\u00e4ilee jonkun poliitikon pian ehdottavan niiden pakollista rakentamista my\u00f6s Italiaan.<\/p>\n<p class=\"article-body mb-nof-24 px-nof-16\">\u201dKannatan ajatusta, jos bunkkerien rakentaminen sidotaan esimerkiksi Naton s\u00e4\u00e4nt\u00f6ihin. Muuten saatamme n\u00e4hd\u00e4\u201d, miten bunkkereita rakennetaan vaikkapa kipsilevyist\u00e4.<\/p>\n","protected":false},"excerpt":{"rendered":"Varautuminen|Yksityisten bunkkerien kysynt\u00e4 on Ven\u00e4j\u00e4n hy\u00f6kk\u00e4yssodan seurauksena kasvanut r\u00e4j\u00e4hdysm\u00e4isesti. Lue tiivistelm\u00e4 Tiivistelm\u00e4 on teko\u00e4lyn tekem\u00e4 ja ihmisen tarkistama.&hellip;\n","protected":false},"author":2,"featured_media":79002,"comment_status":"","ping_status":"","sticky":false,"template":"","format":"standard","meta":{"footnotes":""},"categories":[5],"tags":[22,23,26,27,33,31,30,17,46,24,25,28,29,15,18,21,32,19,20,16],"class_list":{"0":"post-79001","1":"post","2":"type-post","3":"status-publish","4":"format-standard","5":"has-post-thumbnail","7":"category-otsikot","8":"tag-breaking-news","9":"tag-breakingnews","10":"tag-featured-news","11":"tag-featurednews","12":"tag-fi","13":"tag-finland","14":"tag-finnish","15":"tag-headlines","16":"tag-helsingin-sanomat","17":"tag-latest-news","18":"tag-latestnews","19":"tag-main-news","20":"tag-mainnews","21":"tag-news","22":"tag-otsikot","23":"tag-paauutiset","24":"tag-suomi","25":"tag-top-stories","26":"tag-topstories","27":"tag-uutiset"},"share_on_mastodon":{"url":"https:\/\/pubeurope.com\/@fi\/115480198368945904","error":""},"_links":{"self":[{"href":"https:\/\/www.europesays.com\/fi\/wp-json\/wp\/v2\/posts\/79001","targetHints":{"allow":["GET"]}}],"collection":[{"href":"https:\/\/www.europesays.com\/fi\/wp-json\/wp\/v2\/posts"}],"about":[{"href":"https:\/\/www.europesays.com\/fi\/wp-json\/wp\/v2\/types\/post"}],"author":[{"embeddable":true,"href":"https:\/\/www.europesays.com\/fi\/wp-json\/wp\/v2\/users\/2"}],"replies":[{"embeddable":true,"href":"https:\/\/www.europesays.com\/fi\/wp-json\/wp\/v2\/comments?post=79001"}],"version-history":[{"count":0,"href":"https:\/\/www.europesays.com\/fi\/wp-json\/wp\/v2\/posts\/79001\/revisions"}],"wp:featuredmedia":[{"embeddable":true,"href":"https:\/\/www.europesays.com\/fi\/wp-json\/wp\/v2\/media\/79002"}],"wp:attachment":[{"href":"https:\/\/www.europesays.com\/fi\/wp-json\/wp\/v2\/media?parent=79001"}],"wp:term":[{"taxonomy":"category","embeddable":true,"href":"https:\/\/www.europesays.com\/fi\/wp-json\/wp\/v2\/categories?post=79001"},{"taxonomy":"post_tag","embeddable":true,"href":"https:\/\/www.europesays.com\/fi\/wp-json\/wp\/v2\/tags?post=79001"}],"curies":[{"name":"wp","href":"https:\/\/api.w.org\/{rel}","templated":true}]}}