{"id":79016,"date":"2025-11-02T13:15:08","date_gmt":"2025-11-02T13:15:08","guid":{"rendered":"https:\/\/www.europesays.com\/fi\/79016\/"},"modified":"2025-11-02T13:15:08","modified_gmt":"2025-11-02T13:15:08","slug":"belgiassa-jahdattiin-ilmavoimien-tukikohdan-ylle-lentaneita-drooneja-uutisia-lyhyesti","status":"publish","type":"post","link":"https:\/\/www.europesays.com\/fi\/79016\/","title":{"rendered":"Belgiassa jahdattiin ilmavoimien tukikohdan ylle lent\u00e4neit\u00e4 drooneja | Uutisia lyhyesti"},"content":{"rendered":"<p>14:32\u2022P\u00e4ivitetty 14:44<\/p>\n<p class=\"aw-1gybjub aw-1p7kakr ghpEtB jtovHP yle__article__paragraph\">Belgian poliisi tutkii droonih\u00e4irint\u00e4\u00e4, joka kohdistui ilmavoimien tukikohtaan maan koillisosassa. Asiasta kertoi puolustusministeri <strong class=\"aw-ak79eh KyCXm yle__article__strong\">Theo Francken<\/strong> sunnuntaina.<\/p>\n<p class=\"aw-1gybjub aw-1p7kakr ghpEtB jtovHP yle__article__paragraph\">Kleine Brogelin lentotukikohdan yll\u00e4 havaittiin drooneja lauantaina. Franckenin mukaan helikopteri ja poliisin ajoneuvot l\u00e4htiv\u00e4t per\u00e4\u00e4n, mutta eiv\u00e4t saaneet niit\u00e4 kiinni, eik\u00e4 droonien torjuntaj\u00e4rjestelm\u00e4st\u00e4k\u00e4\u00e4n ollut apua.<\/p>\n<p class=\"aw-1gybjub aw-1p7kakr ghpEtB jtovHP yle__article__paragraph\">\u2013 Se ei ollut mik\u00e4\u00e4n yksinkertainen ylilento, vaan selke\u00e4sti Kleine Brogeliin kohdistuva operaatio, h\u00e4n sanoi.<\/p>\n<p class=\"aw-1gybjub aw-1p7kakr ghpEtB jtovHP yle__article__paragraph\">Belgiassa ja muualla Euroopassa on ollut runsaasti droonih\u00e4irint\u00e4\u00e4 viime aikoina. Nato-maat ovat nostaneet valmiustasoaan h\u00e4irinn\u00e4n vuoksi.<\/p>\n<p class=\"aw-1gybjub aw-1p7kakr ghpEtB jtovHP yle__article__paragraph\">L\u00e4hde: Reuters<\/p>\n","protected":false},"excerpt":{"rendered":"14:32\u2022P\u00e4ivitetty 14:44 Belgian poliisi tutkii droonih\u00e4irint\u00e4\u00e4, joka kohdistui ilmavoimien tukikohtaan maan koillisosassa. Asiasta kertoi puolustusministeri Theo Francken sunnuntaina.&hellip;\n","protected":false},"author":2,"featured_media":74,"comment_status":"","ping_status":"","sticky":false,"template":"","format":"standard","meta":{"footnotes":""},"categories":[14],"tags":[1902,22,23,759,26,27,33,31,30,17,24,25,28,29,2579,15,18,21,10889,32,19,20,546,56,16,59,60,61],"class_list":{"0":"post-79016","1":"post","2":"type-post","3":"status-publish","4":"format-standard","5":"has-post-thumbnail","7":"category-ulkomaat","8":"tag-belgia","9":"tag-breaking-news","10":"tag-breakingnews","11":"tag-droonit","12":"tag-featured-news","13":"tag-featurednews","14":"tag-fi","15":"tag-finland","16":"tag-finnish","17":"tag-headlines","18":"tag-latest-news","19":"tag-latestnews","20":"tag-main-news","21":"tag-mainnews","22":"tag-nato","23":"tag-news","24":"tag-otsikot","25":"tag-paauutiset","26":"tag-sotilastukikohdat","27":"tag-suomi","28":"tag-top-stories","29":"tag-topstories","30":"tag-turvallisuus","31":"tag-ulkomaat","32":"tag-uutiset","33":"tag-world","34":"tag-world-news","35":"tag-worldnews"},"share_on_mastodon":{"url":"https:\/\/pubeurope.com\/@fi\/115480292627967990","error":""},"_links":{"self":[{"href":"https:\/\/www.europesays.com\/fi\/wp-json\/wp\/v2\/posts\/79016","targetHints":{"allow":["GET"]}}],"collection":[{"href":"https:\/\/www.europesays.com\/fi\/wp-json\/wp\/v2\/posts"}],"about":[{"href":"https:\/\/www.europesays.com\/fi\/wp-json\/wp\/v2\/types\/post"}],"author":[{"embeddable":true,"href":"https:\/\/www.europesays.com\/fi\/wp-json\/wp\/v2\/users\/2"}],"replies":[{"embeddable":true,"href":"https:\/\/www.europesays.com\/fi\/wp-json\/wp\/v2\/comments?post=79016"}],"version-history":[{"count":0,"href":"https:\/\/www.europesays.com\/fi\/wp-json\/wp\/v2\/posts\/79016\/revisions"}],"wp:featuredmedia":[{"embeddable":true,"href":"https:\/\/www.europesays.com\/fi\/wp-json\/wp\/v2\/media\/74"}],"wp:attachment":[{"href":"https:\/\/www.europesays.com\/fi\/wp-json\/wp\/v2\/media?parent=79016"}],"wp:term":[{"taxonomy":"category","embeddable":true,"href":"https:\/\/www.europesays.com\/fi\/wp-json\/wp\/v2\/categories?post=79016"},{"taxonomy":"post_tag","embeddable":true,"href":"https:\/\/www.europesays.com\/fi\/wp-json\/wp\/v2\/tags?post=79016"}],"curies":[{"name":"wp","href":"https:\/\/api.w.org\/{rel}","templated":true}]}}