{"id":79021,"date":"2025-11-02T13:30:10","date_gmt":"2025-11-02T13:30:10","guid":{"rendered":"https:\/\/www.europesays.com\/fi\/79021\/"},"modified":"2025-11-02T13:30:10","modified_gmt":"2025-11-02T13:30:10","slug":"william-ja-catherine-muuttivat","status":"publish","type":"post","link":"https:\/\/www.europesays.com\/fi\/79021\/","title":{"rendered":"William ja Catherine muuttivat"},"content":{"rendered":"<p>Kuninkaallinen perhe muutti uuteen taloon samalla alueella.<\/p>\n<p><img decoding=\"async\" class=\"image image-show image-preview\" src=\"https:\/\/www.europesays.com\/fi\/wp-content\/uploads\/2025\/11\/57a92916e80947b5e6ddac2fba2af141bea7ac3042d26daf02f1e7a439db37c4.jpg\" alt=\"\"\/><img decoding=\"async\" class=\"image image-show\" src=\"https:\/\/www.europesays.com\/fi\/wp-content\/uploads\/2025\/08\/1756162389_315_57a92916e80947b5e6ddac2fba2af141bea7ac3042d26daf02f1e7a439db37c4.jpg\" alt=\"\"\/><\/p>\n<p>Prinsessa Catherinen ja prinssi Williamin muuttoaikeista on huhuttu jo pitk\u00e4\u00e4n. EPA \/ AOP<\/p>\n<p class=\"paragraph\">Brittilehti <a href=\"https:\/\/www.telegraph.co.uk\/royal-family\/2025\/11\/01\/prince-princess-of-wales-become-closer-neighbours-andrew-uk\/\" rel=\"noopener nofollow\" target=\"_blank\">The Telegraph<\/a> kertoo, ett\u00e4 Prinssi William, prinsessa <a href=\"https:\/\/www.iltalehti.fi\/henkilot\/Catherine\" class=\"article-link-person-page\" rel=\"nofollow noopener\" target=\"_blank\">Catherine<\/a> ja heid\u00e4n lapsensa muuttivat 1. marraskuuta uuteen kotiinsa. Perheen muuttoaikeista on huhuttu jo jonkin aikaa.<\/p>\n<p class=\"paragraph\">Perhe muutti Forest Lodge -nimiseen kartanoon, jota pidettiin aiemmin todenn\u00e4k\u00f6isimp\u00e4n\u00e4 valintana perheen pitk\u00e4aikaiseksi kodiksi. 1700-luvulla rakennettu talo on saanut aiemmin kehuja jykevyydest\u00e4\u00e4n ja kauniista ymp\u00e4rist\u00f6st\u00e4\u00e4n.<\/p>\n<p class=\"paragraph\">Perhe asui viimeisen kolmen vuoden ajan Adelaine Cottage -nimisess\u00e4 talossa Windsorin linnan mailla. My\u00f6s Forest Lodge sijaitsee Windsorin linnan mailla. Catherinen ja Williamin lapset, prinssit <a href=\"https:\/\/www.iltalehti.fi\/henkilot\/George\" class=\"article-link-person-page\" rel=\"nofollow noopener\" target=\"_blank\">George<\/a> ja <a href=\"https:\/\/www.iltalehti.fi\/henkilot\/Louis\" class=\"article-link-person-page\" rel=\"nofollow noopener\" target=\"_blank\">Louis<\/a>, sek\u00e4 prinsessa <a href=\"https:\/\/www.iltalehti.fi\/henkilot\/Charlotte\" class=\"article-link-person-page\" rel=\"nofollow noopener\" target=\"_blank\">Charlotte<\/a> k\u00e4yv\u00e4t koulua alueella.<\/p>\n<p class=\"paragraph\">Uusi talo on isompi kuin Adelaine Cottage, jossa on nelj\u00e4 makuuhuonetta. Forest Lodgessa on kahdeksan makuuhuonetta ja erillinen asunto henkil\u00f6kunnalle.<\/p>\n<p>Forest Lodge kuvattuna elokuussa. AOP<\/p>\n<p class=\"paragraph\">Catherine kommentoi alkuvuodesta julkisuuteen, ett\u00e4 perhe halusi muuttaa kolme vuotta sitten Lontoosta Windsoriin, jotta he voisivat el\u00e4\u00e4 luonnon ymp\u00e4r\u00f6im\u00e4n\u00e4. Windsor sijaitsee alle tunnin ajomatkan p\u00e4\u00e4ss\u00e4 Lontoosta, joten se on samalla tarpeeksi l\u00e4hell\u00e4 Lontoota.<\/p>\n<p class=\"paragraph\">The Telegraph toteaa artikkelissaan, ett\u00e4 perhe ehtii asua jonkin aikaa ex-prinssi <a href=\"https:\/\/www.iltalehti.fi\/henkilot\/Andrew\" class=\"article-link-person-page\" rel=\"nofollow noopener\" target=\"_blank\">Andrew<\/a>\u2019n ja t\u00e4m\u00e4n ex-vaimon <strong>Sarah Fergusonin<\/strong> naapureina. Andrew asuu viel\u00e4 toistaiseksi Royal Lodge -nimisess\u00e4 kartanossa l\u00e4hell\u00e4 Forest Lodgea. Andrew muuttaa tulevaisuudessa It\u00e4-Englantiin Sandringhamiin.<\/p>\n","protected":false},"excerpt":{"rendered":"Kuninkaallinen perhe muutti uuteen taloon samalla alueella. Prinsessa Catherinen ja prinssi Williamin muuttoaikeista on huhuttu jo pitk\u00e4\u00e4n. EPA&hellip;\n","protected":false},"author":2,"featured_media":16271,"comment_status":"","ping_status":"","sticky":false,"template":"","format":"standard","meta":{"footnotes":""},"categories":[136],"tags":[35,654,407,137,33,31,30,408,653,6234,652,98,32,109],"class_list":{"0":"post-79021","1":"post","2":"type-post","3":"status-publish","4":"format-standard","5":"has-post-thumbnail","7":"category-julkkikset","8":"tag-24h","9":"tag-britannian-kuningashuone","10":"tag-celebrities","11":"tag-entertainment","12":"tag-fi","13":"tag-finland","14":"tag-finnish","15":"tag-julkkikset","16":"tag-julkkisperheet","17":"tag-kuninkaallinen-perhe","18":"tag-kuninkaalliset","19":"tag-perhe","20":"tag-suomi","21":"tag-viihde"},"share_on_mastodon":{"url":"https:\/\/pubeurope.com\/@fi\/115480351565510302","error":""},"_links":{"self":[{"href":"https:\/\/www.europesays.com\/fi\/wp-json\/wp\/v2\/posts\/79021","targetHints":{"allow":["GET"]}}],"collection":[{"href":"https:\/\/www.europesays.com\/fi\/wp-json\/wp\/v2\/posts"}],"about":[{"href":"https:\/\/www.europesays.com\/fi\/wp-json\/wp\/v2\/types\/post"}],"author":[{"embeddable":true,"href":"https:\/\/www.europesays.com\/fi\/wp-json\/wp\/v2\/users\/2"}],"replies":[{"embeddable":true,"href":"https:\/\/www.europesays.com\/fi\/wp-json\/wp\/v2\/comments?post=79021"}],"version-history":[{"count":0,"href":"https:\/\/www.europesays.com\/fi\/wp-json\/wp\/v2\/posts\/79021\/revisions"}],"wp:featuredmedia":[{"embeddable":true,"href":"https:\/\/www.europesays.com\/fi\/wp-json\/wp\/v2\/media\/16271"}],"wp:attachment":[{"href":"https:\/\/www.europesays.com\/fi\/wp-json\/wp\/v2\/media?parent=79021"}],"wp:term":[{"taxonomy":"category","embeddable":true,"href":"https:\/\/www.europesays.com\/fi\/wp-json\/wp\/v2\/categories?post=79021"},{"taxonomy":"post_tag","embeddable":true,"href":"https:\/\/www.europesays.com\/fi\/wp-json\/wp\/v2\/tags?post=79021"}],"curies":[{"name":"wp","href":"https:\/\/api.w.org\/{rel}","templated":true}]}}