{"id":79089,"date":"2025-11-02T15:02:10","date_gmt":"2025-11-02T15:02:10","guid":{"rendered":"https:\/\/www.europesays.com\/fi\/79089\/"},"modified":"2025-11-02T15:02:10","modified_gmt":"2025-11-02T15:02:10","slug":"iivo-niskaselta-paljastus-ylelle-en-usko","status":"publish","type":"post","link":"https:\/\/www.europesays.com\/fi\/79089\/","title":{"rendered":"Iivo Niskaselta paljastus Ylelle: &#8221;En usko&#8221;"},"content":{"rendered":"<p>Iivo Niskanen hiihti Vuokatissa Puijon Hiihtoseuran riveiss\u00e4.<\/p>\n<p><img decoding=\"async\" class=\"image image-show image-preview\" src=\"https:\/\/www.europesays.com\/fi\/wp-content\/uploads\/2025\/11\/26bfff4cffc4765b5df2fa631ebc5744864dc68237258a8f532bfb09e9aadf20.jpg\" alt=\"\"\/><img decoding=\"async\" class=\"image image-show\" src=\"https:\/\/www.europesays.com\/fi\/wp-content\/uploads\/2025\/11\/1762095728_548_26bfff4cffc4765b5df2fa631ebc5744864dc68237258a8f532bfb09e9aadf20.jpg\" alt=\"\"\/><\/p>\n<p>Iivo Niskanen teki kovan viestihiihdon Vuokatissa. PASI LIESIMAA<\/p>\n<p class=\"paragraph\">Suomalaishiiht\u00e4j\u00e4 <a href=\"https:\/\/www.iltalehti.fi\/henkilot\/Iivo Niskanen\" class=\"article-link-person-page\" rel=\"nofollow noopener\" target=\"_blank\">Iivo Niskanen<\/a> avasi kilpailukautensa sunnuntaina Vuokatin Suomen cupin viestiss\u00e4.<\/p>\n<p class=\"paragraph\">33-vuotias kuopiolainen hiihti Puijon Hiihtoseuran joukkueessa viestin toisen osuuden, jonka j\u00e4lkeen joukkue oli viel\u00e4 k\u00e4rjess\u00e4.<\/p>\n<p class=\"paragraph\">Niskanen toi joukkueensa vaihtoon 12 sekuntia ennen seuraavia, mutta ankkuriosuudella Puijon Hiihtoseura putosi lopulta sijalle 14 yli kolmen ja puolen minuutin p\u00e4\u00e4h\u00e4n voittajasta.<\/p>\n<p class=\"paragraph\">Ylen haastattelussa Niskanen kertoi, ett\u00e4 kauden avaus toimi l\u00e4hinn\u00e4 testin\u00e4 harjoituskauden keskell\u00e4.<\/p>\n<p class=\"paragraph\">\u2013\u2009Hiihdet\u00e4\u00e4n nyt kilpaa, kun kerran on kisat tarjolla. Aamulla l\u00e4hdin Kuopiosta ja l\u00e4hdin hiiht\u00e4m\u00e4\u00e4n, ett\u00e4 saatiin hyv\u00e4 joukkue kasaan, Niskanen kuvaili l\u00e4hetyksess\u00e4.<\/p>\n<p class=\"paragraph\">H\u00e4n kertoi k\u00e4yneens\u00e4 lumilla vain muutaman kerran parin viikon aikana ennen kisaa.<\/p>\n<p class=\"paragraph\">\u2013\u2009Ensimm\u00e4inen tuollainen kovempi ryk\u00e4isy pitk\u00e4\u00e4n aikaan, Niskanen sanoi ja totesi, ettei ole viel\u00e4 parhaassa iskussa.<\/p>\n<p class=\"paragraph\">Kun Niskaselta kysyttiin, onko h\u00e4n huippukunnossa Rukan maailmancupissa, vastaus oli selke\u00e4.<\/p>\n<p class=\"paragraph\">\u2013\u2009En usko. Sormen murtuman j\u00e4lkeen harjoittelu p\u00e4\u00e4si kunnolla k\u00e4yntiin vasta hein\u00e4kuussa. Ei nyt aivan kahta kuukautta per\u00e4ss\u00e4. Pyrin tekem\u00e4\u00e4n paljon sellaista harjoittelua, ett\u00e4 kaikki on tasapainossa, kun l\u00e4hdet\u00e4\u00e4n hiiht\u00e4m\u00e4\u00e4n kilpaa.<\/p>\n<p class=\"paragraph\">Niskanen kaatui rullasuksilenkill\u00e4 alkukes\u00e4st\u00e4 <a href=\"https:\/\/www.iltalehti.fi\/talviurheilu\/713c7af0-91f7-4e48-89c9-abcb941663c5\" rel=\"nofollow noopener\" target=\"_blank\">ja joutui leikkaukseen<\/a>.<\/p>\n<p class=\"paragraph\">\u2013\u2009Uskon, ett\u00e4 vauhti paranee, ja v\u00e4h\u00e4n v\u00e4hemm\u00e4n tulen nyt lumella hiiht\u00e4m\u00e4\u00e4n mit\u00e4 normaalisti, jotta on sitten tasapainoinen fiilis l\u00e4hte\u00e4 hiiht\u00e4m\u00e4\u00e4n kilpaa, Niskanen sanoi.<\/p>\n<p class=\"paragraph\">Maailmancup-kausi k\u00e4ynnistyy Rukalla 28.\u201330. marraskuuta.<\/p>\n<p><a href=\"https:\/\/www.iltalehti.fi\/telkku\/?utm_source=iltalehti.fi&amp;utm_medium=almainternal&amp;utm_campaign=urheilu_artikkelibanneri&amp;utm_content=banner_612_a\" rel=\"nofollow noopener\" target=\"_blank\"><img decoding=\"async\" src=\"https:\/\/www.europesays.com\/fi\/wp-content\/uploads\/2025\/08\/7ef604e47d46ca174b7df4149bd3557dbde56a86d520f8e1b2125548b0a2e03a.png\" alt=\"TV-ohjelmat t\u00e4n\u00e4\u00e4n, TV-opas\"\/><\/a><\/p>\n","protected":false},"excerpt":{"rendered":"Iivo Niskanen hiihti Vuokatissa Puijon Hiihtoseuran riveiss\u00e4. Iivo Niskanen teki kovan viestihiihdon Vuokatissa. PASI LIESIMAA Suomalaishiiht\u00e4j\u00e4 Iivo Niskanen&hellip;\n","protected":false},"author":2,"featured_media":79090,"comment_status":"","ping_status":"","sticky":false,"template":"","format":"standard","meta":{"footnotes":""},"categories":[5],"tags":[35,22,23,26,27,33,31,30,17,2096,24,25,41,3318,28,29,15,18,21,2668,32,1145,19,20,16],"class_list":{"0":"post-79089","1":"post","2":"type-post","3":"status-publish","4":"format-standard","5":"has-post-thumbnail","7":"category-otsikot","8":"tag-24h","9":"tag-breaking-news","10":"tag-breakingnews","11":"tag-featured-news","12":"tag-featurednews","13":"tag-fi","14":"tag-finland","15":"tag-finnish","16":"tag-headlines","17":"tag-hiihtolajit","18":"tag-latest-news","19":"tag-latestnews","20":"tag-liikunta-ja-urheilu","21":"tag-maastohiihto","22":"tag-main-news","23":"tag-mainnews","24":"tag-news","25":"tag-otsikot","26":"tag-paauutiset","27":"tag-pohjoismaiset-hiihtolajit","28":"tag-suomi","29":"tag-talviurheilu","30":"tag-top-stories","31":"tag-topstories","32":"tag-uutiset"},"share_on_mastodon":{"url":"https:\/\/pubeurope.com\/@fi\/115480714405096983","error":""},"_links":{"self":[{"href":"https:\/\/www.europesays.com\/fi\/wp-json\/wp\/v2\/posts\/79089","targetHints":{"allow":["GET"]}}],"collection":[{"href":"https:\/\/www.europesays.com\/fi\/wp-json\/wp\/v2\/posts"}],"about":[{"href":"https:\/\/www.europesays.com\/fi\/wp-json\/wp\/v2\/types\/post"}],"author":[{"embeddable":true,"href":"https:\/\/www.europesays.com\/fi\/wp-json\/wp\/v2\/users\/2"}],"replies":[{"embeddable":true,"href":"https:\/\/www.europesays.com\/fi\/wp-json\/wp\/v2\/comments?post=79089"}],"version-history":[{"count":0,"href":"https:\/\/www.europesays.com\/fi\/wp-json\/wp\/v2\/posts\/79089\/revisions"}],"wp:featuredmedia":[{"embeddable":true,"href":"https:\/\/www.europesays.com\/fi\/wp-json\/wp\/v2\/media\/79090"}],"wp:attachment":[{"href":"https:\/\/www.europesays.com\/fi\/wp-json\/wp\/v2\/media?parent=79089"}],"wp:term":[{"taxonomy":"category","embeddable":true,"href":"https:\/\/www.europesays.com\/fi\/wp-json\/wp\/v2\/categories?post=79089"},{"taxonomy":"post_tag","embeddable":true,"href":"https:\/\/www.europesays.com\/fi\/wp-json\/wp\/v2\/tags?post=79089"}],"curies":[{"name":"wp","href":"https:\/\/api.w.org\/{rel}","templated":true}]}}