{"id":79195,"date":"2025-11-02T17:53:08","date_gmt":"2025-11-02T17:53:08","guid":{"rendered":"https:\/\/www.europesays.com\/fi\/79195\/"},"modified":"2025-11-02T17:53:08","modified_gmt":"2025-11-02T17:53:08","slug":"the-hills-tahti-salakuvattiin-gynekologikaynnilla-kasittamattoman-toykeaa-stara-fi","status":"publish","type":"post","link":"https:\/\/www.europesays.com\/fi\/79195\/","title":{"rendered":"The Hills -t\u00e4hti salakuvattiin gynekologik\u00e4ynnill\u00e4 \u2013 \u201dK\u00e4sitt\u00e4m\u00e4tt\u00f6m\u00e4n t\u00f6yke\u00e4\u00e4\u201d \u2013 Stara.fi"},"content":{"rendered":"<p>Aikoinaan Laguna Beach ja The Hills -realitysarjoista tutuksi tullut Lo Bosworth on nyky\u00e4\u00e4n hyvinvointialan vaikuttaja ja yritt\u00e4j\u00e4. Naisella on oma Love Wellness -niminen yritys, joka on kehitetty naisten terveyden ja hyvinvoinnin tueksi.<\/p>\n<p>Lo Bosworth on t\u00e4ll\u00e4 hetkell\u00e4 raskaana ja odottaa esikoistaan Dom Natalen kanssa. Pariskunta meni kihloihin vajaa vuosi sitten. Hein\u00e4kuussa heid\u00e4t vihittiin intiimiss\u00e4 h\u00e4\u00e4seremoniassa naisen kotikaupungissa Laguna Beachiss\u00e4 Kaliforniassa.<\/p>\n<p>Lo Bosworth on esitellyt raskausaikaansa h\u00e4nen Instagram-kanavallaan. Nyt h\u00e4n kirjoitti naisia koskevan pyynn\u00f6n omissa Instagram-tarinoissaan. Pyynt\u00f6 koski h\u00e4nen kuvaamistaan ep\u00e4sopivissa tilanteissa.<\/p>\n<p>\u2013 Tehd\u00e4\u00e4n diili, newyorkilaiset naiset. Jos n\u00e4ette minut gynekologilla vauvaan liittyviss\u00e4 asioissa, niin \u00e4lk\u00e4\u00e4 ottako minusta kuvia. Se on k\u00e4sitt\u00e4m\u00e4tt\u00f6m\u00e4n t\u00f6yke\u00e4\u00e4. Siin\u00e4 kaikki, 39-vuotias Bosworth kirjoitti.<\/p>\n<p>Ilmeisesti nainen oli joutunut ep\u00e4mukavaan tilanteeseen k\u00e4ydess\u00e4\u00e4n gynekologisessa tarkastuksessa raskauteen liittyen. Joku oli tunnistanut h\u00e4net ja p\u00e4\u00e4tt\u00e4nyt vastaanotolla ottaa naisesta kuvia.<\/p>\n<p>Aiemmin t\u00e4n\u00e4 vuonna Bosworth on puhunut avoimesti endometrioosista, joka vaikutti h\u00e4nen hedelm\u00e4llisyyteens\u00e4 ja teki raskaaksi tulemisen vaikeaksi. H\u00e4n on kertonut tulleensa nyt raskaaksi hedelm\u00f6ityshoitojen avulla.<\/p>\n<blockquote class=\"instagram-media\" data-instgrm-captioned=\"\" data-instgrm-permalink=\"https:\/\/www.instagram.com\/p\/DMp-_MfPSmc\/?utm_source=ig_embed&amp;utm_campaign=loading\" data-instgrm-version=\"14\" style=\" background:#FFF; border:0; border-radius:3px; box-shadow:0 0 1px 0 rgba(0,0,0,0.5),0 1px 10px 0 rgba(0,0,0,0.15); margin: 1px; max-width:540px; min-width:326px; padding:0; width:99.375%; width:-webkit-calc(100% - 2px); width:calc(100% - 2px);\">\n<\/blockquote>\n<p>\n\t\t\t\tVoit lukea Starassa my\u00f6s lis\u00e4\u00e4 t\u00e4h\u00e4n kyseiseen artikkeliin liittyvist\u00e4 aiheista, kuten <a href=\"https:\/\/www.stara.fi\/asiasanat\/lo-bosworth\/\" rel=\"tag nofollow noopener\" target=\"_blank\">Lo Bosworth<\/a>, <a href=\"https:\/\/www.stara.fi\/asiasanat\/laakari\/\" rel=\"tag nofollow noopener\" target=\"_blank\">l\u00e4\u00e4k\u00e4ri<\/a> tai laajemmin aihealueesta <a href=\"https:\/\/www.stara.fi\/category\/viihdeuutiset\/\" rel=\"category tag nofollow noopener\" target=\"_blank\">Viihdeuutiset<\/a>.\n\t\t\t<\/p>\n<p>\t\t\t\t\t<script async src=\"\/\/www.instagram.com\/embed.js\"><\/script><\/p>\n","protected":false},"excerpt":{"rendered":"Aikoinaan Laguna Beach ja The Hills -realitysarjoista tutuksi tullut Lo Bosworth on nyky\u00e4\u00e4n hyvinvointialan vaikuttaja ja yritt\u00e4j\u00e4. Naisella&hellip;\n","protected":false},"author":2,"featured_media":79196,"comment_status":"","ping_status":"","sticky":false,"template":"","format":"standard","meta":{"footnotes":""},"categories":[133],"tags":[137,33,31,30,32,206,156,109],"class_list":{"0":"post-79195","1":"post","2":"type-post","3":"status-publish","4":"format-standard","5":"has-post-thumbnail","7":"category-televisiot","8":"tag-entertainment","9":"tag-fi","10":"tag-finland","11":"tag-finnish","12":"tag-suomi","13":"tag-televisiot","14":"tag-tv","15":"tag-viihde"},"share_on_mastodon":{"url":"https:\/\/pubeurope.com\/@fi\/115481385688996495","error":""},"_links":{"self":[{"href":"https:\/\/www.europesays.com\/fi\/wp-json\/wp\/v2\/posts\/79195","targetHints":{"allow":["GET"]}}],"collection":[{"href":"https:\/\/www.europesays.com\/fi\/wp-json\/wp\/v2\/posts"}],"about":[{"href":"https:\/\/www.europesays.com\/fi\/wp-json\/wp\/v2\/types\/post"}],"author":[{"embeddable":true,"href":"https:\/\/www.europesays.com\/fi\/wp-json\/wp\/v2\/users\/2"}],"replies":[{"embeddable":true,"href":"https:\/\/www.europesays.com\/fi\/wp-json\/wp\/v2\/comments?post=79195"}],"version-history":[{"count":0,"href":"https:\/\/www.europesays.com\/fi\/wp-json\/wp\/v2\/posts\/79195\/revisions"}],"wp:featuredmedia":[{"embeddable":true,"href":"https:\/\/www.europesays.com\/fi\/wp-json\/wp\/v2\/media\/79196"}],"wp:attachment":[{"href":"https:\/\/www.europesays.com\/fi\/wp-json\/wp\/v2\/media?parent=79195"}],"wp:term":[{"taxonomy":"category","embeddable":true,"href":"https:\/\/www.europesays.com\/fi\/wp-json\/wp\/v2\/categories?post=79195"},{"taxonomy":"post_tag","embeddable":true,"href":"https:\/\/www.europesays.com\/fi\/wp-json\/wp\/v2\/tags?post=79195"}],"curies":[{"name":"wp","href":"https:\/\/api.w.org\/{rel}","templated":true}]}}