{"id":79215,"date":"2025-11-02T18:19:08","date_gmt":"2025-11-02T18:19:08","guid":{"rendered":"https:\/\/www.europesays.com\/fi\/79215\/"},"modified":"2025-11-02T18:19:08","modified_gmt":"2025-11-02T18:19:08","slug":"muistatko-viela-hyvien-herrojen-billy-carsonin-esitti-lampiman-kiitoksen-lasse-norrekselle-liittyen-vaimoonsa","status":"publish","type":"post","link":"https:\/\/www.europesays.com\/fi\/79215\/","title":{"rendered":"Muistatko viel\u00e4 Hyvien herrojen Billy Carsonin &#8211; esitti l\u00e4mpim\u00e4n kiitoksen Lasse Norrekselle liittyen vaimoonsa"},"content":{"rendered":"<p>Muistatko viel\u00e4 Billy Carsonin? Mies oli ensimm\u00e4isi\u00e4 tummaihoisia supert\u00e4hti\u00e4 Suomessa. H\u00e4n esitti maahanmuuttajaa Hymyhuulet-sarjassa \u201dkasarilla\u201d ja tuli paremmin tunnetuksi r\u00e4\u00e4vitt\u00f6m\u00e4st\u00e4 poliittisesta satiirista nimelt\u00e4 <a href=\"https:\/\/www.youtube.com\/watch?v=vpbtFwcgyWk\" rel=\"nofollow noopener\" target=\"_blank\">Hyv\u00e4t herrat <\/a>90-luvulla.<\/p>\n<p>Nyt Carson on 70-vuotias. H\u00e4n j\u00e4tti julkisuuden, palasi Yhdysvaltoihin, mutta on sittemmin muuttanut takaisin Espooseen.<\/p>\n<p>Billy muutti Kaliforniaan vuonna 2000. H\u00e4n on sielt\u00e4 kotoisin ja halusi Ilta-Sanomille antamansa jutun mukaan tutustuttaa lapsensa juuriinsa.<\/p>\n<p>\u2013 Emme koskaan aikoneet j\u00e4\u00e4d\u00e4 Yhdysvaltoihin, vaan halusimme palata jossain vaiheessa takaisin Suomeen. Muutaman vuoden keikka ven\u00e4hti 20 vuodeksi. Palasimme lopulta Suomeen vuonna 2020, Carson avautui alkuvuodesta <a href=\"https:\/\/www.is.fi\/tv-ja-elokuvat\/art-2000010940575.html\" target=\"_blank\" rel=\"noreferrer noopener nofollow\">IS:ss\u00e4.<\/a><\/p>\n<p>Suomalaisjulkkis yll\u00e4tt\u00e4\u00e4 p\u00e4\u00e4sseens\u00e4 alkuper\u00e4isess\u00e4 kotimaassaan my\u00f6s julkkispiireihin.<\/p>\n<p>\u2013 Olen sertifioitu valmentaja. Sit\u00e4 kautta p\u00e4\u00e4sin v\u00e4hitellen valmentamaan yksityiskouluihin muun muassa Hollywood-t\u00e4hti Jamie Foxxin tyt\u00e4rt\u00e4,  Van Halen -muusikkoyst\u00e4v\u00e4ni\u00a0 Alex Van Halenin poikaa sek\u00e4 Kylie ja Kendall Jenneri\u00e4.<\/p>\n<p>Kiitt\u00e4\u00e4 Lasse Norresta vaimonsa tapaamisesta<\/p>\n<p>Billy Carson tuntee my\u00f6s kohtalokkaasta sairaudestaan muutama p\u00e4iv\u00e4 sitten ilmoittaneen manageri Lasse Norreksen. Norres kertoi Hesarin viimeiseksi j\u00e4\u00e4v\u00e4ss\u00e4 haastattelussaan sairastavansa sy\u00f6p\u00e4\u00e4, ja ett\u00e4 elinaikaa on ehk\u00e4 vain jouluun saakka.<\/p>\n<p>Billy on ilmestynyt Lassen sometilin kommenttikentt\u00e4\u00e4n kertomaan:<\/p>\n<p>-I will never forget the time when you took me to see Melrose play at Cafe Metropol in 1986. That is when I first met Anne\u2026..and we are still married 37 years later. Thank you old friend.<\/p>\n<p>Lue my\u00f6s: <a href=\"https:\/\/www.como.fi\/uutiset\/hs-lasse-norreksella-syopa-laakarin-mukaan-ei-nae-joulua\/\" title=\"HS: Lasse Norreksella sy\u00f6p\u00e4 \u2013 l\u00e4\u00e4k\u00e4rin mukaan ei n\u00e4e joulua\" class=\"underline-custom !font-montserrat !font-bold !underline-offset-4 !decoration-4 !decoration-red-600 !text-md\" rel=\"nofollow noopener\" target=\"_blank\">HS: Lasse Norreksella sy\u00f6p\u00e4 \u2013 l\u00e4\u00e4k\u00e4rin mukaan ei n\u00e4e joulua<\/a><\/p>\n<p>\u2013 En koskaan unohda sit\u00e4, kun veit minut katsomaan Melrosen keikkaa Cafe Metropolissa vuonna 1986. Silloin tapasin Annen ensimm\u00e4ist\u00e4 kertaa\u2026.. ja olemme yh\u00e4 37 vuoden j\u00e4lkeen naimisissa. Kiitos, vanha yst\u00e4v\u00e4.<\/p>\n<p><strong><a href=\"https:\/\/images.sanoma-sndp.fi\/f368cad64264a774adb926370787a0e6\/normal\/1920.avif\" rel=\"nofollow noopener\" target=\"_blank\">Katso milt\u00e4 Billy n\u00e4ytt\u00e4\u00e4 t\u00e4n\u00e4\u00e4n, 70-vuotiaana!<\/a><\/strong><\/p>\n<p>Lue my\u00f6s: <a href=\"https:\/\/www.como.fi\/tilaa-comon-uutiskirje\/\" title=\"Tilaa Comon uutiskirje ja tied\u00e4t mist\u00e4 kahvitauolla puhutaan! Nappaa kotimaan tv-vinkit ja puheenaiheet suoraan s\u00e4hk\u00f6postiin t\u00e4st\u00e4.\" class=\"underline-custom !font-montserrat !font-bold !underline-offset-4 !decoration-4 !decoration-red-600 !text-md\" rel=\"nofollow noopener\" target=\"_blank\">Tilaa Comon uutiskirje ja tied\u00e4t mist\u00e4 kahvitauolla puhutaan! Nappaa kotimaan tv-vinkit ja puheenaiheet suoraan s\u00e4hk\u00f6postiin t\u00e4st\u00e4.<\/a><\/p>\n","protected":false},"excerpt":{"rendered":"Muistatko viel\u00e4 Billy Carsonin? Mies oli ensimm\u00e4isi\u00e4 tummaihoisia supert\u00e4hti\u00e4 Suomessa. H\u00e4n esitti maahanmuuttajaa Hymyhuulet-sarjassa \u201dkasarilla\u201d ja tuli paremmin&hellip;\n","protected":false},"author":2,"featured_media":79216,"comment_status":"","ping_status":"","sticky":false,"template":"","format":"standard","meta":{"footnotes":""},"categories":[133],"tags":[137,33,31,30,14520,32,206,156,109],"class_list":{"0":"post-79215","1":"post","2":"type-post","3":"status-publish","4":"format-standard","5":"has-post-thumbnail","7":"category-televisiot","8":"tag-entertainment","9":"tag-fi","10":"tag-finland","11":"tag-finnish","12":"tag-lasse-norres","13":"tag-suomi","14":"tag-televisiot","15":"tag-tv","16":"tag-viihde"},"share_on_mastodon":{"url":"https:\/\/pubeurope.com\/@fi\/115481488078414454","error":""},"_links":{"self":[{"href":"https:\/\/www.europesays.com\/fi\/wp-json\/wp\/v2\/posts\/79215","targetHints":{"allow":["GET"]}}],"collection":[{"href":"https:\/\/www.europesays.com\/fi\/wp-json\/wp\/v2\/posts"}],"about":[{"href":"https:\/\/www.europesays.com\/fi\/wp-json\/wp\/v2\/types\/post"}],"author":[{"embeddable":true,"href":"https:\/\/www.europesays.com\/fi\/wp-json\/wp\/v2\/users\/2"}],"replies":[{"embeddable":true,"href":"https:\/\/www.europesays.com\/fi\/wp-json\/wp\/v2\/comments?post=79215"}],"version-history":[{"count":0,"href":"https:\/\/www.europesays.com\/fi\/wp-json\/wp\/v2\/posts\/79215\/revisions"}],"wp:featuredmedia":[{"embeddable":true,"href":"https:\/\/www.europesays.com\/fi\/wp-json\/wp\/v2\/media\/79216"}],"wp:attachment":[{"href":"https:\/\/www.europesays.com\/fi\/wp-json\/wp\/v2\/media?parent=79215"}],"wp:term":[{"taxonomy":"category","embeddable":true,"href":"https:\/\/www.europesays.com\/fi\/wp-json\/wp\/v2\/categories?post=79215"},{"taxonomy":"post_tag","embeddable":true,"href":"https:\/\/www.europesays.com\/fi\/wp-json\/wp\/v2\/tags?post=79215"}],"curies":[{"name":"wp","href":"https:\/\/api.w.org\/{rel}","templated":true}]}}