{"id":79373,"date":"2025-11-02T22:36:08","date_gmt":"2025-11-02T22:36:08","guid":{"rendered":"https:\/\/www.europesays.com\/fi\/79373\/"},"modified":"2025-11-02T22:36:08","modified_gmt":"2025-11-02T22:36:08","slug":"seiska-nyt-latasi-frederik-kovaa-puhetta-helmista-ja-dannysta","status":"publish","type":"post","link":"https:\/\/www.europesays.com\/fi\/79373\/","title":{"rendered":"Seiska: Nyt latasi Frederik kovaa puhetta Helmist\u00e4 ja Dannysta"},"content":{"rendered":"<p>Frederik a.k.a. Ilkka Sysimets\u00e4 a.k.a. Reetu on jo kahdeksankymppinen orhi, joka jaksaa puhella keikoilla lavalle lent\u00e4vist\u00e4 pikkuhousuista, pit\u00e4\u00e4 jouluista pikkuhousukalenteria, pelata tennist\u00e4, ajella Mersulla ja laulellakin siin\u00e4 sivussa. <\/p>\n<p>Reetu on iskussa ja el\u00e4m\u00e4ns\u00e4 parhaassa vedossa. Mit\u00e4 nyt keuhkoputkentulehdus kuulemma v\u00e4h\u00e4n vaivaa. Asiasta mies kertoo <a href=\"https:\/\/www.seiska.fi\/kotimaa\/frederikilta-yllattava-kommentti-dannyn-ja-helmin-suhteesta\/1980149\" rel=\"nofollow noopener\" target=\"_blank\">Seiskalle.<\/a><\/p>\n<p>Dannylle sataa sympatiaa naisasioissa<\/p>\n<p>Dannylla ja Reetulla on edelleenkin huonot v\u00e4lit sen j\u00e4lkeen kun he riitaantuivat viime vuonna perutun Retrokiertueen tiimoilta. Reetu ilmoitti, ettei h\u00e4n l\u00e4hdek\u00e4\u00e4n yhteiskiertueelle, mist\u00e4 Danny pahoitti mielens\u00e4. Frederikin mukaan keikoista ei maksettu tarpeeksi.<\/p>\n<p>Nuoret naiset yhdist\u00e4v\u00e4t kuitenkin edelleen n\u00e4it\u00e4 velikultia, joiden kello tikitt\u00e4\u00e4 jo yli 80 vuotta. Reetu t\u00e4ytti lukemat alkuvuodesta, Danny k\u00e4y jo 84:\u00e4\u00e4. <\/p>\n<p>\u2013 Hyv\u00e4\u00e4 onnea Dannylle vaan ja vointia, sa-tana! Reetu toivottaa.<\/p>\n<p>H\u00e4n sanoo ostavansa kaksi kiloa Viagraa jouluksi Dannylle lahjaksi.<\/p>\n<p>Dannyn ja Helmin ik\u00e4eroa Reetu ei tuomitse \u2013 miksip\u00e4s tuomitsisi, sill\u00e4 h\u00e4nell\u00e4 on itsell\u00e4\u00e4n ollut kymmenien vuosien ik\u00e4erosuhteita.<a href=\"https:\/\/www.seiska.fi\/vain-seiskassa\/dannyn-ja-helmi-loukasmaen-touhut-hammastyttivat-salakuva\/1975395\" rel=\"nofollow noopener\" target=\"_blank\"><\/p>\n<p>\u2013 Seh\u00e4n on ihan normaalia.\u00a0Nyky\u00e4\u00e4n kaikilla julkimoilla on v\u00e4h\u00e4n eri-ik\u00e4isi\u00e4 kumppaneita, Reetu komppaa.<\/p>\n<p>Frederikin mielest\u00e4 my\u00f6s varttuneemmilla naisilla voi olla nuoria miehi\u00e4.<\/p>\n<p>\u2013 Se on trendi, sa-tana! Reetu tiet\u00e4\u00e4.<\/p>\n<p>Reetu on nyky\u00e4\u00e4nkin ik\u00e4erosuhteessa, mutta my\u00f6s et\u00e4suhteessa. Sen enemp\u00e4\u00e4 ikuinen kolmekymppinen ei t\u00e4ll\u00e4 kertaa hiisku kullastaan.<\/p>\n<p>Lue my\u00f6s: <a href=\"https:\/\/www.como.fi\/uutiset\/50-vuotta-nuoremman-rakkaansa-esitellyt-frederik-koki-karvaan-tappion\/\" title=\"50 vuotta nuoremman rakkaansa esitellyt Frederik koki karvaan tappion\" class=\"underline-custom !font-montserrat !font-bold !underline-offset-4 !decoration-4 !decoration-red-600 !text-md\" rel=\"nofollow noopener\" target=\"_blank\">50 vuotta nuoremman rakkaansa esitellyt Frederik koki karvaan tappion<\/a><\/p>\n<p>Lue my\u00f6s: <a href=\"https:\/\/www.como.fi\/uutiset\/danny-julkaisi-todellisen-yllariuutisen-tata-et-todella-osannut-odottaa\/\" title=\"Danny julkaisi todellisen yll\u00e4riuutisen \u2013 t\u00e4t\u00e4 et todella osannut odottaa!\" class=\"underline-custom !font-montserrat !font-bold !underline-offset-4 !decoration-4 !decoration-red-600 !text-md\" rel=\"nofollow noopener\" target=\"_blank\">Danny julkaisi todellisen yll\u00e4riuutisen \u2013 t\u00e4t\u00e4 et todella osannut odottaa!<\/a><\/p>\n<p><img loading=\"lazy\" height=\"597\" width=\"648\" class=\"wp-image-108080 sp-no-webp perfmatters-lazy\" alt=\"\" decoding=\"async\" src=\"https:\/\/www.europesays.com\/fi\/wp-content\/uploads\/2025\/11\/frederik_ilkka.jpg\"  data-\/> <\/p>\n<p>Lue my\u00f6s: <a href=\"https:\/\/www.como.fi\/tilaa-comon-uutiskirje\/\" title=\"Tilaa Comon uutiskirje ja tied\u00e4t mist\u00e4 kahvitauolla puhutaan! Nappaa kotimaan tv-vinkit ja puheenaiheet suoraan s\u00e4hk\u00f6postiin t\u00e4st\u00e4.\" class=\"underline-custom !font-montserrat !font-bold !underline-offset-4 !decoration-4 !decoration-red-600 !text-md\" rel=\"nofollow noopener\" target=\"_blank\">Tilaa Comon uutiskirje ja tied\u00e4t mist\u00e4 kahvitauolla puhutaan! Nappaa kotimaan tv-vinkit ja puheenaiheet suoraan s\u00e4hk\u00f6postiin t\u00e4st\u00e4.<\/a><\/p>\n","protected":false},"excerpt":{"rendered":"Frederik a.k.a. Ilkka Sysimets\u00e4 a.k.a. Reetu on jo kahdeksankymppinen orhi, joka jaksaa puhella keikoilla lavalle lent\u00e4vist\u00e4 pikkuhousuista, pit\u00e4\u00e4&hellip;\n","protected":false},"author":2,"featured_media":29817,"comment_status":"","ping_status":"","sticky":false,"template":"","format":"standard","meta":{"footnotes":""},"categories":[136],"tags":[407,8967,137,33,31,30,1759,8968,408,32,109],"class_list":{"0":"post-79373","1":"post","2":"type-post","3":"status-publish","4":"format-standard","5":"has-post-thumbnail","7":"category-julkkikset","8":"tag-celebrities","9":"tag-danny","10":"tag-entertainment","11":"tag-fi","12":"tag-finland","13":"tag-finnish","14":"tag-frederik","15":"tag-helmi-loukasmu00e4ki","16":"tag-julkkikset","17":"tag-suomi","18":"tag-viihde"},"share_on_mastodon":{"url":"https:\/\/pubeurope.com\/@fi\/115482498527895982","error":""},"_links":{"self":[{"href":"https:\/\/www.europesays.com\/fi\/wp-json\/wp\/v2\/posts\/79373","targetHints":{"allow":["GET"]}}],"collection":[{"href":"https:\/\/www.europesays.com\/fi\/wp-json\/wp\/v2\/posts"}],"about":[{"href":"https:\/\/www.europesays.com\/fi\/wp-json\/wp\/v2\/types\/post"}],"author":[{"embeddable":true,"href":"https:\/\/www.europesays.com\/fi\/wp-json\/wp\/v2\/users\/2"}],"replies":[{"embeddable":true,"href":"https:\/\/www.europesays.com\/fi\/wp-json\/wp\/v2\/comments?post=79373"}],"version-history":[{"count":0,"href":"https:\/\/www.europesays.com\/fi\/wp-json\/wp\/v2\/posts\/79373\/revisions"}],"wp:featuredmedia":[{"embeddable":true,"href":"https:\/\/www.europesays.com\/fi\/wp-json\/wp\/v2\/media\/29817"}],"wp:attachment":[{"href":"https:\/\/www.europesays.com\/fi\/wp-json\/wp\/v2\/media?parent=79373"}],"wp:term":[{"taxonomy":"category","embeddable":true,"href":"https:\/\/www.europesays.com\/fi\/wp-json\/wp\/v2\/categories?post=79373"},{"taxonomy":"post_tag","embeddable":true,"href":"https:\/\/www.europesays.com\/fi\/wp-json\/wp\/v2\/tags?post=79373"}],"curies":[{"name":"wp","href":"https:\/\/api.w.org\/{rel}","templated":true}]}}