{"id":79750,"date":"2025-11-03T09:12:07","date_gmt":"2025-11-03T09:12:07","guid":{"rendered":"https:\/\/www.europesays.com\/fi\/79750\/"},"modified":"2025-11-03T09:12:07","modified_gmt":"2025-11-03T09:12:07","slug":"vladimir-putin-on-pulassa-verkkouutiset","status":"publish","type":"post","link":"https:\/\/www.europesays.com\/fi\/79750\/","title":{"rendered":"Vladimir Putin on pulassa | Verkkouutiset"},"content":{"rendered":"<p class=\"ai-optimize-6 ai-optimize-introduction\">Arvostettu Ven\u00e4j\u00e4-asiantuntija, professori ja Putin-kirjailija <strong>Mark Galeotti<\/strong> pohtii brittilehti Timesin <a href=\"https:\/\/www.verkkouutiset.fi\/a\/paljastus-kremlin-sisapiirista-nain-vladimir-putin-paatti-hyokkayksesta\/#e7fd672a\" target=\"_blank\" rel=\"noopener nofollow\">kirjoituksessaan\u00a0<\/a> Ven\u00e4j\u00e4n diktaattorin muutosta. Toisin kuin usein sanotaan, ei hy\u00f6kk\u00e4yssota Ukrainassa ole Galeottin mukaan paljastanut uutta <strong>Vladimir Putinia<\/strong>. Todellisuudessa Ven\u00e4j\u00e4n autokraatista on tullut Galeottin mukaan vain \u201dentist\u00e4 enemm\u00e4n Putin\u201d.<\/p>\n<p class=\"ai-optimize-7\">\u2013 Kyse ei ollut riskej\u00e4 v\u00e4ltt\u00e4v\u00e4n johtajan muuttumisesta uskaliaaksi vaan faktoja v\u00e4ltt\u00e4v\u00e4n johtajan vakuuttumisesta siit\u00e4, ett\u00e4 h\u00e4n on tekem\u00e4ss\u00e4 varman valinnan, Mark Galeotti sanoo p\u00e4\u00e4t\u00f6ksest\u00e4 l\u00e4hte\u00e4 vuoden 2022 suurhy\u00f6kk\u00e4ykseen.<\/p>\n<p class=\"ai-optimize-8\">Monet Kremlin \u201dhovin\u201d avainhenkil\u00f6t tiesiv\u00e4t Galeottin mukaan varmasti totuuden. Kukaan ei kuitenkaan uskaltanut sanoa sit\u00e4 Putinille.<\/p>\n<p class=\"ai-optimize-8\">Asiantuntija antaa esimerkkej\u00e4 julkisistakin tilanteista, joissa Putin ei yksinkertaisesti ole halunnut kuulla ep\u00e4miellytt\u00e4vi\u00e4 faktoja \u2013 on kyse sitten ollut Ukrainasta tai Ven\u00e4j\u00e4n taloudesta.<\/p>\n<p class=\"ai-optimize-9\">Mark Galeotti toteaa t\u00e4m\u00e4n edustavan er\u00e4st\u00e4 olennaista tapaa, jolla Putinin omat taipumukset ovat vain k\u00e4rjistyneet.<\/p>\n<p class=\"ai-optimize-10\">\u2013 H\u00e4n ei sied\u00e4 ep\u00e4miellytt\u00e4vi\u00e4 totuuksia, Galeotti summaa.<\/p>\n<p class=\"ai-optimize-11\">Tilanne oli toinen Putinin vallan alkuaikoina yli 20 vuotta sitten. Vaikka diktaattori onkin aina reagoinut huonosti ik\u00e4viin uutisiin, oli h\u00e4n valtansa alkutaipaleella usein valmis kuuntelemaan kriitikoita ja jopa pit\u00e4m\u00e4\u00e4n heit\u00e4 mukana hallintonsa sis\u00e4piiriss\u00e4.<\/p>\n<p class=\"ai-optimize-12\">Sittemmin Putinista on Galeottin mukaan tullut varsin erist\u00e4ytynyt. Tilanne paheni valtavasti koronaviruspandemian aikana.<\/p>\n<p class=\"ai-optimize-12\">Esimerkiksi julkisuuteen tihkuneissa l\u00e4nsimaisissa tiedusteluarvioissa on kerrottu jo vuosia sitten, ett\u00e4 lopullinen p\u00e4\u00e4t\u00f6s aloittaa suurhy\u00f6kk\u00e4ys Ukrainaan syntyi ainakin osaksi diktaattorin koronaeristyksen aikana. Pandemia-ajan on sanottu heitt\u00e4neet l\u00e4nsimaisittain liberaaleina pidetyt Kremlin vaikuttajat ulkokeh\u00e4lle ja nostaneen kovat sotahaukat lopullisesti Putinin sis\u00e4piiriin.<\/p>\n<p class=\"ai-optimize-13\">Mark Galeotti sanookin Vladimir Putinin k\u00e4yt\u00e4nn\u00f6ss\u00e4 vangineen itsens\u00e4 palatseihinsa.<\/p>\n<p class=\"ai-optimize-14\">Diktaattoria p\u00e4\u00e4si tapaamaan vain kahden viikon laitoseristyksen j\u00e4lkeen. Sitten vieras pantiin kulkemaan Ven\u00e4j\u00e4n johtajan luoksi antibakteriaalisella sumutteella ja ultraviolettivaloilla varustetun k\u00e4yt\u00e4v\u00e4n l\u00e4pi. Putin ei juuri matkustellut edes Ven\u00e4j\u00e4n sis\u00e4ll\u00e4 ja jopa diktaattorin l\u00e4heisimm\u00e4t liittolaiset tapasivat h\u00e4nt\u00e4 tavallisesti vain videon v\u00e4lityksell\u00e4.<\/p>\n<p class=\"ai-optimize-15\">Galeotti toteaa, ettei esimerkiksi p\u00e4\u00e4ministeri\u00a0<strong>Mihail Mishustinilla\u00a0<\/strong>tai muilla \u201doikeita t\u00f6it\u00e4\u201d Kremliss\u00e4 tekevill\u00e4 ollut aikaa t\u00e4llaiseen sirkukseen. Putin p\u00e4\u00e4tyikin viett\u00e4m\u00e4\u00e4n aikaa h\u00e4nen omia k\u00e4sityksi\u00e4\u00e4n vahvistavien l\u00e4hipiiril\u00e4isten kanssa. Etenkin pankkiiri <strong>Ilja<\/strong> <strong>Kovaltshukin<\/strong> on sanottu olleen tuolloin Putinin kanssa ja vaikuttaneen paljon diktaattorin k\u00e4sityksiin vaihtoehtohistoriasta ja \u201dVen\u00e4j\u00e4n suuruuden\u201d palauttamisesta sodalla Ukrainassa.<\/p>\n<p>Yh\u00e4 pelokkaampi Putin<\/p>\n<p class=\"ai-optimize-16\">Mark Galeottin mukaan Vladimir Putin v\u00e4lttelee vaikeita p\u00e4\u00e4t\u00f6ksi\u00e4 ja luottaa siihen, ett\u00e4 p\u00e4tev\u00e4t teknokraatit pit\u00e4v\u00e4t Moskovan pinnalla ja ratkovat ongelmat, joita h\u00e4nen oma politiikkansa tuottaa. Silti Putin ei kuitenkaan noudata n\u00e4iden teknokraattiensa neuvoja.<\/p>\n<p class=\"ai-optimize-17\">\u2013 T\u00e4st\u00e4 huolimatta Putin ei ole menossa mihink\u00e4\u00e4n. Miten h\u00e4n voisikaan. H\u00e4n ei ole vaarassa menett\u00e4\u00e4 vain ylellisen el\u00e4m\u00e4ntyylins\u00e4. H\u00e4nen yll\u00e4\u00e4n leijuu my\u00f6s Haagin sotarikostuomioistuimen varjo.<\/p>\n<p class=\"ai-optimize-18\">Mark Galeottin arvion perusteella Vladimir Putin on pulassa.<\/p>\n<p class=\"ai-optimize-19\">\u2013 H\u00e4n on sulkenut itsens\u00e4 kultaiseen h\u00e4kkiin samalla kun h\u00e4nest\u00e4 tulee vanhempi, v\u00e4hemm\u00e4n energinen, v\u00e4hemm\u00e4n maataan ja kansaansa tajuava ja v\u00e4hemm\u00e4n osaava eliittien hallinnassa \u2013 taito, joka oli ennen h\u00e4nen valtansa ytimess\u00e4.<\/p>\n<p class=\"ai-optimize-20\">Galeotti muistuttaa kuvaavana esimerkkin\u00e4 Wagner-palkkasotilasyhti\u00f6n perustajan ja Putinin entisen hoviravintoloitsijan <strong>Jevgeni Prigozhinin<\/strong> niin kutsutusta juhannuskapinasta kes\u00e4ll\u00e4 2023. Tilanne oli odotettavissa.<\/p>\n<p class=\"ai-optimize-21\">\u2013 Putin oli antanut t\u00e4lle opportunistiselle ex-vangille valtaa, rohkaissut h\u00e4net rakentamaan yksityisarmeijan ja siirtyi sitten katsomaan sivusta, kun h\u00e4nen riitansa [silloisen puolustusministeri <strong>Sergei<\/strong>] <strong>Shoigun<\/strong> kanssa eskaloitui.<\/p>\n<p class=\"ai-optimize-6\">Mark Galeotti kertoo, ett\u00e4 Putinia kyll\u00e4 varoitettiin siit\u00e4, ett\u00e4 tilanne Prigozhinin ja Wagnerin kanssa oli matkalla katastrofiin. Silti diktaattori ei tehnyt muuta kuin kehotti riitaisia alaisiaan sopimaan asiat.<\/p>\n<p class=\"ai-optimize-7\">\u2013 Sitten h\u00e4n meni shokkiin ja paniikkiin, kun Prigozhin napsahti.<\/p>\n<p class=\"ai-optimize-8\">Mark Galeottin mukaan sotku osoittaa, ett\u00e4 Putinista on monen muun ik\u00e4\u00e4ntyv\u00e4n autokraatin tapaan tullut oma karikatyyrins\u00e4, joka hamuaa entist\u00e4 ep\u00e4toivoisemmin jonkinlaista historiallisesti merkitt\u00e4v\u00e4\u00e4 \u201dperint\u00f6\u00e4\u201d.<\/p>\n<p class=\"ai-optimize-10\">\u2013 Yh\u00e4 halukkaampi uskomaan omaan nerouteensa ja j\u00e4tt\u00e4m\u00e4\u00e4n muiden milipiteet huomiota, yh\u00e4 innokkaampi manipuloimaan eliitti\u00e4, jota h\u00e4n pit\u00e4\u00e4 itsest\u00e4\u00e4nselvyyten\u00e4, yh\u00e4 vakuuttuneempi siit\u00e4, ett\u00e4 ovela ja vihamielinen l\u00e4nsi juonittelee h\u00e4nt\u00e4 vastaan \u2013 ja yh\u00e4 pelokkaampi, asiantuntija listaa.<\/p>\n<p class=\"ai-optimize-12\">Viimeisest\u00e4 kohdasta kertoo h\u00e4nen mielest\u00e4\u00e4n my\u00f6s <strong>Aleksei Navalnyin<\/strong> kohtalo. Pitk\u00e4aikainen oppositiovaikuttaja ja Kremlin kiusanhenki surmattiin syrj\u00e4isess\u00e4 vankilasiirtokunnassa. T\u00e4m\u00e4 ei viestinyt voimaa vain heikkoutta.<\/p>\n<p class=\"ai-optimize-13\">\u2013 Moni Putinin p\u00e4\u00e4t\u00f6s on j\u00e4lkik\u00e4teen arvioituna johtunut heikkoudesta ja pelosta, mutta t\u00e4st\u00e4 on tulossa yh\u00e4 selvemp\u00e4\u00e4 vuosien vieriess\u00e4. T\u00e4m\u00e4 tulee my\u00f6s muokkaamaan h\u00e4nen p\u00e4\u00e4t\u00f6ksentekoaan tulevina vuosina, Mark Galeotti ennustaa.<\/p>\n<p class=\"ai-optimize-16\">Asiantuntijan mukaan Ven\u00e4j\u00e4n johtaja on umpikujassa.<\/p>\n<p class=\"ai-optimize-14\">Mik\u00e4li terveyssyyt tai jonkinlainen sattuman oikku eiv\u00e4t pakota, ei Putin voi Galeottin mukaan en\u00e4\u00e4 luopua vallasta tai edes nimitt\u00e4\u00e4 seuraajaa. T\u00e4m\u00e4 heikent\u00e4isi johtajaa entisest\u00e4\u00e4n.<\/p>\n<p class=\"ai-optimize-15\">Sotaa Ukrainassa ei my\u00f6sk\u00e4\u00e4n voi jatkaa loputtomiin, mutta sit\u00e4 ei toisaalta my\u00f6sk\u00e4\u00e4n voi lopettaa mihink\u00e4\u00e4n sellaiseen, jotta Putin ei voisi markkinoida voittona.<\/p>\n<p>Poimintoja videosis\u00e4ll\u00f6ist\u00e4mme<\/p>\n<p class=\"ai-optimize-17\">\u2013 H\u00e4n tiet\u00e4\u00e4 eliittien ry\u00f6v\u00e4\u00e4v\u00e4n valtiota, mutta vaikka h\u00e4n voikin sallia yksitt\u00e4isten henkil\u00f6iden pid\u00e4tykset, ei h\u00e4n voisi halutessaan puhdistaa j\u00e4rjestelm\u00e4\u00e4, koska h\u00e4n ei uskaltaisi haastaa heit\u00e4. joiden h\u00e4n luottaa hoitavan Ven\u00e4j\u00e4n hallinnoinnin puolestaan, Galeotti jatkaa.<\/p>\n<p class=\"ai-optimize-18\">\u2013 H\u00e4n tulee pysym\u00e4\u00e4n vallassa ilman haastajaa mutta omien tekojensa ja tulevaisuuden pelkojensa vankina.<\/p>\n<p class=\"ai-optimize-19\">Mark Galeottin mukaan ironista on, ett\u00e4 mit\u00e4 enemm\u00e4n diktaattorin vanhat piirteet vain k\u00e4rjistyv\u00e4t, sit\u00e4 enemm\u00e4n h\u00e4nen maansa kehittyy toiseen suuntaan.<\/p>\n<p class=\"ai-optimize-20\">H\u00e4n toteaa, ett\u00e4 2000-luvun alun Ven\u00e4j\u00e4 saattoi hyvinkin tarvita tuolloin \u201dPutinia\u201d. Galeotti huomauttaa, ett\u00e4 vuonna 2022 teetetyss\u00e4 kyselyss\u00e4 83 prosenttia vastaajista vastasi kuitenkin my\u00f6nt\u00e4v\u00e4sti kysymykseen siit\u00e4, kaipaako Ven\u00e4j\u00e4 muutosta.<\/p>\n<p class=\"ai-optimize-21\">\u2013 Johtaja joka hallitsi aikanaan onnella, oveluudella, lupauksilla ja petoksella alkaa n\u00e4ytt\u00e4\u00e4 yh\u00e4 enemm\u00e4n aikansa el\u00e4neelt\u00e4 diktaattorilta, joka k\u00e4ytt\u00e4\u00e4 valtaa banaanivaltiossa, joka ei kasvata banaaneja.<\/p>\n<p class=\"ai-optimize-22\">LUE MY\u00d6S:<br \/><a href=\"https:\/\/www.verkkouutiset.fi\/a\/paljastus-kremlin-sisapiirista-nain-vladimir-putin-paatti-hyokkayksesta\/#e7fd672a\" target=\"_blank\" rel=\"noopener nofollow\">Paljastus Kremlin sis\u00e4piirist\u00e4: N\u00e4in Vladimir Putin p\u00e4\u00e4tti hy\u00f6kk\u00e4yksest\u00e4<\/a> (VU 26.4.2023)<br \/><a href=\"https:\/\/www.verkkouutiset.fi\/a\/han-on-vladimir-putinin-erottamaton-paras-kaveri\/#e7fd672a\" target=\"_blank\" rel=\"noopener nofollow\">H\u00e4n on Vladimir Putinin erottamaton paras kaveri<\/a> (VU 13.3.2022)<\/p>\n","protected":false},"excerpt":{"rendered":"Arvostettu Ven\u00e4j\u00e4-asiantuntija, professori ja Putin-kirjailija Mark Galeotti pohtii brittilehti Timesin kirjoituksessaan\u00a0 Ven\u00e4j\u00e4n diktaattorin muutosta. Toisin kuin usein sanotaan,&hellip;\n","protected":false},"author":2,"featured_media":79751,"comment_status":"","ping_status":"","sticky":false,"template":"","format":"standard","meta":{"footnotes":""},"categories":[14],"tags":[22,23,26,27,33,31,30,17,24,25,28,29,15,18,21,32,19,20,56,16,987,2257,59,60,61],"class_list":{"0":"post-79750","1":"post","2":"type-post","3":"status-publish","4":"format-standard","5":"has-post-thumbnail","7":"category-ulkomaat","8":"tag-breaking-news","9":"tag-breakingnews","10":"tag-featured-news","11":"tag-featurednews","12":"tag-fi","13":"tag-finland","14":"tag-finnish","15":"tag-headlines","16":"tag-latest-news","17":"tag-latestnews","18":"tag-main-news","19":"tag-mainnews","20":"tag-news","21":"tag-otsikot","22":"tag-paauutiset","23":"tag-suomi","24":"tag-top-stories","25":"tag-topstories","26":"tag-ulkomaat","27":"tag-uutiset","28":"tag-venajan-hyokkays","29":"tag-vladimir-putin","30":"tag-world","31":"tag-world-news","32":"tag-worldnews"},"share_on_mastodon":{"url":"https:\/\/pubeurope.com\/@fi\/115484999380228755","error":""},"_links":{"self":[{"href":"https:\/\/www.europesays.com\/fi\/wp-json\/wp\/v2\/posts\/79750","targetHints":{"allow":["GET"]}}],"collection":[{"href":"https:\/\/www.europesays.com\/fi\/wp-json\/wp\/v2\/posts"}],"about":[{"href":"https:\/\/www.europesays.com\/fi\/wp-json\/wp\/v2\/types\/post"}],"author":[{"embeddable":true,"href":"https:\/\/www.europesays.com\/fi\/wp-json\/wp\/v2\/users\/2"}],"replies":[{"embeddable":true,"href":"https:\/\/www.europesays.com\/fi\/wp-json\/wp\/v2\/comments?post=79750"}],"version-history":[{"count":0,"href":"https:\/\/www.europesays.com\/fi\/wp-json\/wp\/v2\/posts\/79750\/revisions"}],"wp:featuredmedia":[{"embeddable":true,"href":"https:\/\/www.europesays.com\/fi\/wp-json\/wp\/v2\/media\/79751"}],"wp:attachment":[{"href":"https:\/\/www.europesays.com\/fi\/wp-json\/wp\/v2\/media?parent=79750"}],"wp:term":[{"taxonomy":"category","embeddable":true,"href":"https:\/\/www.europesays.com\/fi\/wp-json\/wp\/v2\/categories?post=79750"},{"taxonomy":"post_tag","embeddable":true,"href":"https:\/\/www.europesays.com\/fi\/wp-json\/wp\/v2\/tags?post=79750"}],"curies":[{"name":"wp","href":"https:\/\/api.w.org\/{rel}","templated":true}]}}