{"id":79857,"date":"2025-11-03T12:11:09","date_gmt":"2025-11-03T12:11:09","guid":{"rendered":"https:\/\/www.europesays.com\/fi\/79857\/"},"modified":"2025-11-03T12:11:09","modified_gmt":"2025-11-03T12:11:09","slug":"suomalainen-lucas-bergstrom-teki-mielenkiintoisesti-historiaa-espanjan-jalkapallossa-debyytista-myos-kritiikkia-urheilu","status":"publish","type":"post","link":"https:\/\/www.europesays.com\/fi\/79857\/","title":{"rendered":"Suomalainen Lucas Bergstr\u00f6m teki mielenkiintoisesti historiaa Espanjan jalkapallossa \u2013 debyytist\u00e4 my\u00f6s kritiikki\u00e4 | Urheilu"},"content":{"rendered":"<p class=\"aw-1gybjub aw-5vja16 ghpEtB kjanFo yle__article__paragraph\">205-senttinen Lucas Bergstr\u00f6m teki historiaa La Ligan kautta aikojen pisimp\u00e4n\u00e4 pelaajana. Bergstr\u00f6min debyytti ei kuitenkaan ker\u00e4nnyt kehuja.<\/p>\n<p><img decoding=\"async\" alt=\"Lucas Bergstr\u00f6m Mallorcan maalilla.\" src=\"https:\/\/www.europesays.com\/fi\/wp-content\/uploads\/2025\/11\/39-1547658690870c75d62f.jpeg\" class=\"aw-1l9m598 hKVVvP\"\/><\/p>\n<p>Avaa kuvien katselu<\/p>\n<p>Lucas Bergstr\u00f6m historiallisesti Mallorcan maalilla Espanjan p\u00e4\u00e4sarjassa. Kuva: EPA<\/p>\n<p class=\"aw-1gybjub aw-1p7kakr ghpEtB jtovHP yle__article__paragraph\"><strong class=\"aw-ak79eh KyCXm yle__article__strong\">Lucas Bergstr\u00f6m<\/strong> teki suomalaista jalkapallohistoriaa, kun h\u00e4n torjui ensimm\u00e4isen\u00e4 suomalaismaalivahtina koskaan Espanjan jalkapallon p\u00e4\u00e4sarjassa La Ligassa. Bergstr\u00f6min Mallorca h\u00e4visi Real Betisille 0\u20133.<\/p>\n<p class=\"aw-1gybjub aw-1p7kakr ghpEtB jtovHP yle__article__paragraph\">Betis teki kaikki kolme maaliaan ensimm\u00e4isell\u00e4 puoliajalla. <strong class=\"aw-ak79eh KyCXm yle__article__strong\">Anthony<\/strong> osui kahdesti ja <strong class=\"aw-ak79eh KyCXm yle__article__strong\">Abde Ezzalzouli<\/strong> kerran.<\/p>\n<p class=\"aw-1gybjub aw-1p7kakr ghpEtB jtovHP yle__article__paragraph\">Mallorcan ykk\u00f6smaalivahti <strong class=\"aw-ak79eh KyCXm yle__article__strong\">Leo Rom\u00e1n<\/strong> loukkaantui torstaina harjoituksissa. Bergstr\u00f6m sai torjuntavastuun. Rom\u00e1nin on arvioitu olevan sivussa ainakin kuukauden.<\/p>\n<p class=\"aw-1gybjub aw-1p7kakr ghpEtB jtovHP yle__article__paragraph\">23-vuotias Bergstr\u00f6m n\u00e4htiin Mallorcan tolppien v\u00e4liss\u00e4 ensimm\u00e4isen kerran keskiviikkona cup-ottelussa. Mallorca kaatoi alasarjoissa pelaavan Atl\u00e8tic Sant Justinin 2\u20130.<\/p>\n<p class=\"aw-1gybjub aw-1p7kakr ghpEtB jtovHP yle__article__paragraph\">Bergstr\u00f6min debyytti La Ligassa ei ker\u00e4nnyt kehuja paikallislehti Diario de Mallorcassa.<\/p>\n<p class=\"aw-1gybjub aw-1p7kakr ghpEtB jtovHP yle__article__paragraph\">\u2013 Leo Rom\u00e1nin poissaolo on merkitt\u00e4v\u00e4 isku tulevissa peleiss\u00e4. Luotettava maalivahti on elint\u00e4rke\u00e4 mille tahansa puolustukselle. Suomalainen Bergstr\u00f6m ei her\u00e4t\u00e4 luottamusta. Ei kent\u00e4n pinnassa, ei ilmassa, eik\u00e4 jaloillaan. Kolme ensimm\u00e4ist\u00e4 Betisin laukausta meniv\u00e4t maaliin. Toki vastuu ei ole pelk\u00e4st\u00e4\u00e4n Bergstr\u00f6min. Puolustajatkaan eiv\u00e4t pystyneet pit\u00e4m\u00e4\u00e4n hallussaan Betisin hy\u00f6kk\u00e4\u00e4ji\u00e4, toimittaja <strong class=\"aw-ak79eh KyCXm yle__article__strong\">Toni<\/strong> <strong class=\"aw-ak79eh KyCXm yle__article__strong\">Ruiz<\/strong> <a class=\"aw-iao6s4 iHOxEa yle__article__link\" href=\"https:\/\/www.diariodemallorca.es\/rcd-mallorca\/2025\/11\/02\/opinion-toni-ruiz-betis-mallorca-123290854.html\" role=\"link\" rel=\"nofollow noopener\" target=\"_blank\">kirjoitti<\/a> pelianalyysiss\u00e4\u00e4n.<\/p>\n<p class=\"aw-1gybjub aw-1p7kakr ghpEtB jtovHP yle__article__paragraph\">Lehdess\u00e4 otsikoitiin Bergstr\u00f6min debyytti my\u00f6s painajaismaiseksi. Lehti kuitenkin kertoi, miten Bergstr\u00f6m teki my\u00f6s mielenkiintoisesti historiaa Espanjan jalkapallossa.<\/p>\n<p class=\"aw-1gybjub aw-1p7kakr ghpEtB jtovHP yle__article__paragraph\">\u2013 Bergstr\u00f6m on 205-senttisen\u00e4 La Ligan historian pisin pelaaja. Se on iso etu, mutta todellisuudessa Mallorca tarvitsee luotettavan maalivahdin, erillisess\u00e4 jutussa Bergstr\u00f6min debyytist\u00e4 <a class=\"aw-iao6s4 iHOxEa yle__article__link\" href=\"https:\/\/www.diariodemallorca.es\/rcd-mallorca\/2025\/11\/03\/estreno-pesadilla-lucas-bergstrom-mallorca-123291008.html\" role=\"link\" rel=\"nofollow noopener\" target=\"_blank\">kirjoitettiin<\/a>.<\/p>\n<p class=\"aw-1gybjub aw-1p7kakr ghpEtB jtovHP yle__article__paragraph\">\u2013 Saa n\u00e4hd\u00e4, jatkaako Bergstr\u00f6m maalilla Getafea vastaan sunnuntaina. Todellisuus on kuitenkin se, ett\u00e4 h\u00e4nest\u00e4 ei v\u00e4littynyt joukkueen tarvitsemaa turvallisuutta.<\/p>\n<p class=\"aw-1gybjub aw-1p7kakr ghpEtB jtovHP yle__article__paragraph\">Mallorca julkaisi sosiaalisessa mediassa Bergstr\u00f6min debyytist\u00e4 yhden kohokohtavideon, jossa suomalainen venyy kovaan jalkatorjuntaan.<\/p>\n<p class=\"aw-1gybjub aw-1p7kakr ghpEtB jtovHP yle__article__paragraph\">Mallorcan p\u00e4\u00e4valmentaja <strong class=\"aw-ak79eh KyCXm yle__article__strong\">Jagoba Arrasate<\/strong> puolusti suomalaisvahtiansa ottelun j\u00e4lkeen.<\/p>\n<p class=\"aw-1gybjub aw-1p7kakr ghpEtB jtovHP yle__article__paragraph\">\u2013 Jotkut h\u00e4nen purkupallonsa olivat heikkoja, mutta t\u00e4ss\u00e4 on kyse kommunikoinnin kehityksest\u00e4 joukkuekaverin kanssa. Emme voi syytt\u00e4\u00e4 t\u00e4n\u00e4\u00e4n maalivahtia mist\u00e4\u00e4n, Arrasate <a class=\"aw-iao6s4 iHOxEa yle__article__link\" href=\"https:\/\/www.marca.com\/futbol\/mallorca\/2025\/11\/03\/arrasate-temporada-dificil-sido-querer.html\" role=\"link\" rel=\"nofollow noopener\" target=\"_blank\">sanoi Marcalle<\/a>.<\/p>\n<p class=\"aw-1gybjub aw-1p7kakr ghpEtB jtovHP yle__article__paragraph\">Mallorcalla on nyt La Ligassa viimeisen s\u00e4ilyj\u00e4n paikalla, 17. sijalla. Ensimm\u00e4isen putoajan paikalla oleva Valencia on tasapisteiss\u00e4. Mallorca on 11 ottelustaan voittanut 2 ja pelannut 3 tasapeli\u00e4. Tappioita on 6.<\/p>\n","protected":false},"excerpt":{"rendered":"205-senttinen Lucas Bergstr\u00f6m teki historiaa La Ligan kautta aikojen pisimp\u00e4n\u00e4 pelaajana. Bergstr\u00f6min debyytti ei kuitenkaan ker\u00e4nnyt kehuja. Avaa&hellip;\n","protected":false},"author":2,"featured_media":79858,"comment_status":"","ping_status":"","sticky":false,"template":"","format":"standard","meta":{"footnotes":""},"categories":[158],"tags":[1819,770,33,31,30,43,16233,1821,16234,159,32,160],"class_list":{"0":"post-79857","1":"post","2":"type-post","3":"status-publish","4":"format-standard","5":"has-post-thumbnail","7":"category-urheilu","8":"tag-espanja","9":"tag-espanjan-jalkapallo","10":"tag-fi","11":"tag-finland","12":"tag-finnish","13":"tag-jalkapallo","14":"tag-lucas-bergstrom","15":"tag-mallorca","16":"tag-rcd-mallorca","17":"tag-sports","18":"tag-suomi","19":"tag-urheilu"},"share_on_mastodon":{"url":"https:\/\/pubeurope.com\/@fi\/115485703403036331","error":""},"_links":{"self":[{"href":"https:\/\/www.europesays.com\/fi\/wp-json\/wp\/v2\/posts\/79857","targetHints":{"allow":["GET"]}}],"collection":[{"href":"https:\/\/www.europesays.com\/fi\/wp-json\/wp\/v2\/posts"}],"about":[{"href":"https:\/\/www.europesays.com\/fi\/wp-json\/wp\/v2\/types\/post"}],"author":[{"embeddable":true,"href":"https:\/\/www.europesays.com\/fi\/wp-json\/wp\/v2\/users\/2"}],"replies":[{"embeddable":true,"href":"https:\/\/www.europesays.com\/fi\/wp-json\/wp\/v2\/comments?post=79857"}],"version-history":[{"count":0,"href":"https:\/\/www.europesays.com\/fi\/wp-json\/wp\/v2\/posts\/79857\/revisions"}],"wp:featuredmedia":[{"embeddable":true,"href":"https:\/\/www.europesays.com\/fi\/wp-json\/wp\/v2\/media\/79858"}],"wp:attachment":[{"href":"https:\/\/www.europesays.com\/fi\/wp-json\/wp\/v2\/media?parent=79857"}],"wp:term":[{"taxonomy":"category","embeddable":true,"href":"https:\/\/www.europesays.com\/fi\/wp-json\/wp\/v2\/categories?post=79857"},{"taxonomy":"post_tag","embeddable":true,"href":"https:\/\/www.europesays.com\/fi\/wp-json\/wp\/v2\/tags?post=79857"}],"curies":[{"name":"wp","href":"https:\/\/api.w.org\/{rel}","templated":true}]}}