{"id":79976,"date":"2025-11-03T14:54:08","date_gmt":"2025-11-03T14:54:08","guid":{"rendered":"https:\/\/www.europesays.com\/fi\/79976\/"},"modified":"2025-11-03T14:54:08","modified_gmt":"2025-11-03T14:54:08","slug":"iakas-pyorailija-putosi-rotkoon-punaviini-pelasti-uutissuomalainen","status":"publish","type":"post","link":"https:\/\/www.europesays.com\/fi\/79976\/","title":{"rendered":"I\u00e4k\u00e4s py\u00f6r\u00e4ilij\u00e4 putosi rotkoon \u2013 punaviini pelasti | Uutissuomalainen"},"content":{"rendered":"<p>I\u00e4k\u00e4s py\u00f6r\u00e4ilij\u00e4 selvisi punaviinin voimalla kolmen p\u00e4iv\u00e4n ajan pudottuaan rotkoon Ranskassa, uutiskanava <a href=\"https:\/\/www.cbsnews.com\/news\/cyclist-falls-ravine-survives-days-drinking-wine-france\/\" rel=\"nofollow noopener\" target=\"_blank\">CBS News<\/a> ja uutistoimisto AFP kertovat.<\/p>\n<p>77-vuotias mies oli palaamassa kotiin kauppareissulta autiolla tiell\u00e4 vuoristoisella Cevennesin alueella, kun h\u00e4n sy\u00f6ksyi rinteelt\u00e4 alas rotkoon.<\/p>\n<p>Mies ei kyennyt kiipe\u00e4m\u00e4\u00e4n rotkosta omin voimin ja yritti hankkia apua huutamalla. Viereisell\u00e4 tiell\u00e4 kulki ajoneuvoja, mutta kukaan ei kuullut miehen huutoa.<\/p>\n<p>Tunnit muuttuivat p\u00e4iviksi, joiden aikana mies nesteytti itse\u00e4\u00e4n kauppakassissaan olleilla punaviinipulloilla. Lopulta ohi kulkeneet tiety\u00f6ntekij\u00e4t kuulivat miehen huudon ja n\u00e4kiv\u00e4t t\u00e4m\u00e4n polkupy\u00f6r\u00e4n v\u00e4\u00e4ntyneen rungon.<\/p>\n<p>L\u00e4\u00e4kint\u00e4helikopteri kuljetti miehen sairaalaan. Miest\u00e4 hoitanut l\u00e4\u00e4k\u00e4ri kuvailee t\u00e4m\u00e4n selviytymist\u00e4 &#8221;ihmeeksi&#8221;, ottaen huomioon kylm\u00e4t olosuhteet, sateen ja sen, ettei miehell\u00e4 ollut viinin lis\u00e4ksi juuri mit\u00e4\u00e4n sy\u00f6t\u00e4v\u00e4\u00e4 tai juotavaa.<\/p>\n<p>\u2013 H\u00e4n on todella sitke\u00e4. H\u00e4n putosi rotkoon useita kertoja yritt\u00e4ess\u00e4\u00e4n kiivet\u00e4 takaisin yl\u00f6s, ja h\u00e4n oli vaarassa saada hypotermian, l\u00e4\u00e4k\u00e4ri <strong>Laurent Savath<\/strong> sanoo medioiden mukaan.<\/p>\n<p>Mies selvisi koettelemuksestaan lievill\u00e4 vammoilla ja liev\u00e4ll\u00e4 hypotermialla.<\/p>\n","protected":false},"excerpt":{"rendered":"I\u00e4k\u00e4s py\u00f6r\u00e4ilij\u00e4 selvisi punaviinin voimalla kolmen p\u00e4iv\u00e4n ajan pudottuaan rotkoon Ranskassa, uutiskanava CBS News ja uutistoimisto AFP kertovat.&hellip;\n","protected":false},"author":2,"featured_media":79977,"comment_status":"","ping_status":"","sticky":false,"template":"","format":"standard","meta":{"footnotes":"","_share_on_mastodon":"0"},"categories":[5],"tags":[22,23,26,27,33,31,30,17,24,25,121,990,28,29,15,837,18,21,32,679,167,128,19,20,16,13008],"class_list":["post-79976","post","type-post","status-publish","format-standard","has-post-thumbnail","category-otsikot","tag-breaking-news","tag-breakingnews","tag-featured-news","tag-featurednews","tag-fi","tag-finland","tag-finnish","tag-headlines","tag-latest-news","tag-latestnews","tag-liikenne-ja-kuljetus","tag-liikenneonnettomuudet","tag-main-news","tag-mainnews","tag-news","tag-onnettomuudet","tag-otsikot","tag-paauutiset","tag-suomi","tag-terveydenhuollon-toimintalaitokset","tag-terveys","tag-tieliikenne","tag-top-stories","tag-topstories","tag-uutiset","tag-viinit"],"share_on_mastodon":{"url":"https:\/\/pubeurope.com\/@fi\/115486344052680605","error":""},"_links":{"self":[{"href":"https:\/\/www.europesays.com\/fi\/wp-json\/wp\/v2\/posts\/79976","targetHints":{"allow":["GET"]}}],"collection":[{"href":"https:\/\/www.europesays.com\/fi\/wp-json\/wp\/v2\/posts"}],"about":[{"href":"https:\/\/www.europesays.com\/fi\/wp-json\/wp\/v2\/types\/post"}],"author":[{"embeddable":true,"href":"https:\/\/www.europesays.com\/fi\/wp-json\/wp\/v2\/users\/2"}],"replies":[{"embeddable":true,"href":"https:\/\/www.europesays.com\/fi\/wp-json\/wp\/v2\/comments?post=79976"}],"version-history":[{"count":0,"href":"https:\/\/www.europesays.com\/fi\/wp-json\/wp\/v2\/posts\/79976\/revisions"}],"wp:featuredmedia":[{"embeddable":true,"href":"https:\/\/www.europesays.com\/fi\/wp-json\/wp\/v2\/media\/79977"}],"wp:attachment":[{"href":"https:\/\/www.europesays.com\/fi\/wp-json\/wp\/v2\/media?parent=79976"}],"wp:term":[{"taxonomy":"category","embeddable":true,"href":"https:\/\/www.europesays.com\/fi\/wp-json\/wp\/v2\/categories?post=79976"},{"taxonomy":"post_tag","embeddable":true,"href":"https:\/\/www.europesays.com\/fi\/wp-json\/wp\/v2\/tags?post=79976"}],"curies":[{"name":"wp","href":"https:\/\/api.w.org\/{rel}","templated":true}]}}