{"id":79981,"date":"2025-11-03T15:09:08","date_gmt":"2025-11-03T15:09:08","guid":{"rendered":"https:\/\/www.europesays.com\/fi\/79981\/"},"modified":"2025-11-03T15:09:08","modified_gmt":"2025-11-03T15:09:08","slug":"karkurien-paatosjakso-mikko-leppilampi-loistaa-jatkuuko-sarja","status":"publish","type":"post","link":"https:\/\/www.europesays.com\/fi\/79981\/","title":{"rendered":"Karkurien p\u00e4\u00e4t\u00f6sjakso: Mikko Leppilampi loistaa &#8211; jatkuuko sarja?"},"content":{"rendered":"<p>\n            Karkurit. Mikko Leppilampi.<br \/>\n            MTV\n        <\/p>\n<p class=\"subtitle \">Karkurit-kauden p\u00e4\u00e4t\u00f6sjakso on yhden miehen show. Varoitus! Juttu perustuu juonipaljastuksille.<\/p>\n<p class=\"article-content article-content-width !bg-background\">Karkurien kakkoskausi p\u00e4\u00e4ttyy t\u00e4n\u00e4\u00e4n. Kauden kliimaksijaksossa  esitt\u00e4m\u00e4 sarjamurhaaja JP Sir\u00e9n on isossa roolissa.\u00a0<\/p>\n<p class=\"article-content article-content-width !bg-background\">JP on ottanut karkuritiimin johtajan Karitan vangikseen. Karita yritt\u00e4\u00e4 paeta JP:n kynsist\u00e4 t\u00e4m\u00e4n naisyst\u00e4v\u00e4n Sonjan avulla, mutta mustasukkainen Sonja luulee Karitaa JP:n rakastajattareksi ja puukottaa t\u00e4t\u00e4.\u00a0<\/p>\n<p class=\"article-content article-content-width !bg-background\">Sen verran nainen kuitenkin uskoo Karitan puheita JP:st\u00e4, ett\u00e4 ottaa hatkat, mukanaan JP:n varastama arvokas maalaus. JP tietenkin raivostuu asiasta ja p\u00e4\u00e4tt\u00e4\u00e4 ottaa Sonjan kiinni ja tappaa t\u00e4m\u00e4n. JP ottaa haavoittuneen Karitan mukaansa takaa-ajoon.\u00a0<\/p>\n<p>        <a itemprop=\"url\" href=\"https:\/\/www.seiska.fi\/katso\/tama-kuuma-tulokas-tekee-hyytavan-vierailun-karkurit-sarjassa\/1945656\" rel=\"nofollow noopener\" target=\"_blank\"><\/p>\n<p>\nKarkurit\n<\/p>\n<p class=\"section-date\">\n        <strong class=\"article-section\" data-section=\"katso\"><br \/>\n            katso<br \/>\n        <\/strong><br \/>\n        13.10. 09:15\n    <\/p>\n<p>T\u00e4m\u00e4 kuuma tulokas tekee hyyt\u00e4v\u00e4n vierailun Karkurit-sarjassa\n    <\/p>\n<p itemprop=\"description\" class=\"subtitle \">\n    Karkurit-sarjaan ilmestyy tutun n\u00e4k\u00f6inen, mukavalta vaikuttava nuorukainen, jossa on kuitenkin jotain pahasti pieless\u00e4. Varoitus! Juttu perustuu juonipaljastuksiin.\n<\/p>\n<p>        <\/a><\/p>\n<p class=\"article-content article-content-width !bg-background\">Takaa-ajon aikana JP ja Karita pelaavat psykologista peli\u00e4\u00e4n kunnes saapuvat Nuuksioon, jonne arvelevat Sonjan suunnanneen. Karita, jonka JP karistaa Nuuksiossa matkastaan, l\u00f6yt\u00e4\u00e4 luksustelttakyl\u00e4st\u00e4 veitsen, jolla puukottaa JP:t\u00e4 ennen kuin t\u00e4m\u00e4 ehtii surmaamaan Sonjan. Pian Karitan tiimikin saapuu paikalle.<\/p>\n<p>        <a itemprop=\"url\" href=\"https:\/\/www.seiska.fi\/katso\/pyry-kahkonen-taytti-30-ja-tajusi-jotain-pysayttavaa\/1940777\" rel=\"nofollow noopener\" target=\"_blank\"><\/p>\n<p>\nBehmin vastan\u00e4yttelij\u00e4\n<\/p>\n<p class=\"section-date\">\n        <strong class=\"article-section\" data-section=\"katso\"><br \/>\n            katso<br \/>\n        <\/strong><br \/>\n        4.10. 14:15\n    <\/p>\n<p>Pyry K\u00e4hk\u00f6nen t\u00e4ytti 30 ja tajusi jotain pys\u00e4ytt\u00e4v\u00e4\u00e4\n    <\/p>\n<p itemprop=\"description\" class=\"subtitle \">\n    Behmin rinnalla uutta Anna minun rakastaa enemm\u00e4n -elokuvaa t\u00e4hditt\u00e4v\u00e4 Pyry K\u00e4hk\u00f6nen tiet\u00e4\u00e4, ett\u00e4 kaikki unelmat eiv\u00e4t voi toteutua.\n<\/p>\n<p>        <\/a><\/p>\n<p class=\"article-content article-content-width !bg-background\">Tommi iloitsee kun h\u00e4nen nuorempi, taannoin kaapattu tytt\u00e4rens\u00e4 kertoo terapian auttaneen. Sitten Tommin ovelle saapuu yll\u00e4tt\u00e4v\u00e4 vieras pyyt\u00e4m\u00e4\u00e4n apua. T\u00e4h\u00e4n jakso p\u00e4\u00e4ttyykin, mik\u00e4 viitannee siihen, ett\u00e4 sarjalle on ainakin suunniteltu jatkoa.\u00a0<\/p>\n<p class=\"article-content article-content-width !bg-background\">Avoimeksi j\u00e4\u00e4 my\u00f6s se, kuoliko Leppilammen roolihahmo veitseniskuun vai j\u00e4ik\u00f6 henkiin.<\/p>\n<p class=\"italic m-italic article-content article-content-width !bg-background\">Karkurit MTV3:ssa maanantaisin kello 21. Kaikki jaksot katsottavissa jo Katsomo+ -tilauksella.<\/p>\n<p>        <a itemprop=\"url\" href=\"https:\/\/www.seiska.fi\/katso\/mikko-leppilampi-palaa-televisioon-katso-uutuussarjan-traileri\/1931478\" rel=\"nofollow noopener\" target=\"_blank\"><\/p>\n<p>\nKatso traileri!\n<\/p>\n<p class=\"section-date\">\n        <strong class=\"article-section\" data-section=\"katso\"><br \/>\n            katso<br \/>\n        <\/strong><br \/>\n        15.9. 11:15\n    <\/p>\n<p>Mikko Leppilampi palaa televisioon \u2013 katso uutuussarjan traileri\n    <\/p>\n<p itemprop=\"description\" class=\"subtitle \">\n    Jessica Grabowskyn ja Mikko Leppilammen t\u00e4hditt\u00e4m\u00e4n J\u00e4\u00e4n vangit -trillerisarjan traileri julkaistaan ensimm\u00e4isen\u00e4 Katsossa.\n<\/p>\n<p>        <\/a><\/p>\n","protected":false},"excerpt":{"rendered":"Karkurit. Mikko Leppilampi. MTV Karkurit-kauden p\u00e4\u00e4t\u00f6sjakso on yhden miehen show. Varoitus! Juttu perustuu juonipaljastuksille. Karkurien kakkoskausi p\u00e4\u00e4ttyy t\u00e4n\u00e4\u00e4n.&hellip;\n","protected":false},"author":2,"featured_media":79982,"comment_status":"","ping_status":"","sticky":false,"template":"","format":"standard","meta":{"footnotes":""},"categories":[133],"tags":[137,33,31,30,15955,10558,11191,4424,13674,16760,16759,15952,32,15951,206,156,109],"class_list":{"0":"post-79981","1":"post","2":"type-post","3":"status-publish","4":"format-standard","5":"has-post-thumbnail","7":"category-televisiot","8":"tag-entertainment","9":"tag-fi","10":"tag-finland","11":"tag-finnish","12":"tag-jp-siren","13":"tag-juonipaljastukset","14":"tag-karkurit","15":"tag-mikko-leppilampi","16":"tag-nuuksio","17":"tag-nuuksion-kansallispuisto","18":"tag-paatosjakso","19":"tag-sarjamurhaaja","20":"tag-suomi","21":"tag-taidevaarennokset","22":"tag-televisiot","23":"tag-tv","24":"tag-viihde"},"share_on_mastodon":{"url":"https:\/\/pubeurope.com\/@fi\/115486403107597338","error":""},"_links":{"self":[{"href":"https:\/\/www.europesays.com\/fi\/wp-json\/wp\/v2\/posts\/79981","targetHints":{"allow":["GET"]}}],"collection":[{"href":"https:\/\/www.europesays.com\/fi\/wp-json\/wp\/v2\/posts"}],"about":[{"href":"https:\/\/www.europesays.com\/fi\/wp-json\/wp\/v2\/types\/post"}],"author":[{"embeddable":true,"href":"https:\/\/www.europesays.com\/fi\/wp-json\/wp\/v2\/users\/2"}],"replies":[{"embeddable":true,"href":"https:\/\/www.europesays.com\/fi\/wp-json\/wp\/v2\/comments?post=79981"}],"version-history":[{"count":0,"href":"https:\/\/www.europesays.com\/fi\/wp-json\/wp\/v2\/posts\/79981\/revisions"}],"wp:featuredmedia":[{"embeddable":true,"href":"https:\/\/www.europesays.com\/fi\/wp-json\/wp\/v2\/media\/79982"}],"wp:attachment":[{"href":"https:\/\/www.europesays.com\/fi\/wp-json\/wp\/v2\/media?parent=79981"}],"wp:term":[{"taxonomy":"category","embeddable":true,"href":"https:\/\/www.europesays.com\/fi\/wp-json\/wp\/v2\/categories?post=79981"},{"taxonomy":"post_tag","embeddable":true,"href":"https:\/\/www.europesays.com\/fi\/wp-json\/wp\/v2\/tags?post=79981"}],"curies":[{"name":"wp","href":"https:\/\/api.w.org\/{rel}","templated":true}]}}