{"id":80000,"date":"2025-11-03T15:35:09","date_gmt":"2025-11-03T15:35:09","guid":{"rendered":"https:\/\/www.europesays.com\/fi\/80000\/"},"modified":"2025-11-03T15:35:09","modified_gmt":"2025-11-03T15:35:09","slug":"tanssii-tahtien-kanssa-kristiina-makela-ja-sami-helenius-yllattivat-povataan-voittoa","status":"publish","type":"post","link":"https:\/\/www.europesays.com\/fi\/80000\/","title":{"rendered":"Tanssii t\u00e4htien kanssa: Kristiina M\u00e4kel\u00e4 ja Sami Helenius yll\u00e4ttiv\u00e4t &#8211; povataan voittoa"},"content":{"rendered":"<p>\n            20250807, Helsinki. Tanssii t\u00e4htien kanssa vuoden 2025 pressi. Kuvassa Vappu Pimi\u00e4 ja Ernest Lawson.<br \/>\n            Timo Korhonen\n        <\/p>\n<p class=\"subtitle \">Tanssii t\u00e4htien kanssa -kisassa on j\u00e4ljell\u00e4 en\u00e4\u00e4 viisi paria.<\/p>\n<p class=\"article-content article-content-width !bg-background\">Ex-kolmiloikkaaja  ja tanssinopettaja  tanssivat paso doblen  Bloody Mary -kappaleen tahtiin Tanssii t\u00e4htien kanssa -kisassa sunnuntai-iltana 2. marraskuuta.<\/p>\n<p class=\"font-weight-bold m-font-weight-bold article-content article-content-width !bg-background\">Arkistovideo: N\u00e4ist\u00e4 TTK-pareista tuli tosiel\u00e4m\u00e4n parit.<\/p>\n<p class=\"article-content article-content-width !bg-background\"> kehui koreografiaan, joka sis\u00e4lsi paso doblen isoja kuvioita lis\u00e4mausteilla. H\u00e4n kehui rytmillist\u00e4 tarkkuutta parin tanssissa.<\/p>\n<p class=\"article-content article-content-width !bg-background\"> kuvasi vetoa rajuksi ja vavahduttavaksi, joka sis\u00e4lsi aggressiivisia k\u00e4\u00e4nteit\u00e4.<\/p>\n<p class=\"article-content article-content-width !bg-background\">\u2013 Kristiina liikkui kuin liekki, Jorma sanoi.<\/p>\n<p class=\"article-content article-content-width !bg-background\"> kunnioitti tanssin laadukkuutta ja runsautta. H\u00e4n kehui parin monipuolisuutta.<\/p>\n<p class=\"article-content article-content-width !bg-background\">Tuomaristo antoi pisteit\u00e4 parille yhteens\u00e4 27 pistett\u00e4. Jokainen tuomaristosta antoi parille yhdeks\u00e4n pistett\u00e4. Kristiina my\u00f6s 10 ekstrapistett\u00e4 tuomaristolta tiimivetojen j\u00e4lkeen. Helenan mukaan Kristiina ylitti itsens\u00e4 ja yll\u00e4tti tuomariston. He ottivat lis\u00e4pisteill\u00e4 k\u00e4rkipaikan illan l\u00e4hetyksess\u00e4.<\/p>\n<p class=\"article-content article-content-width !bg-background\">Kisassa ovat lis\u00e4ksi viel\u00e4 mukana  ja  eli E,  ja ,  ja  sek\u00e4  ja .<\/p>\n<p>        <a itemprop=\"url\" href=\"https:\/\/www.seiska.fi\/katso\/ttk-kia-lehmuskoskelta-tilitys-ikavasta-kaanteesta\/1981536\" rel=\"nofollow noopener\" target=\"_blank\"><\/p>\n<p>\nKia Lehmuskoski\n<\/p>\n<p class=\"section-date\">\n        <strong class=\"article-section\" data-section=\"katso\"><br \/>\n            katso<br \/>\n        <\/strong><br \/>\n        11:15\n    <\/p>\n<p>TTK: Kia Lehmuskoskelta tilitys ik\u00e4v\u00e4st\u00e4 k\u00e4\u00e4nteest\u00e4\n    <\/p>\n<p itemprop=\"description\" class=\"subtitle \">\n    Kia Lehmuskosken ja Marko &#8221;M\u00f6rk\u00f6&#8221; Anttilan TTK-matka katkesi kesken kaiken.\n<\/p>\n<p>        <\/a><\/p>\n<p>                <img decoding=\"async\" src=\"https:\/\/www.europesays.com\/fi\/wp-content\/uploads\/2025\/11\/1895991.webp\" width=\"576\" height=\"274\" alt=\"Sami Helenius ja Kristiina M\u00e4kel\u00e4 olivat illan paras pari.\" loading=\"lazy\" \/>            <\/p>\n<p>\n            Sami Helenius ja Kristiina M\u00e4kel\u00e4 olivat illan paras pari.<br \/>\n            Timo Korhonen\n        <\/p>\n<p>Voittoainesta?<\/p>\n<p class=\"article-content article-content-width !bg-background\">Viestipalvelu Jodelissa ja ohjelman <a href=\"https:\/\/www.facebook.com\/TanssiiTahtienKanssa\" target=\"_blank\" rel=\"nofollow noopener\">Facebook-tilill\u00e4 katsojat ovat kommentoineet n\u00e4kem\u00e4\u00e4ns\u00e4<\/a>.<\/p>\n<p class=\"article-content article-content-width !bg-background\">\u2013 Oli todella hot!<\/p>\n<p class=\"article-content article-content-width !bg-background\">\u2013 Kristiinalla on ollut kyll\u00e4 upea kehityskaari! Yll\u00e4tt\u00e4nyt tosi positiivisesti.<\/p>\n<p class=\"article-content article-content-width !bg-background\">\u2013 Illan paras!<\/p>\n<p class=\"article-content article-content-width !bg-background\">\u2013 Upea Kristiina on kehittynyt huimaa vauhtia joka saralla. Upea tanssi.<\/p>\n<p class=\"article-content article-content-width !bg-background\">\u2013 Kristiinan kehitys on hullu! Alussa luulin, ett\u00e4 tulee tippumaan nopeasti, mutta h\u00e4n onkin nyt mun ennakkosuosikki.<\/p>\n<p class=\"article-content article-content-width !bg-background\">\u2013 Ajattelin, ett\u00e4 h\u00e4n olisi 3-4 putoaja, mutta nyt huomaan, ett\u00e4 kannustan h\u00e4nt\u00e4 eniten ja olen alkanut seurata Instassakin, kun on niin upeanoloinen persoona. T\u00e4m\u00e4 on t\u00e4ss\u00e4 ohjelmassa parasta, ett\u00e4 tulee itselle ihan uusia tuttavuuksia.<\/p>\n<p class=\"article-content article-content-width !bg-background\">\u2013 Olin Kristiinan fani jo urheilu-uran aikana, mutta nyt tykk\u00e4\u00e4n vaan entist\u00e4 enemm\u00e4n! Tuo h\u00e4nen aito ilo tanssiin v\u00e4littyy ruudunkin l\u00e4pi.<\/p>\n<p class=\"article-content article-content-width !bg-background\">\u2013 On semmoinen tutina, ett\u00e4 Kristiina vie koko kisan.<\/p>\n<p>        <a itemprop=\"url\" href=\"https:\/\/www.seiska.fi\/katso\/minna-kuukalta-suorat-sanat-ttk-tahtiopettajalle\/1979466\" rel=\"nofollow noopener\" target=\"_blank\"><\/p>\n<p>\nMinna Kuukka\n<\/p>\n<p class=\"section-date\">\n        <strong class=\"article-section\" data-section=\"katso\"><br \/>\n            katso<br \/>\n        <\/strong><br \/>\n        31.10. 12:15\n    <\/p>\n<p>Minna Kuukalta suorat sanat TTK-t\u00e4htiopettajalle\n    <\/p>\n<p itemprop=\"description\" class=\"subtitle \">\n    Minna Kuukan TTK-harjoitusparina toimi &#8221;vara-Mikko&#8221; eli Anssi Heikkil\u00e4.\n<\/p>\n<p>        <\/a><\/p>\n<p>Saiko pari liikaa pisteit\u00e4?<\/p>\n<p class=\"article-content article-content-width !bg-background\">Kaikki eiv\u00e4t kuitenkaan vakuuttuneet entisen kolmiloikkaajan tanssitaidoista.<\/p>\n<p class=\"article-content article-content-width !bg-background\">\u2013 Kristiina saa liikaa pisteit\u00e4. Taitaa menn\u00e4 pisteet opettajalle ei oppilaalle.<\/p>\n<p class=\"article-content article-content-width !bg-background\">\u2013 Oli jotenkin outo, ehk\u00e4 siten teemaan sopiva, mutta v\u00e4h\u00e4n liian hyv\u00e4t pisteet ja kehut sai<\/p>\n<p class=\"article-content article-content-width !bg-background\">\u2013 Tanssillisuus puuttuu.<\/p>\n<p class=\"article-content article-content-width !bg-background\">\u2013 Aivan liikaa kehumista ja pisteit\u00e4.<\/p>\n<p>        <a itemprop=\"url\" href=\"https:\/\/www.seiska.fi\/katso\/ttk-shokkikaanne-katsojat-murtuivat-kia-lehmuskosken-kohtalosta\/1981386\" rel=\"nofollow noopener\" target=\"_blank\"><\/p>\n<p>\nTanssii t\u00e4htien kanssa\n<\/p>\n<p class=\"section-date\">\n        <strong class=\"article-section\" data-section=\"katso\"><br \/>\n            katso<br \/>\n        <\/strong><br \/>\n        08:43\n    <\/p>\n<p>TTK-shokkik\u00e4\u00e4nne: Katsojat murtuivat Kia Lehmuskosken kohtalosta\n    <\/p>\n<p itemprop=\"description\" class=\"subtitle \">\n    Marko &#8221;M\u00f6rk\u00f6&#8221; Anttila ilmoitti 2. marraskuuta Tanssii t\u00e4htien kanssa -l\u00e4hetyksess\u00e4, ett\u00e4 h\u00e4n joutuu keskeytt\u00e4m\u00e4\u00e4n kisan.\n<\/p>\n<p>        <\/a><\/p>\n<p class=\"italic m-italic article-content article-content-width !bg-background\">Tanssii t\u00e4htien kanssa sunnuntaisin MTV3:lla ja MTV Katsomossa.<\/p>\n","protected":false},"excerpt":{"rendered":"20250807, Helsinki. Tanssii t\u00e4htien kanssa vuoden 2025 pressi. Kuvassa Vappu Pimi\u00e4 ja Ernest Lawson. Timo Korhonen Tanssii t\u00e4htien&hellip;\n","protected":false},"author":2,"featured_media":80001,"comment_status":"","ping_status":"","sticky":false,"template":"","format":"standard","meta":{"footnotes":""},"categories":[133],"tags":[137,33,31,30,1945,2070,905,1946,32,903,206,3099,6344,6054,1318,156,109],"class_list":{"0":"post-80000","1":"post","2":"type-post","3":"status-publish","4":"format-standard","5":"has-post-thumbnail","7":"category-televisiot","8":"tag-entertainment","9":"tag-fi","10":"tag-finland","11":"tag-finnish","12":"tag-kristiina-makela","13":"tag-lady-gaga","14":"tag-mtv3","15":"tag-sami-helenius","16":"tag-suomi","17":"tag-tanssii-tahtien-kanssa","18":"tag-televisiot","19":"tag-ttk","20":"tag-ttk-2025","21":"tag-tuomaristo","22":"tag-tv-ohjelma","23":"tag-tv","24":"tag-viihde"},"share_on_mastodon":{"url":"https:\/\/pubeurope.com\/@fi\/115486505801884842","error":""},"_links":{"self":[{"href":"https:\/\/www.europesays.com\/fi\/wp-json\/wp\/v2\/posts\/80000","targetHints":{"allow":["GET"]}}],"collection":[{"href":"https:\/\/www.europesays.com\/fi\/wp-json\/wp\/v2\/posts"}],"about":[{"href":"https:\/\/www.europesays.com\/fi\/wp-json\/wp\/v2\/types\/post"}],"author":[{"embeddable":true,"href":"https:\/\/www.europesays.com\/fi\/wp-json\/wp\/v2\/users\/2"}],"replies":[{"embeddable":true,"href":"https:\/\/www.europesays.com\/fi\/wp-json\/wp\/v2\/comments?post=80000"}],"version-history":[{"count":0,"href":"https:\/\/www.europesays.com\/fi\/wp-json\/wp\/v2\/posts\/80000\/revisions"}],"wp:featuredmedia":[{"embeddable":true,"href":"https:\/\/www.europesays.com\/fi\/wp-json\/wp\/v2\/media\/80001"}],"wp:attachment":[{"href":"https:\/\/www.europesays.com\/fi\/wp-json\/wp\/v2\/media?parent=80000"}],"wp:term":[{"taxonomy":"category","embeddable":true,"href":"https:\/\/www.europesays.com\/fi\/wp-json\/wp\/v2\/categories?post=80000"},{"taxonomy":"post_tag","embeddable":true,"href":"https:\/\/www.europesays.com\/fi\/wp-json\/wp\/v2\/tags?post=80000"}],"curies":[{"name":"wp","href":"https:\/\/api.w.org\/{rel}","templated":true}]}}