{"id":80103,"date":"2025-11-03T17:53:10","date_gmt":"2025-11-03T17:53:10","guid":{"rendered":"https:\/\/www.europesays.com\/fi\/80103\/"},"modified":"2025-11-03T17:53:10","modified_gmt":"2025-11-03T17:53:10","slug":"osa-lykkaa-nyt-renkaidenvaihtoa-rengasfirman-johtaja-harmillista-etta-odotellaan-silla-talvi-yllattaa-kotimaa","status":"publish","type":"post","link":"https:\/\/www.europesays.com\/fi\/80103\/","title":{"rendered":"Osa lykk\u00e4\u00e4 nyt renkaiden\u00advaihtoa \u2013 rengasfirman johtaja: \u201dHarmillista ett\u00e4 odotellaan, sill\u00e4 talvi yll\u00e4tt\u00e4\u00e4\u201d | Kotimaa"},"content":{"rendered":"<p class=\"aw-1gybjub aw-5vja16 ghpEtB kjanFo yle__article__paragraph\">Lokakuussa sattuneet onnettomuudet Nelostiell\u00e4 Lahdessa saivat renkaidenvaihto\u00adliikkeiden puhelimet pirisem\u00e4\u00e4n. Sen j\u00e4lkeen vaihtotahti on ollut tasaisempaa.<\/p>\n<p><img decoding=\"async\" alt=\"rengasasentaja irrottaa auton rengasta mutterinv\u00e4\u00e4ntimell\u00e4.\" src=\"https:\/\/www.europesays.com\/fi\/wp-content\/uploads\/2025\/11\/39-12741336626366a83acd.jpeg\" class=\"aw-1l9m598 hKVVvP\"\/><\/p>\n<p>Avaa kuvien katselu<\/p>\n<p>L\u00e4mmin s\u00e4\u00e4 on hidastanut renkaidenvaihtotahtia. Arkistokuva. Kuva: Pyry Sarkiola \/ Yle<\/p>\n<p class=\"aw-1gybjub aw-1p7kakr ghpEtB jtovHP yle__article__paragraph\">Poikkeuksellisen l\u00e4mmin syksy pident\u00e4\u00e4 talvirenkaiden vaihdon kautta. Kiireisi\u00e4 paniikkip\u00e4ivi\u00e4 ei t\u00e4n\u00e4 vuonna ole odotettavissa, arvioivat renkaidenvaihtoliikkeet.<\/p>\n<p class=\"aw-1gybjub aw-1p7kakr ghpEtB jtovHP yle__article__paragraph\">Etenkin nastarenkaiden omistajat saattavat nyt siirt\u00e4\u00e4 vaihtoaikaa, kertoo rengas- ja autohuoltoketju Vianorin p\u00e4\u00e4kaupunkiseudun aluep\u00e4\u00e4llikk\u00f6 <strong class=\"aw-ak79eh KyCXm yle__article__strong\">Perttu Sihvola<\/strong>. Kitkarenkaat on p\u00e4\u00e4osin h\u00e4nen mukaansa jo vaihdettu.<\/p>\n<p class=\"aw-1gybjub aw-1p7kakr ghpEtB jtovHP yle__article__paragraph\">Loka-marraskuun vaihteen l\u00e4mmin s\u00e4\u00e4 on hidastanut jonkin verran renkaidenvaihtotahtia, arvioi rengasliikeketju Rengascenterin toimitusjohtaja <strong class=\"aw-ak79eh KyCXm yle__article__strong\">Marko M\u00e4kel\u00e4<\/strong>.<\/p>\n<p class=\"aw-1gybjub aw-1p7kakr ghpEtB jtovHP yle__article__paragraph\">\u2013 Se on harmillista, ett\u00e4 odotellaan. Talvi yll\u00e4tt\u00e4\u00e4 autoilijat monta kertaa talvessa, M\u00e4kel\u00e4 sanoo.<\/p>\n<p class=\"aw-1gybjub aw-1p7kakr ghpEtB jtovHP yle__article__paragraph\">H\u00e4nen mukaansa Pohjois-Suomessa renkaat vaihdetaan herkemmin kalenterin mukaan. Etel\u00e4ss\u00e4 saatetaan j\u00e4\u00e4d\u00e4 odottelemaan pakkasia.<\/p>\n<p class=\"aw-1gybjub aw-1p7kakr ghpEtB jtovHP yle__article__paragraph\">Tieliikennelain mukaan talvirenkaita on k\u00e4ytett\u00e4v\u00e4 marraskuun ja maaliskuun v\u00e4lisen\u00e4 aikana, jos s\u00e4\u00e4 sit\u00e4 edellytt\u00e4\u00e4. Vaikka s\u00e4\u00e4 n\u00e4ytt\u00e4\u00e4 l\u00e4hip\u00e4ivin\u00e4 viel\u00e4 vuodenaikaan n\u00e4hden l\u00e4mpim\u00e4lt\u00e4, perjantain vastainen y\u00f6 voi olla <a class=\"aw-iao6s4 iHOxEa yle__article__link\" href=\"https:\/\/yle.fi\/a\/74-20191804\" role=\"link\" rel=\"nofollow noopener\" target=\"_blank\">yll\u00e4tt\u00e4v\u00e4n kylm\u00e4<\/a>. Seurauksena voi olla liukkaita tienpintoja Etel\u00e4-Suomessakin.<\/p>\n<p>Lahden onnettomuus k\u00e4ynnisti sesongin<\/p>\n<p class=\"aw-1gybjub aw-1p7kakr ghpEtB jtovHP yle__article__paragraph\">Renkaidenvaihtokausi alkoi t\u00e4n\u00e4 syksyn\u00e4 kertaheitolla lokakuun puoliv\u00e4lin j\u00e4lkeen, kun Nelostiell\u00e4 Lahdessa sattui <a class=\"aw-iao6s4 iHOxEa yle__article__link\" href=\"https:\/\/yle.fi\/a\/74-20189057\" role=\"link\" rel=\"nofollow noopener\" target=\"_blank\">useita isoja ketjukolareita<\/a>, rengasyhti\u00f6t kertovat. Lahden moottoritien kolareissa oli osallisena yhteens\u00e4 40 ajoneuvoa.<\/p>\n<p class=\"aw-1gybjub aw-1p7kakr ghpEtB jtovHP yle__article__paragraph\">\u2013 Onnettomuuden j\u00e4lkeen maanantaina puhelimet olivat tukossa koko p\u00e4iv\u00e4n, kertoo rengas- ja autohuoltoketju Euromasterin Suomen toimitusjohtaja <strong class=\"aw-ak79eh KyCXm yle__article__strong\">Carl Segercrantz<\/strong>.<\/p>\n<p class=\"aw-1gybjub aw-1p7kakr ghpEtB jtovHP yle__article__paragraph\">Lahden moottoritien pinta oli onnettomuusaamuna j\u00e4\u00e4ss\u00e4, ja samaan aikaan alueella oli sankka sumu.<\/p>\n<p class=\"aw-1gybjub aw-1p7kakr ghpEtB jtovHP yle__article__paragraph\">\u2013 Vaihtosesonki oli alkanut jo Pohjois-Suomesta k\u00e4sin, mutta kyll\u00e4 se [onnettomuus] aktivoi autoilijat etel\u00e4ss\u00e4kin, Segercrantz sanoo.<\/p>\n<p class=\"aw-1gybjub aw-1p7kakr ghpEtB jtovHP yle__article__paragraph\">Sen j\u00e4lkeen tahti on ollut tasaisempaa. T\u00e4ll\u00e4 hetkell\u00e4 noin puolet talvirenkaista on vaihdettu, arvioivat Euromasterin Segercrantz ja Rengascenterin M\u00e4kel\u00e4.<\/p>\n<p class=\"aw-1gybjub aw-1p7kakr ghpEtB jtovHP yle__article__paragraph\">\u2013 T\u00e4n\u00e4 vuonna ei ole semmoista ruuhkahuippua, ett\u00e4 olisi kaksi\u2013kolme t\u00e4ysin paniikkip\u00e4iv\u00e4\u00e4, [jolloin] puhelimet soivat, eik\u00e4 kukaan saa aikoja renkaiden vaihtoon, Segercrantz sanoo.<\/p>\n","protected":false},"excerpt":{"rendered":"Lokakuussa sattuneet onnettomuudet Nelostiell\u00e4 Lahdessa saivat renkaidenvaihto\u00adliikkeiden puhelimet pirisem\u00e4\u00e4n. Sen j\u00e4lkeen vaihtotahti on ollut tasaisempaa. Avaa kuvien katselu&hellip;\n","protected":false},"author":2,"featured_media":80104,"comment_status":"","ping_status":"","sticky":false,"template":"","format":"standard","meta":{"footnotes":""},"categories":[76],"tags":[5796,79,77,33,31,30,71,1161,16774,32,78,16773,128],"class_list":{"0":"post-80103","1":"post","2":"type-post","3":"status-publish","4":"format-standard","5":"has-post-thumbnail","7":"category-talous","8":"tag-autoilijat","9":"tag-business","10":"tag-economy","11":"tag-fi","12":"tag-finland","13":"tag-finnish","14":"tag-kotimaa","15":"tag-liikenne","16":"tag-rengasliikkeet","17":"tag-suomi","18":"tag-talous","19":"tag-talvirenkaat","20":"tag-tieliikenne"},"share_on_mastodon":{"url":"https:\/\/pubeurope.com\/@fi\/115487048182456174","error":""},"_links":{"self":[{"href":"https:\/\/www.europesays.com\/fi\/wp-json\/wp\/v2\/posts\/80103","targetHints":{"allow":["GET"]}}],"collection":[{"href":"https:\/\/www.europesays.com\/fi\/wp-json\/wp\/v2\/posts"}],"about":[{"href":"https:\/\/www.europesays.com\/fi\/wp-json\/wp\/v2\/types\/post"}],"author":[{"embeddable":true,"href":"https:\/\/www.europesays.com\/fi\/wp-json\/wp\/v2\/users\/2"}],"replies":[{"embeddable":true,"href":"https:\/\/www.europesays.com\/fi\/wp-json\/wp\/v2\/comments?post=80103"}],"version-history":[{"count":0,"href":"https:\/\/www.europesays.com\/fi\/wp-json\/wp\/v2\/posts\/80103\/revisions"}],"wp:featuredmedia":[{"embeddable":true,"href":"https:\/\/www.europesays.com\/fi\/wp-json\/wp\/v2\/media\/80104"}],"wp:attachment":[{"href":"https:\/\/www.europesays.com\/fi\/wp-json\/wp\/v2\/media?parent=80103"}],"wp:term":[{"taxonomy":"category","embeddable":true,"href":"https:\/\/www.europesays.com\/fi\/wp-json\/wp\/v2\/categories?post=80103"},{"taxonomy":"post_tag","embeddable":true,"href":"https:\/\/www.europesays.com\/fi\/wp-json\/wp\/v2\/tags?post=80103"}],"curies":[{"name":"wp","href":"https:\/\/api.w.org\/{rel}","templated":true}]}}