{"id":80114,"date":"2025-11-03T18:13:08","date_gmt":"2025-11-03T18:13:08","guid":{"rendered":"https:\/\/www.europesays.com\/fi\/80114\/"},"modified":"2025-11-03T18:13:08","modified_gmt":"2025-11-03T18:13:08","slug":"mtv-eppu-normaalin-martti-syrja-kommentoi-keikkailun-loppua","status":"publish","type":"post","link":"https:\/\/www.europesays.com\/fi\/80114\/","title":{"rendered":"MTV: Eppu Normaalin Martti Syrj\u00e4 kommentoi keikkailun loppua"},"content":{"rendered":"<p>Eppu Normaali lopettaa keikkailun ensi vuonna.<\/p>\n<p class=\"article-body mb-nof-24 px-nof-16\">Eppu Normaali -yhtyeen laulaja <a class=\"article-personlink\" href=\"https:\/\/www.is.fi\/haku\/?query=Martti%20Syrj%C3%A4\" rel=\"nofollow noopener\" target=\"_blank\">Martti Syrj\u00e4<\/a> kertoo <a class=\"article-genericlink\" href=\"https:\/\/www.mtv.fi\/video\/de75653f7f85077d1ae1\/jakso-173-tuberkuloosi-tappoi-tuhansia-parantoloiden-erikoinen-arki\" rel=\"nofollow noopener\" target=\"_blank\">MTV:n <\/a>Viiden j\u00e4lkeen -ohjelmassa, ett\u00e4 yhtye yll\u00e4ttyi viimeisten keikkojensa lipunmyynnist\u00e4.<\/p>\n<p class=\"article-body mb-nof-24 px-nof-16\">Eppu Normaali ilmoitti hiljattain, ett\u00e4 se lopettaa keikkailun ensi vuonna. Ensin yhtyeen oli tarkoitus tehd\u00e4 kaksi keikkaa: yksi Helsingin Bolt-areenalla ja toinen Tampereella Ratinan stadionilla.<\/p>\n<p class=\"article-body mb-nof-24 px-nof-16\">Lue lis\u00e4\u00e4: <a class=\"article-genericlink\" href=\"https:\/\/www.is.fi\/viihde\/art-2000011588786.html\" rel=\"nofollow noopener\" target=\"_blank\">Eppu Normaali: lis\u00e4konsertit julki!<\/a><\/p>\n<p class=\"article-body mb-nof-24 px-nof-16\">Suuren kysynn\u00e4n vuoksi esiintymisi\u00e4 lis\u00e4ttiin, jotta kaikki fanit p\u00e4\u00e4sev\u00e4t j\u00e4\u00e4hyv\u00e4iskeikoille. Nyt Helsingin-keikkoja on kaksi ja Tampereella keikkoja on kolme.<\/p>\n<p class=\"article-body mb-nof-24 px-nof-16\">Juontaja <a class=\"article-personlink\" href=\"https:\/\/www.is.fi\/haku\/?query=Ripsa%20Koskinen-Papunen\" rel=\"nofollow noopener\" target=\"_blank\">Ripsa Koskinen-Papunen<\/a> kysyy ohjelmassa Syrj\u00e4lt\u00e4, milt\u00e4 fanien valtava kiinnostus viimeisi\u00e4 keikkoja kohtaan on tuntunut.<\/p>\n<p class=\"article-body mb-nof-24 px-nof-16\">\u2013 Yll\u00e4ttih\u00e4n se totta kai. Ajattelimme, ett\u00e4 hyv\u00e4 jos noi areenat saa t\u00e4yteen. Olemme olleet aika \u00e4im\u00e4n k\u00e4ken\u00e4, kun suosio on ollut aika suurta, Syrj\u00e4 ihmettelee.<\/p>\n<p class=\"article-body mb-nof-24 px-nof-16\">\u2013 Onko t\u00e4m\u00e4 hyv\u00e4 lipunmyyntitapa vai oikea p\u00e4\u00e4t\u00f6s, ett\u00e4 todella lopetatte keikkailun n\u00e4ihin konsertteihin? Koskinen-Papunen varmistelee.<\/p>\n<p class=\"article-body mb-nof-24 px-nof-16\">\u2013 Ehdottomasti on todellinen p\u00e4\u00e4t\u00f6s, jota ruvettiin pari vuotta sitten miettim\u00e4\u00e4n. Todettiin, ett\u00e4 ei t\u00e4ss\u00e4 en\u00e4\u00e4 nuoremmaksi tulla. Yhtyeen 50-vuotisjuhla oli l\u00e4hestym\u00e4ss\u00e4, joten p\u00e4\u00e4ttelimme, ett\u00e4 toista mahdollisuutta meille ei tule lopettaa sill\u00e4 lailla komeasti, Syrj\u00e4 perustelee.<\/p>\n<p class=\"article-body mb-nof-24 px-nof-16\">H\u00e4n sanoo, ett\u00e4 olisi ollut liian pitk\u00e4 aika odottaa seuraavia py\u00f6reit\u00e4.<\/p>\n<p class=\"article-body mb-nof-24 px-nof-16\">\u2013 Ei jaksa odottaa sit\u00e4 60-vuotisjuhlaa, se on jo aika brutaalia. T\u00e4lt\u00e4 alalta tyypillisesti l\u00e4hdet\u00e4\u00e4n vain hiljaa hiipumalla tai t\u00e4lleen komeesti saappaat jalassa, Syrj\u00e4 linjaa.<\/p>\n<p><img decoding=\"async\" src=\"https:\/\/www.europesays.com\/fi\/wp-content\/uploads\/2025\/11\/1762193588_178_468.jpg\" alt=\"Eppu Normaalilla on hurja m\u00e4\u00e4r\u00e4 suomalaisten rakastamia hittikappaleita.\" class=\"_Img_1rerz_1\" style=\"aspect-ratio:1.5\" loading=\"eager\"\/><\/p>\n<p class=\"article-picture-caption\">Eppu Normaalilla on hurja m\u00e4\u00e4r\u00e4 suomalaisten rakastamia hittikappaleita. Kuva:\u00a0Petteri Tuohinen \/ HS<\/p>\n<p class=\"article-body mb-nof-24 px-nof-16\">H\u00e4n korostaa, ett\u00e4 b\u00e4ndi haluaa lopettaa uransa Tampereelle.<\/p>\n<p class=\"article-body mb-nof-24 px-nof-16\">\u2013 P\u00e4\u00e4timme, ett\u00e4 olemme sen verran tamperelaisia ja yl\u00f6j\u00e4rvel\u00e4isi\u00e4, ett\u00e4 haluamme vet\u00e4\u00e4 kotiin p\u00e4in.<\/p>\n<p class=\"article-body mb-nof-24 px-nof-16\">Koskinen-Papunen kysyy, aikooko yhtye viel\u00e4 tehd\u00e4 musiikkia.<\/p>\n<p class=\"article-body mb-nof-24 px-nof-16\">\u2013 En uskalla sanoa, ett\u00e4 ei koskaan. Pantse voi keksi\u00e4 jonkun melodian, joka on kerta kaikkiaan teht\u00e4v\u00e4, Syrj\u00e4 vastaa viitaten Eppu Normaalin kitaristiin <a class=\"article-personlink\" href=\"https:\/\/www.is.fi\/haku\/?query=Pantse%20Syrj%C3%A4%C3%A4n\" rel=\"nofollow noopener\" target=\"_blank\">Pantse Syrj\u00e4\u00e4n<\/a>.<\/p>\n","protected":false},"excerpt":{"rendered":"Eppu Normaali lopettaa keikkailun ensi vuonna. Eppu Normaali -yhtyeen laulaja Martti Syrj\u00e4 kertoo MTV:n Viiden j\u00e4lkeen -ohjelmassa, ett\u00e4&hellip;\n","protected":false},"author":2,"featured_media":80115,"comment_status":"","ping_status":"","sticky":false,"template":"","format":"standard","meta":{"footnotes":""},"categories":[132],"tags":[137,33,31,30,34,195,47,32,109],"class_list":{"0":"post-80114","1":"post","2":"type-post","3":"status-publish","4":"format-standard","5":"has-post-thumbnail","7":"category-musiikki","8":"tag-entertainment","9":"tag-fi","10":"tag-finland","11":"tag-finnish","12":"tag-ilta-sanomat","13":"tag-music","14":"tag-musiikki","15":"tag-suomi","16":"tag-viihde"},"share_on_mastodon":{"url":"https:\/\/pubeurope.com\/@fi\/115487126709455935","error":""},"_links":{"self":[{"href":"https:\/\/www.europesays.com\/fi\/wp-json\/wp\/v2\/posts\/80114","targetHints":{"allow":["GET"]}}],"collection":[{"href":"https:\/\/www.europesays.com\/fi\/wp-json\/wp\/v2\/posts"}],"about":[{"href":"https:\/\/www.europesays.com\/fi\/wp-json\/wp\/v2\/types\/post"}],"author":[{"embeddable":true,"href":"https:\/\/www.europesays.com\/fi\/wp-json\/wp\/v2\/users\/2"}],"replies":[{"embeddable":true,"href":"https:\/\/www.europesays.com\/fi\/wp-json\/wp\/v2\/comments?post=80114"}],"version-history":[{"count":0,"href":"https:\/\/www.europesays.com\/fi\/wp-json\/wp\/v2\/posts\/80114\/revisions"}],"wp:featuredmedia":[{"embeddable":true,"href":"https:\/\/www.europesays.com\/fi\/wp-json\/wp\/v2\/media\/80115"}],"wp:attachment":[{"href":"https:\/\/www.europesays.com\/fi\/wp-json\/wp\/v2\/media?parent=80114"}],"wp:term":[{"taxonomy":"category","embeddable":true,"href":"https:\/\/www.europesays.com\/fi\/wp-json\/wp\/v2\/categories?post=80114"},{"taxonomy":"post_tag","embeddable":true,"href":"https:\/\/www.europesays.com\/fi\/wp-json\/wp\/v2\/tags?post=80114"}],"curies":[{"name":"wp","href":"https:\/\/api.w.org\/{rel}","templated":true}]}}