{"id":80128,"date":"2025-11-03T18:32:10","date_gmt":"2025-11-03T18:32:10","guid":{"rendered":"https:\/\/www.europesays.com\/fi\/80128\/"},"modified":"2025-11-03T18:32:10","modified_gmt":"2025-11-03T18:32:10","slug":"adsl-loppuu","status":"publish","type":"post","link":"https:\/\/www.europesays.com\/fi\/80128\/","title":{"rendered":"ADSL loppuu"},"content":{"rendered":"<p>ADSL-yhteydet katkeavat vuoden lopussa. Yhteytt\u00e4 k\u00e4ytt\u00e4\u00e4 Elisan mukaan viel\u00e4 noin 20 k\u00e4ytt\u00e4j\u00e4\u00e4.<\/p>\n<p><img decoding=\"async\" class=\"image image-show image-preview\" src=\"https:\/\/www.europesays.com\/fi\/wp-content\/uploads\/2025\/11\/949a00f77c04c6706bf0b8841fc02b369a7671dcf6d54748439294561695c3bd.jpg\" alt=\"\"\/><img decoding=\"async\" class=\"image image-show\" src=\"https:\/\/www.europesays.com\/fi\/wp-content\/uploads\/2025\/11\/1762194730_248_949a00f77c04c6706bf0b8841fc02b369a7671dcf6d54748439294561695c3bd.jpg\" alt=\"\"\/><\/p>\n<p>Valokuitu syrj\u00e4ytt\u00e4\u00e4 perinteisi\u00e4 kuparijohtojen tiedonsiirtoa. Kuvituskuva. colourbox<\/p>\n<p class=\"paragraph\">Elisa kertoo tiedotteessaan, ett\u00e4 ADSL-yhteydet katkeavat vuoden loppuun menness\u00e4. ADSL-yhteydell\u00e4 on edelleen noin 20 k\u00e4ytt\u00e4j\u00e4\u00e4.<\/p>\n<p class=\"paragraph\">Langallisiin puhelinverkkoihin yhdistetyt ADSL-modeemit toivat internet-yhteyden suomalaisten koteihin 2000-luvun vaihteessa.<\/p>\n<p class=\"paragraph\">\u2013 Se oli ensimm\u00e4inen askel kohti nykyist\u00e4 digitaalista arkea, jossa nopea ja luotettava nettiyhteys on yht\u00e4 t\u00e4rke\u00e4 kuin s\u00e4hk\u00f6 tai vesi, Elisa kertoo.<\/p>\n<p class=\"paragraph\">Maksimissaan ADSL-yhteydell\u00e4 kyettiin noin 20 megabitin sekuntinopeuksiin, mik\u00e4 riitti aikoinaan my\u00f6s verkkopelaamiseen. Nyky\u00e4\u00e4n verkkonopeudet ovat kehittyneet valokuitutekniikan avulla jopa 10 gigabitin sekuntinopeuksiin.<\/p>\n<p class=\"paragraph\">Nyky\u00e4\u00e4n internetilt\u00e4 vaaditaan enemm\u00e4n. Kodeissa voi olla useita \u00e4lylaitteita, kotoa saatetaan tehd\u00e4 et\u00e4t\u00f6it\u00e4 ja nykyinen verkkopelaaminen vaatii huomattavasti enemm\u00e4n kaistaa kuin 2000-luvun vaihteessa.<\/p>\n<p class=\"paragraph\">ADSL-yhteystekniikan seuraajana toimi VDSL. VDSL-tekniikan viimeisint\u00e4, vuonna 2015 julkaistua VDSL2+ Supervectoring -yhteystekniikkaa korvataan kuitupohjaisella tekniikalla.<\/p>\n","protected":false},"excerpt":{"rendered":"ADSL-yhteydet katkeavat vuoden lopussa. Yhteytt\u00e4 k\u00e4ytt\u00e4\u00e4 Elisan mukaan viel\u00e4 noin 20 k\u00e4ytt\u00e4j\u00e4\u00e4. Valokuitu syrj\u00e4ytt\u00e4\u00e4 perinteisi\u00e4 kuparijohtojen tiedonsiirtoa. Kuvituskuva.&hellip;\n","protected":false},"author":2,"featured_media":80129,"comment_status":"","ping_status":"","sticky":false,"template":"","format":"standard","meta":{"footnotes":""},"categories":[87],"tags":[35,33,31,30,148,631,633,632,32,91,92,149,634],"class_list":{"0":"post-80128","1":"post","2":"type-post","3":"status-publish","4":"format-standard","5":"has-post-thumbnail","7":"category-internet","8":"tag-24h","9":"tag-fi","10":"tag-finland","11":"tag-finnish","12":"tag-internet","13":"tag-matkapuhelimet-ja-mobiililaitteet","14":"tag-mobiiliteknologia","15":"tag-puhelin","16":"tag-suomi","17":"tag-technology","18":"tag-teknologia","19":"tag-tietojenkasittely-ja-informaatioteknologia","20":"tag-tietoliikenne"},"share_on_mastodon":{"url":"https:\/\/pubeurope.com\/@fi\/115487201402267437","error":""},"_links":{"self":[{"href":"https:\/\/www.europesays.com\/fi\/wp-json\/wp\/v2\/posts\/80128","targetHints":{"allow":["GET"]}}],"collection":[{"href":"https:\/\/www.europesays.com\/fi\/wp-json\/wp\/v2\/posts"}],"about":[{"href":"https:\/\/www.europesays.com\/fi\/wp-json\/wp\/v2\/types\/post"}],"author":[{"embeddable":true,"href":"https:\/\/www.europesays.com\/fi\/wp-json\/wp\/v2\/users\/2"}],"replies":[{"embeddable":true,"href":"https:\/\/www.europesays.com\/fi\/wp-json\/wp\/v2\/comments?post=80128"}],"version-history":[{"count":0,"href":"https:\/\/www.europesays.com\/fi\/wp-json\/wp\/v2\/posts\/80128\/revisions"}],"wp:featuredmedia":[{"embeddable":true,"href":"https:\/\/www.europesays.com\/fi\/wp-json\/wp\/v2\/media\/80129"}],"wp:attachment":[{"href":"https:\/\/www.europesays.com\/fi\/wp-json\/wp\/v2\/media?parent=80128"}],"wp:term":[{"taxonomy":"category","embeddable":true,"href":"https:\/\/www.europesays.com\/fi\/wp-json\/wp\/v2\/categories?post=80128"},{"taxonomy":"post_tag","embeddable":true,"href":"https:\/\/www.europesays.com\/fi\/wp-json\/wp\/v2\/tags?post=80128"}],"curies":[{"name":"wp","href":"https:\/\/api.w.org\/{rel}","templated":true}]}}