{"id":80132,"date":"2025-11-03T18:38:08","date_gmt":"2025-11-03T18:38:08","guid":{"rendered":"https:\/\/www.europesays.com\/fi\/80132\/"},"modified":"2025-11-03T18:38:08","modified_gmt":"2025-11-03T18:38:08","slug":"tasta-syysta-jaakon-motivaatio-voittaa-laski-jo-ennen-eramaahan-menoa-alone-suomessa","status":"publish","type":"post","link":"https:\/\/www.europesays.com\/fi\/80132\/","title":{"rendered":"T\u00e4st\u00e4 syyst\u00e4 Jaakon motivaatio voittaa laski jo ennen er\u00e4maahan menoa Alone Suomessa"},"content":{"rendered":"<p><strong class=\"typography-bold\">Jaakko, 41, vietti er\u00e4maassa viisi p\u00e4iv\u00e4\u00e4 Alone Suomi -ohjelmassa. H\u00e4n tajusi jo bootcampilla ennen er\u00e4maahan menoa, ett\u00e4 mukana on todella kovia kilpailijoita.\u00a0<\/strong><\/p>\n<p>Biologi<strong class=\"typography-bold\"> Jaakko<\/strong>, 41, kuvailee matkaansa<a class=\"underline\" data-testid=\"internal-link\" role=\"link\" data-sentry-element=\"Link\" data-sentry-component=\"InternalLink\" data-sentry-source-file=\"InternalLink.tsx\" href=\"https:\/\/www.mtvuutiset.fi\/aihe\/alone-suomi\/9168296\" rel=\"nofollow noopener\" target=\"_blank\"> Alone Suomi <\/a>-ohjelmassa lyhyeksi, mutta mukavaksi. H\u00e4n vietti er\u00e4maassa viisi p\u00e4iv\u00e4\u00e4 ja lopetti kilpailun omalla p\u00e4\u00e4t\u00f6ksell\u00e4\u00e4n.<\/p>\n<p>Jaakon kilpailuvietti laski jo bootcampilla, miss\u00e4 kilpailijoita valmisteltiin noin viikko ennen kuin heid\u00e4t j\u00e4tettiin Inarin er\u00e4maahan oman onnensa nojaan.\u00a0<\/p>\n<p>\u2013 Tajusin, ett\u00e4 t\u00e4\u00e4ll\u00e4 on niin kovia tekij\u00f6it\u00e4, ett\u00e4 t\u00e4ss\u00e4 voi menn\u00e4 kaksikin kuukautta. Minulle tuli motivaatiokuoppa. Mutta yll\u00e4tyin silti, ett\u00e4 olin siell\u00e4 niin v\u00e4h\u00e4n aikaa, Jaakko kertoo MTV Uutisille.\u00a0<\/p>\n<p>Lue my\u00f6s: <a class=\"underline\" data-testid=\"internal-link\" role=\"link\" data-sentry-element=\"Link\" data-sentry-component=\"InternalLink\" data-sentry-source-file=\"InternalLink.tsx\" href=\"https:\/\/www.mtvuutiset.fi\/artikkeli\/jaakko-41-irtisanoutui-tyostaan-alone-suomi-ohjelman-vuoksi-pomo-ei-antanut-lupaa-lahtea\/9211966\" rel=\"nofollow noopener\" target=\"_blank\">Jaakko, 41, irtisanoutui ty\u00f6st\u00e4\u00e4n Alone Suomi -ohjelman vuoksi: &#8221;Pomo ei antanut lupaa l\u00e4hte\u00e4&#8221;<\/a><\/p>\n","protected":false},"excerpt":{"rendered":"Jaakko, 41, vietti er\u00e4maassa viisi p\u00e4iv\u00e4\u00e4 Alone Suomi -ohjelmassa. H\u00e4n tajusi jo bootcampilla ennen er\u00e4maahan menoa, ett\u00e4 mukana&hellip;\n","protected":false},"author":2,"featured_media":80133,"comment_status":"","ping_status":"","sticky":false,"template":"","format":"standard","meta":{"footnotes":""},"categories":[133],"tags":[137,33,31,30,32,206,156,109],"class_list":{"0":"post-80132","1":"post","2":"type-post","3":"status-publish","4":"format-standard","5":"has-post-thumbnail","7":"category-televisiot","8":"tag-entertainment","9":"tag-fi","10":"tag-finland","11":"tag-finnish","12":"tag-suomi","13":"tag-televisiot","14":"tag-tv","15":"tag-viihde"},"share_on_mastodon":{"url":"https:\/\/pubeurope.com\/@fi\/115487224978208402","error":""},"_links":{"self":[{"href":"https:\/\/www.europesays.com\/fi\/wp-json\/wp\/v2\/posts\/80132","targetHints":{"allow":["GET"]}}],"collection":[{"href":"https:\/\/www.europesays.com\/fi\/wp-json\/wp\/v2\/posts"}],"about":[{"href":"https:\/\/www.europesays.com\/fi\/wp-json\/wp\/v2\/types\/post"}],"author":[{"embeddable":true,"href":"https:\/\/www.europesays.com\/fi\/wp-json\/wp\/v2\/users\/2"}],"replies":[{"embeddable":true,"href":"https:\/\/www.europesays.com\/fi\/wp-json\/wp\/v2\/comments?post=80132"}],"version-history":[{"count":0,"href":"https:\/\/www.europesays.com\/fi\/wp-json\/wp\/v2\/posts\/80132\/revisions"}],"wp:featuredmedia":[{"embeddable":true,"href":"https:\/\/www.europesays.com\/fi\/wp-json\/wp\/v2\/media\/80133"}],"wp:attachment":[{"href":"https:\/\/www.europesays.com\/fi\/wp-json\/wp\/v2\/media?parent=80132"}],"wp:term":[{"taxonomy":"category","embeddable":true,"href":"https:\/\/www.europesays.com\/fi\/wp-json\/wp\/v2\/categories?post=80132"},{"taxonomy":"post_tag","embeddable":true,"href":"https:\/\/www.europesays.com\/fi\/wp-json\/wp\/v2\/tags?post=80132"}],"curies":[{"name":"wp","href":"https:\/\/api.w.org\/{rel}","templated":true}]}}