{"id":80181,"date":"2025-11-03T19:39:08","date_gmt":"2025-11-03T19:39:08","guid":{"rendered":"https:\/\/www.europesays.com\/fi\/80181\/"},"modified":"2025-11-03T19:39:08","modified_gmt":"2025-11-03T19:39:08","slug":"kymmenet-miljoonat-yhdysvaltalaiset-ovat-saamassa-vain-puolet-normaalista-ruoka-avustaan-uutisia-lyhyesti","status":"publish","type":"post","link":"https:\/\/www.europesays.com\/fi\/80181\/","title":{"rendered":"Kymmenet miljoonat yhdys\u00advaltalaiset ovat saamassa vain puolet normaa\u00adlista ruoka-avustaan | Uutisia lyhyesti"},"content":{"rendered":"<p class=\"aw-1gybjub aw-5vja16 ghpEtB kjanFo yle__article__paragraph\">Tuomarit m\u00e4\u00e4r\u00e4siv\u00e4t presidentti Donald Trumpin hallintoa k\u00e4ytt\u00e4m\u00e4\u00e4n h\u00e4t\u00e4rahastoa ruokakuponkien maksamiseen, mutta rahaston rahat riitt\u00e4v\u00e4t vain noin puoleen kuukauden ruoka-avusta.<\/p>\n<p><img decoding=\"async\" alt=\"Ihmisi\u00e4 ruoka-apujonossa Miamissa Floridassa.\" src=\"https:\/\/www.europesays.com\/fi\/wp-content\/uploads\/2025\/11\/39-15480216908f69f9f0a1.jpeg\" class=\"aw-1l9m598 hKVVvP\"\/><\/p>\n<p>Avaa kuvien katselu<\/p>\n<p>Ihmisi\u00e4 ruoka-apujonossa Miamissa Floridassa 30.10.2025. Kuva: Joe Raedle \/ AFP<\/p>\n<p>20:33\u2022P\u00e4ivitetty 20:47<\/p>\n<p class=\"aw-1gybjub aw-1p7kakr ghpEtB jtovHP yle__article__paragraph\">Noin 42 miljoonaa v\u00e4h\u00e4varaista yhdysvaltalaista saa t\u00e4ss\u00e4 kuussa vain noin puolet normaalista ruoka-avustaan, maan viranomaiset kertoivat maanantaina.<\/p>\n<p class=\"aw-1gybjub aw-1p7kakr ghpEtB jtovHP yle__article__paragraph\">Ruoka-apuohjelman varat loppuivat viikonloppuna liittovaltion hallinnon sulun vuoksi. Tuomarit m\u00e4\u00e4r\u00e4siv\u00e4t perjantaina presidentti <strong class=\"aw-ak79eh KyCXm yle__article__strong\">Donald Trumpin<\/strong> hallintoa k\u00e4ytt\u00e4m\u00e4\u00e4n runsaan 4,5 miljardin dollarin h\u00e4t\u00e4rahastoa ruokakuponkien maksamiseen, mutta rahaston rahat riitt\u00e4v\u00e4t vain noin puoleen kuukauden ruoka-avusta.<\/p>\n<p class=\"aw-1gybjub aw-1p7kakr ghpEtB jtovHP yle__article__paragraph\">Trumpin hallinnon mukaan ruoka-apua ei rahoiteta muista l\u00e4hteist\u00e4, joten t\u00e4m\u00e4n kuun ruoka-avusta vain noin puolet toimitetaan.<\/p>\n<p class=\"aw-1gybjub aw-1p7kakr ghpEtB jtovHP yle__article__paragraph\">Liittovaltion hallinnon sulku jatkuu jo toista kuukautta, mink\u00e4 vuoksi monet liittovaltion ty\u00f6ntekij\u00e4t ovat j\u00e4\u00e4neet ilman palkkaa ja miljoonat yhdysvaltalaiset ovat k\u00e4rsineet peruspalveluiden puutteesta.<\/p>\n<p class=\"aw-1gybjub aw-1p7kakr ghpEtB jtovHP yle__article__paragraph\">Kiistan ytimess\u00e4 on Obamacare-lakipaketin rahoitus, jolla kustannetaan yli 20 miljoonan yhdysvaltalaisen terveysvakuutus.<\/p>\n<p class=\"aw-1gybjub aw-1p7kakr ghpEtB jtovHP yle__article__paragraph\">Rahoitus on p\u00e4\u00e4ttym\u00e4ss\u00e4 vuodenvaihteessa. Demokraatit eiv\u00e4t suostu lopettamaan sulkua, ellei rahoitusta jatketa, kun taas republikaanit eiv\u00e4t suostu neuvottelemaan asiasta ennen kuin sulku on p\u00e4\u00e4ttynyt.<\/p>\n","protected":false},"excerpt":{"rendered":"Tuomarit m\u00e4\u00e4r\u00e4siv\u00e4t presidentti Donald Trumpin hallintoa k\u00e4ytt\u00e4m\u00e4\u00e4n h\u00e4t\u00e4rahastoa ruokakuponkien maksamiseen, mutta rahaston rahat riitt\u00e4v\u00e4t vain noin puoleen kuukauden&hellip;\n","protected":false},"author":2,"featured_media":80182,"comment_status":"","ping_status":"","sticky":false,"template":"","format":"standard","meta":{"footnotes":""},"categories":[14],"tags":[22,23,26,27,33,31,30,17,24,25,28,29,15,18,21,9856,32,19,20,56,16,59,60,61,619,14485,1868],"class_list":{"0":"post-80181","1":"post","2":"type-post","3":"status-publish","4":"format-standard","5":"has-post-thumbnail","7":"category-ulkomaat","8":"tag-breaking-news","9":"tag-breakingnews","10":"tag-featured-news","11":"tag-featurednews","12":"tag-fi","13":"tag-finland","14":"tag-finnish","15":"tag-headlines","16":"tag-latest-news","17":"tag-latestnews","18":"tag-main-news","19":"tag-mainnews","20":"tag-news","21":"tag-otsikot","22":"tag-paauutiset","23":"tag-ruoka-apu","24":"tag-suomi","25":"tag-top-stories","26":"tag-topstories","27":"tag-ulkomaat","28":"tag-uutiset","29":"tag-world","30":"tag-world-news","31":"tag-worldnews","32":"tag-yhdysvallat","33":"tag-yhdysvaltain-hallinnon-sulkeminen","34":"tag-yhdysvaltain-liittovaltion-hallinto"},"share_on_mastodon":{"url":"https:\/\/pubeurope.com\/@fi\/115487464833902818","error":""},"_links":{"self":[{"href":"https:\/\/www.europesays.com\/fi\/wp-json\/wp\/v2\/posts\/80181","targetHints":{"allow":["GET"]}}],"collection":[{"href":"https:\/\/www.europesays.com\/fi\/wp-json\/wp\/v2\/posts"}],"about":[{"href":"https:\/\/www.europesays.com\/fi\/wp-json\/wp\/v2\/types\/post"}],"author":[{"embeddable":true,"href":"https:\/\/www.europesays.com\/fi\/wp-json\/wp\/v2\/users\/2"}],"replies":[{"embeddable":true,"href":"https:\/\/www.europesays.com\/fi\/wp-json\/wp\/v2\/comments?post=80181"}],"version-history":[{"count":0,"href":"https:\/\/www.europesays.com\/fi\/wp-json\/wp\/v2\/posts\/80181\/revisions"}],"wp:featuredmedia":[{"embeddable":true,"href":"https:\/\/www.europesays.com\/fi\/wp-json\/wp\/v2\/media\/80182"}],"wp:attachment":[{"href":"https:\/\/www.europesays.com\/fi\/wp-json\/wp\/v2\/media?parent=80181"}],"wp:term":[{"taxonomy":"category","embeddable":true,"href":"https:\/\/www.europesays.com\/fi\/wp-json\/wp\/v2\/categories?post=80181"},{"taxonomy":"post_tag","embeddable":true,"href":"https:\/\/www.europesays.com\/fi\/wp-json\/wp\/v2\/tags?post=80181"}],"curies":[{"name":"wp","href":"https:\/\/api.w.org\/{rel}","templated":true}]}}