{"id":80316,"date":"2025-11-03T23:09:08","date_gmt":"2025-11-03T23:09:08","guid":{"rendered":"https:\/\/www.europesays.com\/fi\/80316\/"},"modified":"2025-11-03T23:09:08","modified_gmt":"2025-11-03T23:09:08","slug":"vasikka-sai-alkunsa-teurastetun-sonnin-siittioista-ensimmaista-kertaa-pohjoismaissa-uutisia-lyhyesti","status":"publish","type":"post","link":"https:\/\/www.europesays.com\/fi\/80316\/","title":{"rendered":"Vasikka sai alkunsa teurastetun sonnin siitti\u00f6ist\u00e4 ensimm\u00e4ist\u00e4 kertaa pohjoismaissa | Uutisia lyhyesti"},"content":{"rendered":"<p class=\"aw-1gybjub aw-5vja16 ghpEtB kjanFo yle__article__paragraph\">Luken mukaan kyseess\u00e4 on merkitt\u00e4v\u00e4 keinollisen lis\u00e4\u00e4ntymisteknologian saavutus.<\/p>\n<p class=\"aw-1gybjub aw-1p7kakr ghpEtB jtovHP yle__article__paragraph\">Pohjoismaissa on syntynyt ensimm\u00e4ist\u00e4 kertaa vasikoita, jotka ovat saaneet alkunsa teurastetun sonnin lis\u00e4kivessiitti\u00f6ist\u00e4. Asiasta kertoo <a class=\"aw-iao6s4 iHOxEa yle__article__link\" href=\"https:\/\/www.luke.fi\/fi\/uutiset\/historiallinen-lapimurto-alkuperaisrotujen-suojelussa-kyyttovasikat-saivat-alkunsa-teurastetun-sonnin-lisakivessiittioista\" role=\"link\" rel=\"nofollow noopener\" target=\"_blank\">Luonnonvarakeskus<\/a> (Luke).<\/p>\n<p class=\"aw-1gybjub aw-1p7kakr ghpEtB jtovHP yle__article__paragraph\">Uuden menetelm\u00e4n avulla syntyi Kajaanissa syksyll\u00e4 kaksi it\u00e4suomenkarjan sonnivasikkaa. Menetelm\u00e4ss\u00e4 sonnin lis\u00e4kiveksist\u00e4 ker\u00e4t\u00e4\u00e4n teurastuksen j\u00e4lkeen siitti\u00f6it\u00e4, joilla lehm\u00e4t keinosiemennet\u00e4\u00e4n.<\/p>\n<p class=\"aw-1gybjub aw-1p7kakr ghpEtB jtovHP yle__article__paragraph\">Luken mukaan kyseess\u00e4 on merkitt\u00e4v\u00e4 keinollisen lis\u00e4\u00e4ntymisteknologian saavutus ja t\u00e4rke\u00e4 virstanpylv\u00e4s alkuper\u00e4isrotujen s\u00e4ilytysty\u00f6ss\u00e4. Kainuun ammattiopiston karja Kajaanissa on keskeinen osa it\u00e4suomenkarjan s\u00e4ilytysty\u00f6t\u00e4.<\/p>\n<p class=\"aw-1gybjub aw-1p7kakr ghpEtB jtovHP yle__article__paragraph\">\u2013 Karjamme toimii el\u00e4v\u00e4n\u00e4 geenipankkina, jossa harvinaista rotua kasvatetaan ja suojellaan. Nyt syntyneet sonnivasikat ovat t\u00e4rke\u00e4 lis\u00e4 t\u00e4h\u00e4n ty\u00f6h\u00f6n, kertoi Kainuun ammattiosaston koulutusp\u00e4\u00e4llikk\u00f6 Renne S\u00e4nisalmi tiedotteessa.<\/p>\n","protected":false},"excerpt":{"rendered":"Luken mukaan kyseess\u00e4 on merkitt\u00e4v\u00e4 keinollisen lis\u00e4\u00e4ntymisteknologian saavutus. Pohjoismaissa on syntynyt ensimm\u00e4ist\u00e4 kertaa vasikoita, jotka ovat saaneet alkunsa&hellip;\n","protected":false},"author":2,"featured_media":74,"comment_status":"","ping_status":"","sticky":false,"template":"","format":"standard","meta":{"footnotes":""},"categories":[5],"tags":[22,23,26,27,33,31,30,17,71,24,25,1959,1445,28,29,15,18,21,16823,32,19,20,16,16824],"class_list":{"0":"post-80316","1":"post","2":"type-post","3":"status-publish","4":"format-standard","5":"has-post-thumbnail","7":"category-otsikot","8":"tag-breaking-news","9":"tag-breakingnews","10":"tag-featured-news","11":"tag-featurednews","12":"tag-fi","13":"tag-finland","14":"tag-finnish","15":"tag-headlines","16":"tag-kotimaa","17":"tag-latest-news","18":"tag-latestnews","19":"tag-luonnonvarakeskus","20":"tag-maatalous","21":"tag-main-news","22":"tag-mainnews","23":"tag-news","24":"tag-otsikot","25":"tag-paauutiset","26":"tag-sonnit","27":"tag-suomi","28":"tag-top-stories","29":"tag-topstories","30":"tag-uutiset","31":"tag-vasikat"},"share_on_mastodon":{"url":"https:\/\/pubeurope.com\/@fi\/115488290353477368","error":""},"_links":{"self":[{"href":"https:\/\/www.europesays.com\/fi\/wp-json\/wp\/v2\/posts\/80316","targetHints":{"allow":["GET"]}}],"collection":[{"href":"https:\/\/www.europesays.com\/fi\/wp-json\/wp\/v2\/posts"}],"about":[{"href":"https:\/\/www.europesays.com\/fi\/wp-json\/wp\/v2\/types\/post"}],"author":[{"embeddable":true,"href":"https:\/\/www.europesays.com\/fi\/wp-json\/wp\/v2\/users\/2"}],"replies":[{"embeddable":true,"href":"https:\/\/www.europesays.com\/fi\/wp-json\/wp\/v2\/comments?post=80316"}],"version-history":[{"count":0,"href":"https:\/\/www.europesays.com\/fi\/wp-json\/wp\/v2\/posts\/80316\/revisions"}],"wp:featuredmedia":[{"embeddable":true,"href":"https:\/\/www.europesays.com\/fi\/wp-json\/wp\/v2\/media\/74"}],"wp:attachment":[{"href":"https:\/\/www.europesays.com\/fi\/wp-json\/wp\/v2\/media?parent=80316"}],"wp:term":[{"taxonomy":"category","embeddable":true,"href":"https:\/\/www.europesays.com\/fi\/wp-json\/wp\/v2\/categories?post=80316"},{"taxonomy":"post_tag","embeddable":true,"href":"https:\/\/www.europesays.com\/fi\/wp-json\/wp\/v2\/tags?post=80316"}],"curies":[{"name":"wp","href":"https:\/\/api.w.org\/{rel}","templated":true}]}}