{"id":80410,"date":"2025-11-04T02:37:12","date_gmt":"2025-11-04T02:37:12","guid":{"rendered":"https:\/\/www.europesays.com\/fi\/80410\/"},"modified":"2025-11-04T02:37:12","modified_gmt":"2025-11-04T02:37:12","slug":"poliiseja-odotti-karmea-naky-mersun-takapenkilla-mies-ja-nainen-pahoinpitelivat-28-vuotiaan-raaalla-tavalla","status":"publish","type":"post","link":"https:\/\/www.europesays.com\/fi\/80410\/","title":{"rendered":"Poliiseja odotti karmea n\u00e4ky Mersun takapenkill\u00e4 \u2013 Mies ja nainen pahoinpiteliv\u00e4t 28-vuotiaan raa\u2019alla tavalla"},"content":{"rendered":"<p>28-vuotiaan naisen t\u00f6rke\u00e4ll\u00e4 tavalla pahoinpidellyt kaksikko tuomittiin ehdottomiin vankeusrangaistuksiin.<\/p>\n<p><img decoding=\"async\" class=\"image image-show image-preview\" src=\"https:\/\/www.europesays.com\/fi\/wp-content\/uploads\/2025\/11\/cc7e92daecb98e1e682457caa2bf66df2b15db07893695cbfe23b4a8d546127f.jpg\" alt=\"\"\/><img decoding=\"async\" class=\"image image-show\" src=\"https:\/\/www.europesays.com\/fi\/wp-content\/uploads\/2025\/11\/1762223832_441_cc7e92daecb98e1e682457caa2bf66df2b15db07893695cbfe23b4a8d546127f.jpg\" alt=\"\"\/><\/p>\n<p>28-vuotias nainen l\u00f6ytyi ruhjottuna autosta Espoossa 1. lokakuuta 2023. poliisin esitutkintamateriaali<\/p>\n<p class=\"paragraph\">L\u00e4nsi-Uudenmaan k\u00e4r\u00e4j\u00e4oikeus on antanut tuomionsa Espoossa syksyll\u00e4 2023 tapahtuneesta v\u00e4kivallanteosta.<\/p>\n<p class=\"paragraph\">28-vuotias nainen l\u00f6ytyi ruhjottuna auton takapenkilt\u00e4 romukasan alta 1. lokakuuta. H\u00e4nt\u00e4 oli ly\u00f6ty nyrkeill\u00e4, revitty hiuksista, potkittu ja kuristettu.<\/p>\n<p class=\"paragraph\">Tapahtumat saivat alkunsa sunnuntain vastaisena y\u00f6n\u00e4.<\/p>\n<p class=\"paragraph\">Naisen entinen kumppani ep\u00e4ili, ett\u00e4 nainen varasti h\u00e4nen pankkikorttinsa ja k\u00e4skytti naisen kahden kaverinsa kanssa tummaan Mersuun. Ex-kumppani hypp\u00e4si ratin taakse.<\/p>\n<p class=\"paragraph\">Nainen sidottiin turvav\u00f6ill\u00e4 auton takapenkille. H\u00e4net uhattiin vied\u00e4 mets\u00e4\u00e4n tapettavaksi ja h\u00e4nen sormensa katkoa pihdeill\u00e4.<\/p>\n<p class=\"paragraph\">\u2013 En saanu henke\u00e4 ja tunsin, ett\u00e4 kukaan ei voi mua auttaa, nainen kertoi tapahtumista my\u00f6hemmin poliisille.<\/p>\n<p class=\"paragraph\">\u2013 Hypp\u00e4sin siit\u00e4 liikkuvasta autosta ulos ja aloin huutaa apua. Ne sai mut kuitenkin kiinni.<\/p>\n<p class=\"paragraph\">V\u00e4kivalta kesti noin kaksi tuntia. Tilanne p\u00e4\u00e4ttyi aamuy\u00f6ll\u00e4 sivullisten soitettua h\u00e4t\u00e4keskukseen. He olivat n\u00e4hneet pahoinpitelyn sek\u00e4 autoon pakottamisen.<\/p>\n<p>Nainen kuoli ennen tuomiota<\/p>\n<p>Nainen oli sullottu takapenkille romukasan alle. poliisin esitutkintamateriaali<\/p>\n<p class=\"paragraph\">Poliisit l\u00f6ysiv\u00e4t tuntomerkkeihin vastanneen Mersun noin kolmen vartin kuluttua. Auton takatilasta kuului avunhuutoja.<\/p>\n<p class=\"paragraph\">Takapenkill\u00e4 romukasan p\u00e4\u00e4ll\u00e4 istui nelikymppinen nainen. Kasan alta pilkotti parikymppisen uhrin p\u00e4\u00e4.<\/p>\n<p class=\"paragraph\">28-vuotias nainen kertoi poliisille joutuneensa \u201draa\u2019an fyysisen ja psyykkisen v\u00e4kivallan\u201d uhriksi. Poliisi ep\u00e4ilikin kolmikkoa t\u00f6rke\u00e4st\u00e4 pahoinpitelyst\u00e4 ja t\u00f6rke\u00e4st\u00e4 vapaudenriistosta.<\/p>\n<p class=\"paragraph\">Asian esitutkinta valmistui jo tapahtumavuoden marraskuussa.<\/p>\n<p>Nainen oli k\u00f6ytetty turvav\u00f6ill\u00e4, h\u00e4nen hiuksiaan oli leikelty. poliisin esitutkintamateriaali<\/p>\n<p class=\"paragraph\">Oikeudenk\u00e4ynti oli m\u00e4\u00e4r\u00e4 pit\u00e4\u00e4 L\u00e4nsi-Uudenmaan k\u00e4r\u00e4j\u00e4oikeudessa joulukuussa 2023. Istunto peruttiin, sill\u00e4 uhri ei saapunut paikan p\u00e4\u00e4lle. Lopulta oikeudenk\u00e4ynti saatiin pidetty\u00e4 vasta kes\u00e4ll\u00e4 2025.<\/p>\n<p class=\"paragraph\">Iltalehden tietojen mukaan v\u00e4kivallanteon uhri kuoli 1. hein\u00e4kuuta.<\/p>\n<p class=\"paragraph\">L\u00e4nsi-Uudenmaan k\u00e4r\u00e4j\u00e4oikeus antoi tuomionsa asiassa t\u00e4n\u00e4\u00e4n 3. marraskuuta.<\/p>\n<p class=\"paragraph\">K\u00e4r\u00e4j\u00e4oikeus katsoi, ettei autoa kuljettanut ex-miesyst\u00e4v\u00e4 osallistunut uhrin pahoinpitelyyn. H\u00e4nen osaltaan syyte kaatui.<\/p>\n<p class=\"paragraph\">Sen sijaan takapenkill\u00e4 istunut nainen ja apukuskin paikalla istunut mies tuomittiin t\u00f6rke\u00e4st\u00e4 pahoinpitelyst\u00e4. Oikeus arvioi, ett\u00e4 pahoinpitely oli tehty erityisen raa\u2019alla ja julmalla sek\u00e4 my\u00f6s n\u00f6yryytt\u00e4v\u00e4ll\u00e4 tavalla.<\/p>\n<p>Ehdotonta vankeutta<\/p>\n<p>Henri Gr\u00f6nberg (vas.) ja Sanna Raitakari tuomittiin t\u00f6rkeist\u00e4 rikoksista ehdottomiin vankeusrangaistuksiin. Jani Korpela<\/p>\n<p class=\"paragraph\">L\u00e4nsi-Uudenmaan k\u00e4r\u00e4j\u00e4oikeus tuomitsi <strong>Sanna Marika Raitakarin<\/strong>, 41, t\u00f6rke\u00e4st\u00e4 pahoinpitelyst\u00e4 ja t\u00f6rke\u00e4st\u00e4 vapaudenriistosta kahdeksi vuodeksi ja yhdeksi kuukaudeksi vankeuteen.<\/p>\n<p class=\"paragraph\"><strong>Henri Matias Gr\u00f6nberg<\/strong>, 26, tuomittiin samoista rikoksista vuodeksi ja yhdeks\u00e4ksi kuukaudeksi vankeuteen. Gr\u00f6nbergin rangaistusta alensi h\u00e4nelle vastik\u00e4\u00e4n tuomitut vankeusrangaistukset: toinen pituudeltaan kaksi vuotta, toinen hieman yli vuoden.<\/p>\n<p class=\"paragraph\">K\u00e4r\u00e4j\u00e4oikeus tuomitsi lis\u00e4ksi uhrin entisen kumppanin, t\u00e4t\u00e4 nyky\u00e4 26-vuotiaan miehen, t\u00f6rke\u00e4st\u00e4 vapaudenriistosta kahdeksaksi kuukaudeksi vankeuteen. Kaikki vankeusrangaistukset m\u00e4\u00e4r\u00e4ttiin ehdottomina.<\/p>\n<p class=\"paragraph\">Gr\u00f6nbergin ja Raitakarin on maksettava uhrin kuolinpes\u00e4lle yhteens\u00e4 4\u00a0500 euroa vahingonkorvauksia t\u00f6rke\u00e4st\u00e4 pahoinpitelyst\u00e4.<\/p>\n<p class=\"paragraph\">Lis\u00e4ksi kaikkien tuomittujen on maksettava kuolinpes\u00e4lle vapaudenriistosta yhteens\u00e4 2\u00a0500 euroa k\u00e4rsimyskorvauksia.<\/p>\n<p class=\"paragraph\">Tuomio ei ole lainvoimainen.<\/p>\n<p>Oikeus katsoi v\u00e4kivallantekojen olleen raakoja, julmia ja n\u00f6yryytt\u00e4vi\u00e4. poliisin esitutkintamateriaali<\/p>\n","protected":false},"excerpt":{"rendered":"28-vuotiaan naisen t\u00f6rke\u00e4ll\u00e4 tavalla pahoinpidellyt kaksikko tuomittiin ehdottomiin vankeusrangaistuksiin. 28-vuotias nainen l\u00f6ytyi ruhjottuna autosta Espoossa 1. lokakuuta 2023.&hellip;\n","protected":false},"author":2,"featured_media":80411,"comment_status":"","ping_status":"","sticky":false,"template":"","format":"standard","meta":{"footnotes":""},"categories":[5],"tags":[35,22,23,26,27,33,31,30,17,2288,53,24,25,28,29,15,977,976,18,21,38,32,19,20,16],"class_list":{"0":"post-80410","1":"post","2":"type-post","3":"status-publish","4":"format-standard","5":"has-post-thumbnail","7":"category-otsikot","8":"tag-24h","9":"tag-breaking-news","10":"tag-breakingnews","11":"tag-featured-news","12":"tag-featurednews","13":"tag-fi","14":"tag-finland","15":"tag-finnish","16":"tag-headlines","17":"tag-karajaoikeus","18":"tag-laki-oikeus-ja-rikos","19":"tag-latest-news","20":"tag-latestnews","21":"tag-main-news","22":"tag-mainnews","23":"tag-news","24":"tag-oikeusistuimet","25":"tag-oikeusprosessit","26":"tag-otsikot","27":"tag-paauutiset","28":"tag-rikos","29":"tag-suomi","30":"tag-top-stories","31":"tag-topstories","32":"tag-uutiset"},"share_on_mastodon":{"url":"https:\/\/pubeurope.com\/@fi\/115489108463416555","error":""},"_links":{"self":[{"href":"https:\/\/www.europesays.com\/fi\/wp-json\/wp\/v2\/posts\/80410","targetHints":{"allow":["GET"]}}],"collection":[{"href":"https:\/\/www.europesays.com\/fi\/wp-json\/wp\/v2\/posts"}],"about":[{"href":"https:\/\/www.europesays.com\/fi\/wp-json\/wp\/v2\/types\/post"}],"author":[{"embeddable":true,"href":"https:\/\/www.europesays.com\/fi\/wp-json\/wp\/v2\/users\/2"}],"replies":[{"embeddable":true,"href":"https:\/\/www.europesays.com\/fi\/wp-json\/wp\/v2\/comments?post=80410"}],"version-history":[{"count":0,"href":"https:\/\/www.europesays.com\/fi\/wp-json\/wp\/v2\/posts\/80410\/revisions"}],"wp:featuredmedia":[{"embeddable":true,"href":"https:\/\/www.europesays.com\/fi\/wp-json\/wp\/v2\/media\/80411"}],"wp:attachment":[{"href":"https:\/\/www.europesays.com\/fi\/wp-json\/wp\/v2\/media?parent=80410"}],"wp:term":[{"taxonomy":"category","embeddable":true,"href":"https:\/\/www.europesays.com\/fi\/wp-json\/wp\/v2\/categories?post=80410"},{"taxonomy":"post_tag","embeddable":true,"href":"https:\/\/www.europesays.com\/fi\/wp-json\/wp\/v2\/tags?post=80410"}],"curies":[{"name":"wp","href":"https:\/\/api.w.org\/{rel}","templated":true}]}}