{"id":80510,"date":"2025-11-04T05:37:12","date_gmt":"2025-11-04T05:37:12","guid":{"rendered":"https:\/\/www.europesays.com\/fi\/80510\/"},"modified":"2025-11-04T05:37:12","modified_gmt":"2025-11-04T05:37:12","slug":"suomi-aloittaa-pian-f-35-osien-tuotannon-linjaamatta-on-viela-sallitaanko-niiden-vienti-myos-israeliin-politiikka","status":"publish","type":"post","link":"https:\/\/www.europesays.com\/fi\/80510\/","title":{"rendered":"Suomi aloittaa pian F-35-osien tuotannon \u2013 linjaamatta on viel\u00e4, sallitaanko niiden vienti my\u00f6s Israeliin | Politiikka"},"content":{"rendered":"<p class=\"aw-1gybjub aw-1p7kakr ghpEtB jtovHP yle__article__paragraph\">Gazan aselepo rakoilee pahoin, kun sek\u00e4 Israel ett\u00e4 Hamas testaavat tulitauon rajoja. Sodan osapuolet surmaavat edelleen miltei p\u00e4ivitt\u00e4in ihmisi\u00e4 t\u00e4ll\u00e4 365 neli\u00f6kilometrin maakaistaleella.<\/p>\n<p class=\"aw-1gybjub aw-1p7kakr ghpEtB jtovHP yle__article__paragraph\">YK:n riippumaton tutkintakomissio on syyskuussa 2025 todennut, ett\u00e4 Israel syyllistyy Gazassa kansanmurhaan. Kansainv\u00e4liset ihmisoikeusj\u00e4rjest\u00f6t ovat olleet samoilla linjoilla.<\/p>\n<p class=\"aw-1gybjub aw-1p7kakr ghpEtB jtovHP yle__article__paragraph\">Israelin kovakourainen sotiminen Gazassa on nyt Hollannissa johtanut siihen, ett\u00e4 maa ei t\u00e4ll\u00e4 hetkell\u00e4 vie F-35-h\u00e4vitt\u00e4jien osia Israeliin. Hollannin ulkoministeri <strong class=\"aw-ak79eh KyCXm yle__article__strong\">David van Weel<\/strong> on tehnyt asiaa koskevan p\u00e4\u00e4t\u00f6ksen 4. lokakuuta.<\/p>\n<p class=\"aw-1gybjub aw-1p7kakr ghpEtB jtovHP yle__article__paragraph\">\u2013 Vallitsevissa oloissa ei t\u00e4ll\u00e4 hetkell\u00e4 ole syyt\u00e4 aloittaa osien vienti\u00e4 Israeliin uudelleen, Hollannin hallituksen lausunnossa todetaan.<\/p>\n<p><img decoding=\"async\" alt=\"Ryhm\u00e4 ihmisi\u00e4 pukeutuneina punaiseen osallistuu mielenosoitukseen, jossa on esill\u00e4 Palestiinan lippuja ja kylttej\u00e4, kuten &quot;Trump niet welkom&quot; ja &quot;Stop the genocide.&quot;\" src=\"https:\/\/www.europesays.com\/fi\/wp-content\/uploads\/2025\/11\/39-1481464684ebc87ac23e.jpeg\" loading=\"lazy\" class=\"aw-1l9m598 hKVVvP\"\/><\/p>\n<p>Avaa kuvien katselu<\/p>\n<p>Mielenosoitus Hollannissa vaatii Gazan tapahtumien vuoksi maan hallitukselta Israelin vastaisia toimia. Kansalaisj\u00e4rjest\u00f6jen organisoima mielenosoitus j\u00e4rjestettiin kes\u00e4kuussa 2025. Kuva: Koen Van Weel \/ EPA<\/p>\n<p class=\"aw-1gybjub aw-1p7kakr ghpEtB jtovHP yle__article__paragraph\">Suomessakin jouduttaneen l\u00e4hitulevaisuudessa p\u00e4hk\u00e4ilem\u00e4\u00e4n samaa asiaa, sill\u00e4 F-35:n osia ryhdyt\u00e4\u00e4n ensi vuoden alussa valmistamaan my\u00f6s t\u00e4\u00e4ll\u00e4.<\/p>\n<p>Hollannissa taustalla pitk\u00e4 oikeusprosessi<\/p>\n<p class=\"aw-1gybjub aw-1p7kakr ghpEtB jtovHP yle__article__paragraph\">Van Weel p\u00e4\u00e4tyi ratkaisuunsa sen j\u00e4lkeen, kun maan korkein oikeus oli m\u00e4\u00e4r\u00e4nnyt h\u00e4net tekem\u00e4\u00e4n uuden arvion, onko varaosien vienti Israeliin Hollannin kansainv\u00e4listen velvoitteiden \u2013 kansainv\u00e4listen asekauppasopimusten ja EU-s\u00e4\u00e4d\u00f6sten \u2013 mukaista. S\u00e4\u00e4d\u00f6kset kielt\u00e4v\u00e4t viennin, jos on olemassa selv\u00e4 riski vakavista kansainv\u00e4lisen oikeuden rikkomuksista.<\/p>\n<p class=\"aw-1gybjub aw-1p7kakr ghpEtB jtovHP yle__article__paragraph\">Helmikuussa 2024 alempi oikeusaste oli p\u00e4\u00e4tynyt Hollannissa ratkaisuun, jonka mukaan h\u00e4vitt\u00e4jien osia ei tule vied\u00e4 Israeliin. Korkein oikeus kuitenkin katsoi, ett\u00e4 hallituksen on itse selvitett\u00e4v\u00e4, onko vientiluvan my\u00f6nt\u00e4minen Israeliin maan kansainv\u00e4listen velvoitteiden mukaista.<\/p>\n<p class=\"aw-1gybjub aw-1p7kakr ghpEtB jtovHP yle__article__paragraph\">Kiistassa on kysymys siit\u00e4, voiko Hollanti jatkaa F-35-h\u00e4vitt\u00e4jien osien toimittamista Israelille eurooppalaisesta jakeluvarastosta, joka sijaitsee tulppaanimaassa. Kolme ihmisoikeusj\u00e4rjest\u00f6\u00e4 \u2013 Oxfam Novib, PAX ja The Rights Forum \u2013 vei asian Hollannin oikeuslaitoksen k\u00e4sitelt\u00e4v\u00e4ksi.<\/p>\n<p class=\"aw-1gybjub aw-1p7kakr ghpEtB jtovHP yle__article__paragraph\">\u2013 Ottaen huomioon menossa olevan Gazan kansanmurhan on kristallinkirkasta, ett\u00e4 F-35:n osien viennin Israeliin t\u00e4ytyy pysy\u00e4 kiellettyn\u00e4, j\u00e4rjest\u00f6t kommentoivat Hollannin korkeimman oikeuden ratkaisua julkilausumassaan.<\/p>\n<p>F-35 mukana Gazan pommituksissa<\/p>\n<p class=\"aw-1gybjub aw-1p7kakr ghpEtB jtovHP yle__article__paragraph\">Suomi solmi Yhdysvaltojen kanssa kaupat yhteens\u00e4 64 F-35-h\u00e4vitt\u00e4j\u00e4st\u00e4 vuonna 2021. Kauppahinta oli 10 miljardia euroa.<\/p>\n<p><img decoding=\"async\" alt=\"F 35 alhaata kuvattuna Volkelin lentotukikohdassa Hollannissa.\" src=\"https:\/\/www.europesays.com\/fi\/wp-content\/uploads\/2025\/11\/39-154205268f8b67f11327.jpeg\" loading=\"lazy\" class=\"aw-1l9m598 hKVVvP\"\/><\/p>\n<p>Avaa kuvien katselu<\/p>\n<p>F-35-monitoimih\u00e4vitt\u00e4j\u00e4 Naton ydinpeloteharjoituksessa Volkelin lentotukikohdassa Alankomaissa 21.lokakuuta 2025.  Kuva: Jorma Vihtonen \/ Yle<\/p>\n<p class=\"aw-1gybjub aw-1p7kakr ghpEtB jtovHP yle__article__paragraph\">Suomi on rakentanut Hornet-h\u00e4vitt\u00e4jien hankintap\u00e4\u00e4t\u00f6ksest\u00e4 alkaen \u2013 eli yli 30 vuotta \u2013 aseellista erityissuhdetta Yhdysvaltoihin. Koko Suomen h\u00e4vitt\u00e4j\u00e4puolustus perustuu amerikkalaisiin koneisiin ja aseisiin.<\/p>\n<p class=\"aw-1gybjub aw-1p7kakr ghpEtB jtovHP yle__article__paragraph\">Maailman suurimman aseteollisuuskonsernin, yhdysvaltalaisen Lockheed Martinin valmistama F-35 on maailman kehittynein pitk\u00e4n k\u00e4ytt\u00f6s\u00e4teen h\u00e4iveh\u00e4vitt\u00e4j\u00e4. Sit\u00e4 on vaikeaa havaita tutkassa.<\/p>\n<p class=\"aw-1gybjub aw-1p7kakr ghpEtB jtovHP yle__article__paragraph\">Israel on k\u00e4ytt\u00e4nyt Lockheed Martinin valmistamia aseita Gazaan tekemiss\u00e4\u00e4n iskuissa. T\u00e4st\u00e4 kertoo muun muassa YK:n erityisraportoijan <strong class=\"aw-ak79eh KyCXm yle__article__strong\">Francesca Albanesen<\/strong> raportti viime kes\u00e4lt\u00e4.<\/p>\n<p class=\"aw-1gybjub aw-1p7kakr ghpEtB jtovHP yle__article__paragraph\">\u2013 Vuoden 2023 lokakuun j\u00e4lkeen F-35 ja F-16-h\u00e4vitt\u00e4j\u00e4t ovat olleet erottamaton osa Israelin varustamisessa ennenn\u00e4kem\u00e4tt\u00f6m\u00e4ll\u00e4 ilmasodank\u00e4ynnin iskukyvyll\u00e4, joka on mahdollistanut 85\u00a0000 tonnin pommilastin valtaosin umpim\u00e4hk\u00e4isen pudottamisen Gazan tuhoamiseksi ja 179\u00a0411 palestiinalaisen tappamiseksi tai vahingoittamiseksi.<\/p>\n<p><img decoding=\"async\" alt=\"H\u00e4vitt\u00e4j\u00e4 kuvattu taivasta vasten.\" src=\"https:\/\/www.europesays.com\/fi\/wp-content\/uploads\/2025\/08\/39-151139368a9c24cb48b6.jpeg\" loading=\"lazy\" class=\"aw-1l9m598 hKVVvP\"\/><\/p>\n<p>Avaa kuvien katselu<\/p>\n<p>Israelin armeijan F-35-h\u00e4vitt\u00e4j\u00e4 etel\u00e4isen Israelin taivaalla kes\u00e4kuussa 2023. Kuva: Abir Sultan \/ AOP<\/p>\n<p class=\"aw-1gybjub aw-1p7kakr ghpEtB jtovHP yle__article__paragraph\">Ainakin yhdess\u00e4 tapauksessa on pystytty yksil\u00f6im\u00e4\u00e4n, ett\u00e4 F-35-h\u00e4vitt\u00e4j\u00e4\u00e4 k\u00e4ytettiin iskussa, joka kohdistui erityisesti siviiliv\u00e4est\u00f6\u00f6n.<\/p>\n<p>Suomi ryhtyy pian valmistamaan F-35:n osia<\/p>\n<p class=\"aw-1gybjub aw-1p7kakr ghpEtB jtovHP yle__article__paragraph\">F-35:ss\u00e4 on useita keskeisi\u00e4 Euroopassa ja Britanniassa tuotettuja osia ja j\u00e4rjestelmi\u00e4. Ilman niit\u00e4 superh\u00e4vitt\u00e4j\u00e4 ei kohoa siivilleen.<\/p>\n<p class=\"aw-1gybjub aw-1p7kakr ghpEtB jtovHP yle__article__paragraph\">Puolustus- ja teknologiayhti\u00f6 Patria aloittaa F-35-h\u00e4vitt\u00e4j\u00e4n osien valmistuksen Suomessa jo muutaman kuukauden p\u00e4\u00e4st\u00e4 vuoden 2026 alussa. Kyse on taistelulentokoneen eturunkojen ja laskutelineluukkujen tuotannosta. Osia aiotaan Suomessa tehd\u00e4 kaikkiaan 400 kappaletta vuosina 2026\u20132040.<\/p>\n<p class=\"aw-1gybjub aw-1p7kakr ghpEtB jtovHP yle__article__paragraph\">Tampereen yliopiston Rauhan- ja konfliktintutkimuskeskuksen v\u00e4it\u00f6skirjatutkija <strong class=\"aw-ak79eh KyCXm yle__article__strong\">Kari Paasonen<\/strong> huomauttaa, ett\u00e4 kyse on L\u00e4hi-it\u00e4\u00e4 ajatellen hyvin pitk\u00e4st\u00e4 ajanjaksosta.<\/p>\n<p class=\"aw-1gybjub aw-1p7kakr ghpEtB jtovHP yle__article__paragraph\">\u2013 Vaikka tilanne Israelissa ja Palestiinassa nyt rauhoittuisi, j\u00e4nnitteet voivat yli vuosikymmenen aikana leimahtaa uudelleen sodaksi, mik\u00e4li konfliktin varsinaisia syit\u00e4 ei ratkaista. Moderneihin asej\u00e4rjestelmiin sitoudutaan vuosikymmeniksi.<\/p>\n<p><img decoding=\"async\" alt=\"-\" src=\"https:\/\/www.europesays.com\/fi\/wp-content\/uploads\/2025\/11\/39-145154067fe1ab5d0fb7.jpeg\" loading=\"lazy\" class=\"aw-1l9m598 hKVVvP\"\/><\/p>\n<p>Avaa kuvien katselu<\/p>\n<p>Asekauppaan perehtynyt Kari Paasonen valmistelee v\u00e4it\u00f6skirjaa Tampereen yliopiston Rauhan- ja konfliktintutkimuskeskuksessa TAPRI:ssa. Kuva: Mikko Koski \/ Yle<\/p>\n<p class=\"aw-1gybjub aw-1p7kakr ghpEtB jtovHP yle__article__paragraph\">Suurin osa Suomessa kootuista osista menee muiden maiden F-35-h\u00e4vitt\u00e4jiin.<\/p>\n<p>Suomea koskevat samat velvoitteet kuin Hollantia<\/p>\n<p class=\"aw-1gybjub aw-1p7kakr ghpEtB jtovHP yle__article__paragraph\">Paasonen uumoilee, ett\u00e4 Suomi voi jatkossa Hollannin tapaan joutua pohtimaan, voiko se vied\u00e4 F-35-h\u00e4vitt\u00e4j\u00e4n osia Israeliin.<\/p>\n<p class=\"aw-1gybjub aw-1p7kakr ghpEtB jtovHP yle__article__paragraph\">Paasosen mukaan EU-maat ovat sitoutuneet samoihin asekauppaa koskeviin sopimuksiin, joten my\u00f6s muissa EU-maissa pit\u00e4isi p\u00e4\u00e4ty\u00e4 lopputuloksiin, jotka ovat yhdenmukaisia Hollannin ratkaisun kanssa.<\/p>\n<p class=\"aw-1gybjub aw-1p7kakr ghpEtB jtovHP yle__article__paragraph\">\u2013 Jos Suomessa olisi ollut identtinen vientilupahakemus k\u00e4sitelt\u00e4v\u00e4n\u00e4 samalla hetkell\u00e4, kuin mit\u00e4 Hollannissa on ollut, niin kyll\u00e4 Suomenkin silloin olisi pit\u00e4nyt p\u00e4\u00e4ty\u00e4 samaan ratkaisuun, ett\u00e4 lupaa ei voida my\u00f6nt\u00e4\u00e4. Eli samat kansainv\u00e4liset velvoitteet koskevat molempia EU-maita, ja jos niiden perusteella lupaa ei voida my\u00f6nt\u00e4\u00e4 yhdess\u00e4 maassa, ei identtist\u00e4 lupahakemusta pit\u00e4isi voida hyv\u00e4ksy\u00e4 toisessakaan maassa.<\/p>\n<p class=\"aw-1gybjub aw-1p7kakr ghpEtB jtovHP yle__article__paragraph\">Paasonen on tutkinut kansainv\u00e4list\u00e4 asekauppaa ja paneutunut nimenomaan Suomen ja Israelin v\u00e4liseen asekauppaan.<\/p>\n<p>Kaksi yhdysvaltalaista F-35-h\u00e4vitt\u00e4j\u00e4\u00e4 ensi kertaa Suomen maaper\u00e4ll\u00e4 ja ilmatilassa. Elet\u00e4\u00e4n kes\u00e4kuuta 2019 ja koneet ovat saapumassa Suomen Ilmailuliiton 100-vuotislenton\u00e4yt\u00f6kseen Turkuun.<\/p>\n<p class=\"aw-1gybjub aw-1p7kakr ghpEtB jtovHP yle__article__paragraph\">Vientilupa my\u00f6nnet\u00e4\u00e4n, jos se on Suomen ulko- ja turvallisuuspolitiikan mukaista. P\u00e4\u00e4t\u00f6ksen tekee joko puolustusministeri tai valtioneuvoston yleisistunto.<\/p>\n<p class=\"aw-1gybjub aw-1p7kakr ghpEtB jtovHP yle__article__paragraph\">K\u00e4yt\u00e4nn\u00f6ss\u00e4 vain aniharvoin, jos koskaan, kahdessa EU-maassa viranomaiset k\u00e4sittelev\u00e4t samaan aikaan samansis\u00e4lt\u00f6isi\u00e4 vientilupahakemuksia. Viet\u00e4v\u00e4 sotatuote, sen vastaanottaja maan sis\u00e4ll\u00e4 ja maan senhetkinen tilanne ovat oleellisia seikkoja, kun luvan my\u00f6nt\u00e4misest\u00e4 p\u00e4\u00e4tet\u00e4\u00e4n, Paasonen taustoittaa.<\/p>\n<p class=\"aw-1gybjub aw-1p7kakr ghpEtB jtovHP yle__article__paragraph\">\u2013 Jos Suomen tilannetta F-35-h\u00e4vitt\u00e4jien osien suhteen vertaa Hollannin tilanteeseen, niin olennaista on se, mik\u00e4 Gazan sodan tilanne on silloin, kun vientilupaa k\u00e4sitell\u00e4\u00e4n Suomessa. Jos tulitauko pett\u00e4\u00e4 ja sota jatkuu aiempaan tapaan, luvan my\u00f6nt\u00e4minen sellaisessa tilanteessa rinnastuisi asetelmaan, jossa Hollannin p\u00e4\u00e4t\u00f6s on tehty.<\/p>\n<p><img decoding=\"async\" alt=\"Syksyisten kellastuneiden puunlehtien takaa n\u00e4kyy keltainen rakennus.\" src=\"https:\/\/www.europesays.com\/fi\/wp-content\/uploads\/2025\/11\/39-1363953670e3409ac210.jpeg\" loading=\"lazy\" class=\"aw-1l9m598 hKVVvP\"\/><\/p>\n<p>Avaa kuvien katselu<\/p>\n<p>Syksyisten puunlehtien takaa n\u00e4kyy vuonna 1822 valmistunut Suomen puolustusministeri\u00f6n p\u00e4\u00e4rakennus. Se sijaitsee Helsingin Kaartinkaupungissa Kasarmitorin etel\u00e4isell\u00e4 laidalla. Kuva: Mimmi Nietula \/ Yle<\/p>\n<p class=\"aw-1gybjub aw-1p7kakr ghpEtB jtovHP yle__article__paragraph\">Suomen puolustushallinnossa on seurattu Hollannin oikeusprosessia. Puolustusministeri\u00f6n mukaan kyse on ennen muuta maan sis\u00e4isest\u00e4 asiasta.<\/p>\n<p class=\"aw-1gybjub aw-1p7kakr ghpEtB jtovHP yle__article__paragraph\">\u2013 Puolustustarvikkeiden vientilupaharkinta perustuu tapauskohtaiseen kokonaisharkintaan, joka pohjaa Suomen kansalliseen lakiin ja Suomen kansainv\u00e4lisiin vientivalvontaa koskeviin velvoitteisiin. Tarvittaessa konsultoidaan my\u00f6s muita EU-maita, kertoo neuvotteleva virkamies <strong class=\"aw-ak79eh KyCXm yle__article__strong\">Riikka Pitk\u00e4nen<\/strong> s\u00e4hk\u00f6postitse Ylelle.<\/p>\n<p class=\"aw-1gybjub aw-1p7kakr ghpEtB jtovHP yle__article__paragraph\">\u2013 Lupakohtaiset p\u00e4\u00e4t\u00f6kset ovat j\u00e4senmaiden toimivallassa.<\/p>\n<p class=\"aw-1gybjub aw-1p7kakr ghpEtB jtovHP yle__article__paragraph\">Pitk\u00e4nen ty\u00f6skentelee puolustusministeri\u00f6n resurssipoliittisella osastolla, joka vastaa muun muassa puolustustarvikkeiden vientivalvonnasta.<\/p>\n<p>Asekaupan asiantuntija: \u201dKansainv\u00e4lisi\u00e4 velvoitteita noudatettava\u201d<\/p>\n<p class=\"aw-1gybjub aw-1p7kakr ghpEtB jtovHP yle__article__paragraph\">Paasonen huomauttaa, ett\u00e4 ministeri\u00f6n kommenteissa kansallisen p\u00e4\u00e4t\u00f6ksenteon ja kansainv\u00e4listen velvoitteiden suhde j\u00e4\u00e4 ep\u00e4selv\u00e4ksi. Muotoilusta saattaa saada k\u00e4sityksen, ett\u00e4 Suomi voi vapaasti ja itsen\u00e4isesti p\u00e4\u00e4tt\u00e4\u00e4, my\u00f6nt\u00e4\u00e4k\u00f6 Suomi vientiluvan.<\/p>\n<p class=\"aw-1gybjub aw-1p7kakr ghpEtB jtovHP yle__article__paragraph\">\u2013 Ja n\u00e4inh\u00e4n asia ei ole. Mik\u00e4li Euroopan unionin yhteisen kannan kriteerien tai asekauppasopimuksen mukaan vientilupaa ei voida my\u00f6nt\u00e4\u00e4, Suomella ei silloin ole oikeutta sit\u00e4 antaa. Kokonaisharkinnan lopputuloksena ei voida p\u00e4\u00e4ty\u00e4 ratkaisuun, joka on Suomen kansainv\u00e4listen velvoitteiden vastainen.<\/p>\n<p class=\"aw-1gybjub aw-1p7kakr ghpEtB jtovHP yle__article__paragraph\">EU:n yhteinen kanta on unionin j\u00e4senvaltioiden yhteinen n\u00e4kemys johonkin kansainv\u00e4liseen tai sis\u00e4iseen kysymykseen, joka muotoillaan ja hyv\u00e4ksyt\u00e4\u00e4n EU:n toimielimiss\u00e4.<\/p>\n<p><img decoding=\"async\" alt=\"T\u00e4ll\u00e4 hetkell\u00e4 Viron ilmavalvonnasta vastaavat Hollannin kuninkaallisten ilmavoimien F-35 -h\u00e4vitt\u00e4j\u00e4t.\" src=\"https:\/\/www.europesays.com\/fi\/wp-content\/uploads\/2025\/09\/39-142506767b7334e2123a.jpeg\" loading=\"lazy\" class=\"aw-1l9m598 hKVVvP\"\/><\/p>\n<p>Avaa kuvien katselu<\/p>\n<p>Alankomaiden kuninkaallisten ilmavoimien F-35-h\u00e4vitt\u00e4ji\u00e4 \u00c4marin lentotukikohdassa Virossa marraskuussa 2024. Kuva: Jan Dijkstra \/ Viron puolustusministeri\u00f6<\/p>\n<p class=\"aw-1gybjub aw-1p7kakr ghpEtB jtovHP yle__article__paragraph\">Milloin F-35-h\u00e4vitt\u00e4j\u00e4n osien vientilupa-asiaa on Israelin osalta tarkoitus Suomen p\u00e4\u00e4tt\u00e4viss\u00e4 elimiss\u00e4 k\u00e4sitell\u00e4?<\/p>\n<p class=\"aw-1gybjub aw-1p7kakr ghpEtB jtovHP yle__article__paragraph\">\u2013 Mahdolliset osien toimitukset Suomesta muihin F-35 k\u00e4ytt\u00e4j\u00e4maihin eiv\u00e4t ole t\u00e4ll\u00e4 hetkell\u00e4 ajankohtaisia, Pitk\u00e4nen muotoilee vastauksensa.<\/p>\n<p class=\"aw-1gybjub aw-1p7kakr ghpEtB jtovHP yle__article__paragraph\">Puolustusministeri\u00f6n p\u00e4\u00e4t\u00f6ksenteossa painaa aina my\u00f6s kotimaisen aseteollisuuden tukeminen.<\/p>\n<p>Oikeuskanslerin linjaukset taustalla<\/p>\n<p class=\"aw-1gybjub aw-1p7kakr ghpEtB jtovHP yle__article__paragraph\">Paasonen muistuttaa entisen oikeuskanslerin, <strong class=\"aw-ak79eh KyCXm yle__article__strong\">Tuomas P\u00f6ystin<\/strong> p\u00e4\u00e4t\u00f6ksest\u00e4, joka koski Arabiemiraatteihin Suomesta viet\u00e4vi\u00e4 panssaroituja miehist\u00f6nkuljetusajoneuvoja.<\/p>\n<p class=\"aw-1gybjub aw-1p7kakr ghpEtB jtovHP yle__article__paragraph\">Oikeuskanslerinvirastolle tehdyss\u00e4 kantelussa oli arvosteltu valtioneuvoston ratkaisuja my\u00f6nt\u00e4\u00e4 uusia vientilupia Patrialle, koska Arabiemiraatit taisteli Jemeniss\u00e4 osana Saudi-Arabian johtamaa liittoumaa, joka oli hy\u00f6k\u00e4nnyt siviilikohteisiin ja tehnyt sotarikoksia, jotka YK:n kansainv\u00e4lisess\u00e4 asekauppasopimuksessa todetaan viennin esteiksi.<\/p>\n<p><img decoding=\"async\" alt=\"Tuomas P\u00f6ysti pimenev\u00e4ss\u00e4 illassa Senaatintorilla. Tuomas on pukeutunut tummansiniseen pukuun. Vaaleansinisen kauluspaudan parina on punainanen kravatti ja rintataskusta pilkist\u00e4\u00e4 punaisilla ympyr\u00f6ill\u00e4 koristeltu valkonen liina.\" src=\"https:\/\/www.europesays.com\/fi\/wp-content\/uploads\/2025\/11\/39-7419505faea535c6ea4.jpeg\" loading=\"lazy\" class=\"aw-1l9m598 hKVVvP\"\/><\/p>\n<p>Avaa kuvien katselu<\/p>\n<p>Suomen oikeuskansleri Tuomas P\u00f6ysti pimenev\u00e4ss\u00e4 illassa Helsingin Senaatintorilla. Kuva on otettu marraskuussa 2020. Kuva: Retu Liikanen \/ Yle<\/p>\n<p class=\"aw-1gybjub aw-1p7kakr ghpEtB jtovHP yle__article__paragraph\">\u2013 YK:n asekauppasopimus on Suomea velvoittavaa kansainv\u00e4list\u00e4 oikeutta. Se on siten l\u00e4ht\u00f6kohtana kansallisen lain rinnalla vientilupia harkittaessa. EU:n yhteinen kanta velvoittaa Suomen viranomaisia oikeudellisesti ja varsinkin unionin yhteist\u00e4 politiikkaa koskevana poliittisena sitoumuksena, p\u00e4\u00e4t\u00f6ksess\u00e4 todetaan.<\/p>\n<p class=\"aw-1gybjub aw-1p7kakr ghpEtB jtovHP yle__article__paragraph\">\u2013 Tapauskohtaisessa kokonaisharkinnassa on otettava huomioon EU:n yhteisen kannan mukaiset perusteet kansainv\u00e4listen sitoumusten noudattamisesta, ihmisoikeuksien kunnioittamisesta sek\u00e4 alueellisen rauhan, turvallisuuden ja vakauden s\u00e4ilymisest\u00e4, mutta se sallii my\u00f6s kaupallisten ja teollisten etujen huomioon ottamisen kuitenkin siten, ett\u00e4 ne eiv\u00e4t saa vaikuttaa EU:n yhteisen kannan perusteiden soveltamiseen.<\/p>\n<p>My\u00f6s Tanskassa viritell\u00e4\u00e4n oikeudenk\u00e4ynti\u00e4<\/p>\n<p class=\"aw-1gybjub aw-1p7kakr ghpEtB jtovHP yle__article__paragraph\">F-35-h\u00e4vitt\u00e4ji\u00e4 on Yhdysvaltain lis\u00e4ksi jo parinkymmenen USA:n liittolaismaan k\u00e4yt\u00f6ss\u00e4. Pohjoismaista Norja ja Tanska ovat ostaneet kymmeni\u00e4 F-35-h\u00e4vitt\u00e4ji\u00e4.<\/p>\n<p><img decoding=\"async\" alt=\"F 35 -h\u00e4vitt\u00e4j\u00e4 l\u00e4hd\u00f6ss\u00e4 nousuun Evenesin lentotukikohdassa Norjassa Nordic Response -harjoituksen yhteydess\u00e4. Taustalla n\u00e4kyv\u00e4t lumihuippuiset vuoret.\" src=\"https:\/\/www.europesays.com\/fi\/wp-content\/uploads\/2025\/11\/39-125622765ef1a1bbdd59.jpeg\" loading=\"lazy\" class=\"aw-1l9m598 hKVVvP\"\/><\/p>\n<p>Avaa kuvien katselu<\/p>\n<p>F-35-h\u00e4vitt\u00e4j\u00e4 l\u00e4hd\u00f6ss\u00e4 nousuun Evenesin lentotukikohdassa Norjassa Nordic Response -harjoituksen yhteydess\u00e4. Kuva on otettu maaliskuussa 2024. Kuva: Annu Passoja \/ Yle<\/p>\n<p class=\"aw-1gybjub aw-1p7kakr ghpEtB jtovHP yle__article__paragraph\">EU-maista my\u00f6s Tanskassa F-35-osien toimitukset voivat johtaa oikeustoimiin, Paasonen kertoo.<\/p>\n<p class=\"aw-1gybjub aw-1p7kakr ghpEtB jtovHP yle__article__paragraph\">\u2013 Tanskassa nelj\u00e4 ihmisoikeusj\u00e4rjest\u00f6\u00e4 yritti vied\u00e4 asian tuomioistuimen k\u00e4sittelyyn. Oikeus kuitenkin katsoi, ettei j\u00e4rjest\u00f6ill\u00e4 ole t\u00e4ss\u00e4 kysymyksess\u00e4 oikeutta olla asianomistajina. Nyt samat organisaatiot vetoavat maan ylimp\u00e4\u00e4n oikeusasteeseen, jotta se ottaisi tapauksen agendalleen.<\/p>\n<p class=\"aw-1gybjub aw-1p7kakr ghpEtB jtovHP yle__article__paragraph\">Euroopan maat ja Kanada ovat tilanneet Yhdysvalloilta satoja F-35-koneita. Ensimm\u00e4iset Suomelle varatut monitoimih\u00e4vitt\u00e4j\u00e4t saapuvat Rovaniemelle Lapin lennostoon vuoden 2026 j\u00e4lkipuoliskolla.<\/p>\n","protected":false},"excerpt":{"rendered":"Gazan aselepo rakoilee pahoin, kun sek\u00e4 Israel ett\u00e4 Hamas testaavat tulitauon rajoja. Sodan osapuolet surmaavat edelleen miltei p\u00e4ivitt\u00e4in&hellip;\n","protected":false},"author":2,"featured_media":80511,"comment_status":"","ping_status":"","sticky":false,"template":"","format":"standard","meta":{"footnotes":""},"categories":[14],"tags":[22,23,16229,26,27,33,31,30,505,17,5604,24,25,782,28,29,15,18,21,637,2535,4097,32,19,20,2534,56,16,59,60,61],"class_list":{"0":"post-80510","1":"post","2":"type-post","3":"status-publish","4":"format-standard","5":"has-post-thumbnail","7":"category-ulkomaat","8":"tag-breaking-news","9":"tag-breakingnews","10":"tag-f-35-havittaja","11":"tag-featured-news","12":"tag-featurednews","13":"tag-fi","14":"tag-finland","15":"tag-finnish","16":"tag-gazan-sota","17":"tag-headlines","18":"tag-hollanti","19":"tag-latest-news","20":"tag-latestnews","21":"tag-maanpuolustus","22":"tag-main-news","23":"tag-mainnews","24":"tag-news","25":"tag-otsikot","26":"tag-paauutiset","27":"tag-politiikka","28":"tag-puolustuspolitiikka","29":"tag-puolustusvoimat","30":"tag-suomi","31":"tag-top-stories","32":"tag-topstories","33":"tag-turvallisuuspolitiikka","34":"tag-ulkomaat","35":"tag-uutiset","36":"tag-world","37":"tag-world-news","38":"tag-worldnews"},"share_on_mastodon":{"url":"","error":"Validation failed: Text character limit of 500 exceeded"},"_links":{"self":[{"href":"https:\/\/www.europesays.com\/fi\/wp-json\/wp\/v2\/posts\/80510","targetHints":{"allow":["GET"]}}],"collection":[{"href":"https:\/\/www.europesays.com\/fi\/wp-json\/wp\/v2\/posts"}],"about":[{"href":"https:\/\/www.europesays.com\/fi\/wp-json\/wp\/v2\/types\/post"}],"author":[{"embeddable":true,"href":"https:\/\/www.europesays.com\/fi\/wp-json\/wp\/v2\/users\/2"}],"replies":[{"embeddable":true,"href":"https:\/\/www.europesays.com\/fi\/wp-json\/wp\/v2\/comments?post=80510"}],"version-history":[{"count":0,"href":"https:\/\/www.europesays.com\/fi\/wp-json\/wp\/v2\/posts\/80510\/revisions"}],"wp:featuredmedia":[{"embeddable":true,"href":"https:\/\/www.europesays.com\/fi\/wp-json\/wp\/v2\/media\/80511"}],"wp:attachment":[{"href":"https:\/\/www.europesays.com\/fi\/wp-json\/wp\/v2\/media?parent=80510"}],"wp:term":[{"taxonomy":"category","embeddable":true,"href":"https:\/\/www.europesays.com\/fi\/wp-json\/wp\/v2\/categories?post=80510"},{"taxonomy":"post_tag","embeddable":true,"href":"https:\/\/www.europesays.com\/fi\/wp-json\/wp\/v2\/tags?post=80510"}],"curies":[{"name":"wp","href":"https:\/\/api.w.org\/{rel}","templated":true}]}}