{"id":80516,"date":"2025-11-04T05:40:19","date_gmt":"2025-11-04T05:40:19","guid":{"rendered":"https:\/\/www.europesays.com\/fi\/80516\/"},"modified":"2025-11-04T05:40:19","modified_gmt":"2025-11-04T05:40:19","slug":"rahoitushaku-luonnon-terveyshyodyt-osaksi-suomalaisten-arkea","status":"publish","type":"post","link":"https:\/\/www.europesays.com\/fi\/80516\/","title":{"rendered":"Rahoitushaku: Luonnon terveyshy\u00f6dyt osaksi suomalaisten arkea"},"content":{"rendered":"<p>Rahoituksen hakeminen<\/p>\n<p>Kuka voi hakea?<\/p>\n<p>Hakijan on oltava kotimainen oikeushenkil\u00f6 eli rekister\u00f6ity organisaatio, jolla on y-tunnus.\u00a0Rahoitusta voivat hakea julkisen hallinnon toimijat, j\u00e4rjest\u00f6t, yhdistykset, yritykset, oppilaitokset ja tutkimuslaitokset.<\/p>\n<p>Edell\u00e4 kuvatut organisaatiot voivat hakea rahoitusta my\u00f6s yhdess\u00e4 (konsortio), mutta t\u00e4ll\u00f6in Sitra tekee erillisen rahoitusp\u00e4\u00e4t\u00f6ksen ja rahoitussopimuksen kunkin rahoitusta hakevan organisaation kanssa.<\/p>\n<p>Yksityishenkil\u00f6t eiv\u00e4t voi osallistua rahoitushakuun.<\/p>\n<p>Sitran ty\u00f6ntekij\u00e4t eiv\u00e4t voi osallistua rahoituksenhakijana, eik\u00e4 rahoitettavien hankkeiden toteutukseen osallistuvina tahoina.<\/p>\n<p>Sitra noudattaa rahoitusta my\u00f6nt\u00e4ess\u00e4\u00e4n EU:n valtiontukis\u00e4\u00e4nt\u00f6j\u00e4. Mik\u00e4li hakija harjoittaa taloudellista toimintaa, rahoitus my\u00f6nnet\u00e4\u00e4n EU:n de minimis -asetuksen tarkoittamana v\u00e4h\u00e4merkityksellisen\u00e4 tukena. Hakijan on oltava kelpoinen vastaanottamaan rahoitus kyseisess\u00e4 tukimuodossa. Mik\u00e4li hakija ei ole kelpoinen vastaanottamaan de minimis -rahoitusta, on se peruste koko hankkeen hylk\u00e4\u00e4miselle. Sitran pyynn\u00f6st\u00e4 hakijan tulee antaa erillinen de minimis -ilmoitus.<\/p>\n<p>Taloudellisella toiminnalla tarkoitetaan toimintaa, jossa tavaroita tai palveluja tarjotaan markkinoilla. Taloudellisen toiminnan harjoittajan oikeudellinen muoto tai rahoitustapa ei ole ratkaiseva taloudellisen toiminnan harjoittamisen m\u00e4\u00e4rittelemisess\u00e4. Ei-taloudellista toimintaa harjoittaville rahoituksen hakijoille rahoitus voidaan my\u00f6nt\u00e4\u00e4 ns. tavallisena hankerahoituksena.<\/p>\n<p>Sitralla on oikeus sulkea haun ulkopuolelle organisaatio, joka rikkoo haun s\u00e4\u00e4nt\u00f6j\u00e4 tai voimassa olevia lakeja tai on muutoin perustellusti sopimaton osallistumaan hakuun.<\/p>\n<p>Hakija voi j\u00e4tt\u00e4\u00e4 useamman hakemuksen.<\/p>\n<p>Hakuehtoja on muutettu 25.4.2025 silt\u00e4 osin, ett\u00e4 hakija voi j\u00e4tt\u00e4\u00e4 useamman hakemuksen.<\/p>\n<p>Miten ja miss\u00e4 voi hakea?<\/p>\n<p>Rahoitusta haetaan t\u00e4ytt\u00e4m\u00e4ll\u00e4 ja l\u00e4hett\u00e4m\u00e4ll\u00e4\u202fhakulomake Sitran\u00a0<a href=\"https:\/\/asiointi.sitra.fi\/Hakemukset\/Hakemus\/?id=572981d7-d315-f011-998a-6045bd870143\" target=\"_blank\" rel=\"noreferrer noopener nofollow\">s\u00e4hk\u00f6isess\u00e4 asiointipalvelussa<\/a>. Hakija sy\u00f6tt\u00e4\u00e4 tiedot hakulomakkeelle. Lis\u00e4ksi s\u00e4hk\u00f6iseen asiointipalveluun ladataan hankesuunnitelma ja mahdolliset muut liitteet. Hankesuunnitelmassa noudatetaan Sitran hankesuunnitelman mallipohjaa. Huomioimme rahoitushaussa vain s\u00e4hk\u00f6isen asiointipalvelun kautta j\u00e4tetyt hakemukset.<\/p>\n<p>Hakemus liitteineen tulee tehd\u00e4 suomeksi.\u00a0<\/p>\n<p><strong>Hakemukset tulee j\u00e4tt\u00e4\u00e4 viimeist\u00e4\u00e4n 21.5.2025 klo\u00a012.00.\u00a0<\/strong><\/p>\n<p>Hakija saa t\u00e4ydent\u00e4\u00e4 hakemustaan ennen hakuajan p\u00e4\u00e4ttymist\u00e4 niin kauan kuin hakemus on tallennettu s\u00e4hk\u00f6iselle alustalle luonnoksena. Kun hakulomake on l\u00e4hetty, sit\u00e4 ei voi en\u00e4\u00e4 muokata.\u202f\u00a0<\/p>\n<p>Jos haet rahoitusta yhdess\u00e4 muiden hakijoiden kanssa (konsortio), kukin hakija t\u00e4ytt\u00e4\u00e4 kustannusraportointilomakkeen omalta osaltaan. P\u00e4\u00e4hakija lataa kustannusraportointilomakkeet asiointipalveluun tekem\u00e4ns\u00e4 yhteishakemuksen liitteiksi. Mik\u00e4li haet rahoitusta vain yhdelle organisaatiolle, t\u00e4yt\u00e4 kustannusraportoinnin tiedot suoraan asiointipalveluun.\u00a0<\/p>\n<p>Sitraa sitoo julkisuuslaki. Sitralle toimitetut asiakirjat ovat l\u00e4ht\u00f6kohtaisesti julkisia, ellei niihin voida soveltaa julkisuuslain salassapitoa koskevia s\u00e4\u00e4nn\u00f6ksi\u00e4. Hakijaa pyydet\u00e4\u00e4n huomioimaan julkisuusperiaate ja merkitsem\u00e4\u00e4n esimerkiksi liikesalaisuuksiksi katsomansa tiedot salassa pidett\u00e4viksi. Julkisuuslain mukaan p\u00e4\u00e4t\u00f6ksen asiakirjojen julkisuudesta tekee kuitenkin viime k\u00e4dess\u00e4 Sitra.\u00a0<\/p>\n<p>Sitralla on oikeus jatkaa hakuaikaa tai tehd\u00e4 muita v\u00e4h\u00e4isi\u00e4 muutoksia haun ehtoihin. Sitralla on my\u00f6s oikeus keskeytt\u00e4\u00e4 haku, jos olosuhteet tai haun avaamisen hetkell\u00e4 vallinneet edellytykset ovat siin\u00e4 m\u00e4\u00e4rin muuttuneet, ett\u00e4 haun loppuun saattaminen ei Sitran arvion mukaan ole mahdollista tai tarkoituksenmukaista. Muutoksista ilmoitetaan sitra.fi-sivustolla.\u202f<\/p>\n<p>Mist\u00e4 saa lis\u00e4tietoa?<\/p>\n<p>J\u00e4rjestimme kiinnostuneille hakijoille kaksi infotilaisuutta rahoitushausta Teamsissa 22.4.2025 klo 15.00\u201316.00 ja 24.4.2025 klo 10.00\u201311.00. Tutustu infotilaisuuksissa esitettyihin\u00a0<a href=\"https:\/\/www.sitra.fi\/wp\/wp-content\/uploads\/2025\/04\/luontoterveys_rahoitushaku_info_julkaistava.pdf\" target=\"_blank\" rel=\"noreferrer noopener nofollow\">kalvoihin<\/a>.<\/p>\n<p>Hakija saa esitt\u00e4\u00e4 kysymyksi\u00e4 rahoitushausta hakuaikana infotilaisuuksissa sek\u00e4\u00a0<a href=\"https:\/\/forms.office.com\/e\/xEN1uPKNWV\" rel=\"nofollow noopener\" target=\"_blank\">verkkolomakkeella<\/a>. Kysymykset tulee esitt\u00e4\u00e4 viimeist\u00e4\u00e4n 28.4.2025 klo 12.00. Pyrimme vastaamaan kiireellisiin kysymyksiin mahdollisimman pian. Kaikki hakuun liittyv\u00e4t kysymykset ja vastaukset julkaistaan sitra.fi:ss\u00e4 viimeist\u00e4\u00e4n 5.5.2025.<\/p>\n<p><strong>Tutustu\u00a0<a href=\"https:\/\/www.sitra.fi\/artikkelit\/kysymyksia-ja-vastauksia-rahoitushausta-luonnon-terveyshyodyt-osaksi-arkea\/\" target=\"_blank\" rel=\"noreferrer noopener nofollow\">kysymyksiin ja vastauksiin<\/a>.<br \/><\/strong><br \/>Sitra ei j\u00e4rjest\u00e4 hakijoille hakuneuvontaa esimerkiksi s\u00e4hk\u00f6postitse tai puhelimitse.<\/p>\n<p>Asiointipalveluun liittyviss\u00e4 kysymyksiss\u00e4 teknist\u00e4 tukea saa tarvittaessa l\u00e4hett\u00e4m\u00e4ll\u00e4 s\u00e4hk\u00f6postia\u00a0<a href=\"https:\/\/www.sitra.fi\/rahoitushaku\/rahoitushaku-luonnon-terveyshyodyt-osaksi-suomalaisten-arkea\/mailto:rahoitushaut@sitra.fi\" target=\"_blank\" rel=\"noreferrer noopener nofollow\">rahoitushaut@sitra.fi<\/a>.<\/p>\n<p>Mihin dokumentteihin hakijan kannattaa perehty\u00e4?<\/p>\n<p>Jos t\u00e4m\u00e4n hakuilmoituksen ja yll\u00e4 listattujen asiakirjojen v\u00e4lill\u00e4 on ristiriitaa, yll\u00e4 mainitut asiakirjat saavat etusijan.<\/p>\n<p>Tausta-aineistot<\/p>\n<p>Suosittelemme tutustumaan seuraaviin tausta-aineistoihin:\u00a0<\/p>\n","protected":false},"excerpt":{"rendered":"Rahoituksen hakeminen Kuka voi hakea? Hakijan on oltava kotimainen oikeushenkil\u00f6 eli rekister\u00f6ity organisaatio, jolla on y-tunnus.\u00a0Rahoitusta voivat hakea&hellip;\n","protected":false},"author":2,"featured_media":80496,"comment_status":"","ping_status":"","sticky":false,"template":"","format":"standard","meta":{"footnotes":""},"categories":[117],"tags":[33,31,30,72,476,118,32,119,477],"class_list":{"0":"post-80516","1":"post","2":"type-post","3":"status-publish","4":"format-standard","5":"has-post-thumbnail","7":"category-luonto","8":"tag-fi","9":"tag-finland","10":"tag-finnish","11":"tag-luonto","12":"tag-nature","13":"tag-science","14":"tag-suomi","15":"tag-tiede","16":"tag-wildlife"},"share_on_mastodon":{"url":"https:\/\/pubeurope.com\/@fi\/115489827917167312","error":""},"_links":{"self":[{"href":"https:\/\/www.europesays.com\/fi\/wp-json\/wp\/v2\/posts\/80516","targetHints":{"allow":["GET"]}}],"collection":[{"href":"https:\/\/www.europesays.com\/fi\/wp-json\/wp\/v2\/posts"}],"about":[{"href":"https:\/\/www.europesays.com\/fi\/wp-json\/wp\/v2\/types\/post"}],"author":[{"embeddable":true,"href":"https:\/\/www.europesays.com\/fi\/wp-json\/wp\/v2\/users\/2"}],"replies":[{"embeddable":true,"href":"https:\/\/www.europesays.com\/fi\/wp-json\/wp\/v2\/comments?post=80516"}],"version-history":[{"count":0,"href":"https:\/\/www.europesays.com\/fi\/wp-json\/wp\/v2\/posts\/80516\/revisions"}],"wp:featuredmedia":[{"embeddable":true,"href":"https:\/\/www.europesays.com\/fi\/wp-json\/wp\/v2\/media\/80496"}],"wp:attachment":[{"href":"https:\/\/www.europesays.com\/fi\/wp-json\/wp\/v2\/media?parent=80516"}],"wp:term":[{"taxonomy":"category","embeddable":true,"href":"https:\/\/www.europesays.com\/fi\/wp-json\/wp\/v2\/categories?post=80516"},{"taxonomy":"post_tag","embeddable":true,"href":"https:\/\/www.europesays.com\/fi\/wp-json\/wp\/v2\/tags?post=80516"}],"curies":[{"name":"wp","href":"https:\/\/api.w.org\/{rel}","templated":true}]}}